{"id":13388,"date":"2013-07-22T18:30:57","date_gmt":"2013-07-22T23:30:57","guid":{"rendered":"http:\/\/www.ambiente.gob.ec\/?p=13388"},"modified":"2013-07-23T08:33:34","modified_gmt":"2013-07-23T13:33:34","slug":"mae-participo-en-la-iv-cumbre-internacional-de-eficiencia-energetica","status":"publish","type":"post","link":"https:\/\/www.ambienteyenergia.gob.ec\/ambiente\/mae-participo-en-la-iv-cumbre-internacional-de-eficiencia-energetica\/","title":{"rendered":"MAE particip\u00f3 en la IV Cumbre Internacional de Eficiencia Energ\u00e9tica"},"content":{"rendered":"<p style=\"text-align: justify;\">El Ministerio del Ambiente (MAE), a trav\u00e9s de la Subsecretar\u00eda de Cambio Clim\u00e1tico, particip\u00f3 en el <strong>IV Cumbre Internacional de eficiencia energ\u00e9tica, energ\u00eda renovable y medio ambiente frente al cambio clim\u00e1tico, <\/strong>realizada del 18 al 20 de julio, en el Centro de Exposiciones Quito. La feria present\u00f3 una visi\u00f3n integral de este sector como un factor fundamental para convertir al Ecuador en un pa\u00eds sustentable en materia energ\u00e9tica.<\/p>\n<p style=\"text-align: justify;\">Las diferentes instituciones participantes (gubernamentales y no gubernamentales) como Coca Codo Sinclair, Toyota, Indurama, Sino Hydro y el Ministerio de Electricidad y Energ\u00eda Renovable, expusieron temas como el impacto y soluciones econ\u00f3micas frente al cambio clim\u00e1tico, aprovechamiento eficiente de los recursos naturales del Ecuador, estado y desarrollo de proyectos hidroel\u00e9ctricos y disminuci\u00f3n de combustibles f\u00f3siles, entre otros.<\/p>\n<p style=\"text-align: justify;\">El jueves 18 de julio, por otro lado, se realizaron una serie de conferencias dirigidas a p\u00fablicos especializados en temas de energ\u00eda, como ejecutivos vinculados con el sector energ\u00e9tico, proveedores de equipos, bienes y servicios para empresas relacionadas a energ\u00eda.<\/p>\n<p style=\"text-align: justify;\">El MAE, por su parte, explic\u00f3 su visi\u00f3n sobre \u201cEl cambio clim\u00e1tico en el Ecuador\u201d. Christian Parra, Director Nacional de Adaptaci\u00f3n del MAE, resalt\u00f3 los proyectos en los cuales trabaja esta Cartera de Estado para enfrentar los fen\u00f3menos del cambio clim\u00e1tico, a trav\u00e9s de la implementaci\u00f3n y validaci\u00f3n de medidas y mecanismos de adaptaci\u00f3n y mitigaci\u00f3n, como son el mecanismo de Reducci\u00f3n de Emisiones por Deforestaci\u00f3n y Degradaci\u00f3n de suelo (REDD+) y el proyecto de Fortalecimiento de Capacidades para la Mitigaci\u00f3n (FOCAM).\u00a0 Asimismo, expuso la gesti\u00f3n de la Subsecretar\u00eda de Cambio Clim\u00e1tico en las diferentes provincias por medio de medidas de adaptaci\u00f3n.<\/p>\n<p style=\"text-align: justify;\">Una de las propuestas que se present\u00f3 en el stand del MAE son las Acciones de Mitigaci\u00f3n Nacionalmente Apropiadas (NAMAs por sus siglas en ingl\u00e9s), las cuales constituyen un prometedor instrumento para reducir las emisiones de gases de efecto invernadero, en los pa\u00edses en v\u00edas de desarrollo, como es el caso de Ecuador.<\/p>\n<p style=\"text-align: justify;\">Adem\u00e1s, en el primer d\u00eda del evento se brind\u00f3 un reconocimiento a Sino Hydro, Cervecer\u00eda Nacional, Santos CMI, Empresa El\u00e9ctrica Quito, siendo \u00e9stas\u00a0 parte de las 10 empresas e industrias m\u00e1s responsables en el cuidado del ambiente, utilizaci\u00f3n de la energ\u00eda y por ejecutar acciones para contrarrestar al cambio clim\u00e1tico.<\/p>\n<p style=\"text-align: justify;\">\n","protected":false},"excerpt":{"rendered":"<p class=\"excerpt\">El Ministerio del Ambiente (MAE), a trav\u00e9s de la Subsecretar\u00eda de Cambio Clim\u00e1tico, particip\u00f3 en el IV Cumbre Internacional de eficiencia energ\u00e9tica, energ\u00eda renovable y medio ambiente frente al cambio clim\u00e1tico, realizada del 18 al 20 de julio, en el Centro de Exposiciones Quito. La feria present\u00f3 una visi\u00f3n integral de este sector como un factor fundamental para convertir al&hellip; <a href=\"https:\/\/www.ambienteyenergia.gob.ec\/ambiente\/mae-participo-en-la-iv-cumbre-internacional-de-eficiencia-energetica\/\">Read more &rarr;<\/a><\/p>\n","protected":false},"author":13,"featured_media":13389,"comment_status":"open","ping_status":"open","sticky":false,"template":"","format":"standard","meta":{"footnotes":""},"categories":[16,4],"tags":[],"class_list":["post-13388","post","type-post","status-publish","format-standard","has-post-thumbnail","hentry","category-comunicamos","category-noticias","xfolkentry"],"_links":{"self":[{"href":"https:\/\/www.ambienteyenergia.gob.ec\/ambiente\/wp-json\/wp\/v2\/posts\/13388","targetHints":{"allow":["GET"]}}],"collection":[{"href":"https:\/\/www.ambienteyenergia.gob.ec\/ambiente\/wp-json\/wp\/v2\/posts"}],"about":[{"href":"https:\/\/www.ambienteyenergia.gob.ec\/ambiente\/wp-json\/wp\/v2\/types\/post"}],"author":[{"embeddable":true,"href":"https:\/\/www.ambienteyenergia.gob.ec\/ambiente\/wp-json\/wp\/v2\/users\/13"}],"replies":[{"embeddable":true,"href":"https:\/\/www.ambienteyenergia.gob.ec\/ambiente\/wp-json\/wp\/v2\/comments?post=13388"}],"version-history":[{"count":0,"href":"https:\/\/www.ambienteyenergia.gob.ec\/ambiente\/wp-json\/wp\/v2\/posts\/13388\/revisions"}],"wp:featuredmedia":[{"embeddable":true,"href":"https:\/\/www.ambienteyenergia.gob.ec\/ambiente\/wp-json\/wp\/v2\/media\/13389"}],"wp:attachment":[{"href":"https:\/\/www.ambienteyenergia.gob.ec\/ambiente\/wp-json\/wp\/v2\/media?parent=13388"}],"wp:term":[{"taxonomy":"category","embeddable":true,"href":"https:\/\/www.ambienteyenergia.gob.ec\/ambiente\/wp-json\/wp\/v2\/categories?post=13388"},{"taxonomy":"post_tag","embeddable":true,"href":"https:\/\/www.ambienteyenergia.gob.ec\/ambiente\/wp-json\/wp\/v2\/tags?post=13388"}],"curies":[{"name":"wp","href":"https:\/\/api.w.org\/{rel}","templated":true}]}}