{"id":13370,"date":"2013-07-22T11:27:38","date_gmt":"2013-07-22T16:27:38","guid":{"rendered":"http:\/\/www.ambiente.gob.ec\/?p=13370"},"modified":"2013-07-22T11:27:38","modified_gmt":"2013-07-22T16:27:38","slug":"mae-reinserto-un-oso-perezoso-en-el-parque-nacional-podocarpus","status":"publish","type":"post","link":"https:\/\/www.ambienteyenergia.gob.ec\/ambiente\/mae-reinserto-un-oso-perezoso-en-el-parque-nacional-podocarpus\/","title":{"rendered":"MAE reinsert\u00f3 un oso perezoso en el Parque Nacional Podocarpus"},"content":{"rendered":"<p style=\"text-align: justify;\">El Ministerio del Ambiente (MAE), el pasado 19 de julio, rescat\u00f3 un oso perezoso de dos dedos (<em>choloepus didactylus<\/em>), el cual fue encontrado por\u00a0 fiscalizadores y t\u00e9cnicos\u00a0 de la empresa Hidrochina, en la v\u00eda cercana al proyecto hidroel\u00e9ctrico Delsitanisagua, ubicado en la parroquia Sabanilla, provincia de Zamora Chinchipe.<\/p>\n<p style=\"text-align: justify;\">Tras la alerta recibida telef\u00f3nicamente, funcionarios de la Direcci\u00f3n Provincial de Ambiente de Zamora Chinchipe se trasladaron inmediatamente al lugar para identificar al mam\u00edfero y verificar su estado de salud.<\/p>\n<p style=\"text-align: justify;\">Luego de un chequeo general, realizado por personal de Biodiversidad del MAE, se determin\u00f3 que el roedor es macho, que tiene entre dos y tres a\u00f1os de edad, pesa 5 kilogramos y mide 40 cent\u00edmetros.<\/p>\n<p style=\"text-align: justify;\">El animal se encontraba en perfecto estado de salud, sus signos vitales eran normales y no ten\u00eda ninguna herida. Por lo tanto, se procedi\u00f3 a reinsertarlo en el sector de Bombuscaro, en el\u00a0 Parque Nacional\u00a0 Podocarpus, su h\u00e1bitat natural. Se presume que el animal se extravi\u00f3 y por eso rondaba el sector.<\/p>\n<p style=\"text-align: justify;\">El MAE ejecuta constantemente estos operativos de control de vida silvestre con el objetivo de promover la conservaci\u00f3n de estos animales, siempre con la colaboraci\u00f3n de la ciudadan\u00eda, quienes denuncian estos casos y facilitan la labor de la Autoridad Ambiental.<\/p>\n<p>\u00a0<a href=\"http:\/\/www.ambienteyenergia.gob.ec\/ambiente\/wp-content\/uploads\/2013\/07\/foto-3.jpg\"><img loading=\"lazy\" decoding=\"async\" class=\"aligncenter size-full wp-image-13371\" title=\"MAE reinsert\u00f3 un oso perezoso en el  Parque Nacional  Podocarpus\" src=\"http:\/\/www.ambienteyenergia.gob.ec\/ambiente\/wp-content\/uploads\/2013\/07\/foto-3.jpg\" alt=\"\" width=\"650\" height=\"488\" srcset=\"https:\/\/www.ambienteyenergia.gob.ec\/ambiente\/wp-content\/uploads\/sites\/2\/2013\/07\/foto-3.jpg 650w, https:\/\/www.ambienteyenergia.gob.ec\/ambiente\/wp-content\/uploads\/sites\/2\/2013\/07\/foto-3-300x225.jpg 300w, https:\/\/www.ambienteyenergia.gob.ec\/ambiente\/wp-content\/uploads\/sites\/2\/2013\/07\/foto-3-399x300.jpg 399w\" sizes=\"auto, (max-width: 650px) 100vw, 650px\" \/><\/a><\/p>\n","protected":false},"excerpt":{"rendered":"<p class=\"excerpt\">El Ministerio del Ambiente (MAE), el pasado 19 de julio, rescat\u00f3 un oso perezoso de dos dedos (choloepus didactylus), el cual fue encontrado por\u00a0 fiscalizadores y t\u00e9cnicos\u00a0 de la empresa Hidrochina, en la v\u00eda cercana al proyecto hidroel\u00e9ctrico Delsitanisagua, ubicado en la parroquia Sabanilla, provincia de Zamora Chinchipe. Tras la alerta recibida telef\u00f3nicamente, funcionarios de la Direcci\u00f3n Provincial de Ambiente&hellip; <a href=\"https:\/\/www.ambienteyenergia.gob.ec\/ambiente\/mae-reinserto-un-oso-perezoso-en-el-parque-nacional-podocarpus\/\">Read more &rarr;<\/a><\/p>\n","protected":false},"author":13,"featured_media":13372,"comment_status":"open","ping_status":"open","sticky":false,"template":"","format":"standard","meta":{"footnotes":""},"categories":[16,4],"tags":[],"class_list":["post-13370","post","type-post","status-publish","format-standard","has-post-thumbnail","hentry","category-comunicamos","category-noticias","xfolkentry"],"_links":{"self":[{"href":"https:\/\/www.ambienteyenergia.gob.ec\/ambiente\/wp-json\/wp\/v2\/posts\/13370","targetHints":{"allow":["GET"]}}],"collection":[{"href":"https:\/\/www.ambienteyenergia.gob.ec\/ambiente\/wp-json\/wp\/v2\/posts"}],"about":[{"href":"https:\/\/www.ambienteyenergia.gob.ec\/ambiente\/wp-json\/wp\/v2\/types\/post"}],"author":[{"embeddable":true,"href":"https:\/\/www.ambienteyenergia.gob.ec\/ambiente\/wp-json\/wp\/v2\/users\/13"}],"replies":[{"embeddable":true,"href":"https:\/\/www.ambienteyenergia.gob.ec\/ambiente\/wp-json\/wp\/v2\/comments?post=13370"}],"version-history":[{"count":0,"href":"https:\/\/www.ambienteyenergia.gob.ec\/ambiente\/wp-json\/wp\/v2\/posts\/13370\/revisions"}],"wp:featuredmedia":[{"embeddable":true,"href":"https:\/\/www.ambienteyenergia.gob.ec\/ambiente\/wp-json\/wp\/v2\/media\/13372"}],"wp:attachment":[{"href":"https:\/\/www.ambienteyenergia.gob.ec\/ambiente\/wp-json\/wp\/v2\/media?parent=13370"}],"wp:term":[{"taxonomy":"category","embeddable":true,"href":"https:\/\/www.ambienteyenergia.gob.ec\/ambiente\/wp-json\/wp\/v2\/categories?post=13370"},{"taxonomy":"post_tag","embeddable":true,"href":"https:\/\/www.ambienteyenergia.gob.ec\/ambiente\/wp-json\/wp\/v2\/tags?post=13370"}],"curies":[{"name":"wp","href":"https:\/\/api.w.org\/{rel}","templated":true}]}}