{"id":13358,"date":"2013-07-22T09:58:36","date_gmt":"2013-07-22T14:58:36","guid":{"rendered":"http:\/\/www.ambiente.gob.ec\/?p=13358"},"modified":"2013-07-22T10:40:37","modified_gmt":"2013-07-22T15:40:37","slug":"mae-suspende-actividades-en-el-camal-municipal-de-jujan-por-contaminar-el-ambiente","status":"publish","type":"post","link":"https:\/\/www.ambienteyenergia.gob.ec\/ambiente\/mae-suspende-actividades-en-el-camal-municipal-de-jujan-por-contaminar-el-ambiente\/","title":{"rendered":"MAE suspende actividades en el camal municipal de Jujan por contaminar el ambiente"},"content":{"rendered":"<p style=\"text-align: justify;\">T\u00e9cnicos de la Direcci\u00f3n Provincial del Ambiente de Guayas (DPAG) realizaron ayer una inspecci\u00f3n en el Camal Municipal de Jujan (Alfredo Baquerizo Moreno), evidenciando que las instalaciones no cuentan con las medidas t\u00e9cnicas de prevenci\u00f3n, control o mitigaci\u00f3n de impactos ambientales, amparadas en la normativa ambiental vigente, para este tipo de actividad.<\/p>\n<p style=\"text-align: justify;\">Las pr\u00e1cticas de faenamiento que se observaron el 17 de julio durante la inspecci\u00f3n, dejaron de manifiesto el vertido de sangre, aguas estancadas, piezas y partes met\u00e1licas oxidadas y una infraestructura en total deterioro, que no cuenta con ning\u00fan mecanismo de cuidado ambiental.<\/p>\n<p style=\"text-align: justify;\">Asimismo, en los exteriores se encontraron restos de cachos, dientes, osamenta, cuero, v\u00edsceras y vertidos de l\u00edquidos que corr\u00edan por una zanja que llevaba los efluentes a orillas del r\u00edo Jujan.<\/p>\n<p style=\"text-align: justify;\">Moradores del sector manifestaron que el camal tiene alrededor de 20 a\u00f1os en el lugar, atendiendo desde las 04:00. A decir de ellos, la carne obtenida en el proceso de faenamiento permanece a la intemperie sin tener ninguna cadena de frio o medidas sanitarias y que este proceso suele ocurrir en la parte frontal del camal.<\/p>\n<p style=\"text-align: justify;\">Tambi\u00e9n dijeron que la infraestructura se encuentra en una zona baja, por lo cual se inunda en la \u00e9poca invernal.<\/p>\n<p style=\"text-align: justify;\">Aunque se trat\u00f3 de ubicar al encargado del camal municipal, Sr. Jarry Lainez, en esas instalaciones y en el Municipio de Jujan, no fue posible contactarlo.<\/p>\n<p style=\"text-align: justify;\">Por la evidente insalubridad que convierten al camal en un foco de infecci\u00f3n, esta Cartera de Estado oficiar\u00e1 a las autoridades de salud, ganader\u00eda, industrias y al Gobierno Provincial del Guayas, por ser \u00a0la Autoridad Ambiental de Aplicaci\u00f3n responsable (AAAr) \u2013acreditado-, para que tomen las medidas necesarias para el adecuado manejo del camal.<\/p>\n<p style=\"text-align: justify;\">No obstante, la DPAG tomar\u00e1 las acciones legales como suspensi\u00f3n de actividades y el inicio del proceso administrativo al Municipio de Jujan, que permita establecer la sanci\u00f3n econ\u00f3mica ante la afectaci\u00f3n al ambiente y los obliga a la remediaci\u00f3n del ecosistema lesionado.<\/p>\n<p style=\"text-align: justify;\"><a href=\"http:\/\/www.ambienteyenergia.gob.ec\/ambiente\/wp-content\/uploads\/2013\/07\/Imagen3.png\"><img loading=\"lazy\" decoding=\"async\" class=\"aligncenter size-full wp-image-13361\" title=\"MAE SUSPENDE ACTIVIDADES EN EL CAMAL MUNICIPAL DE JUJAN POR CONTAMINAR EL AMBIENTE\" src=\"http:\/\/www.ambienteyenergia.gob.ec\/ambiente\/wp-content\/uploads\/2013\/07\/Imagen3.png\" alt=\"\" width=\"605\" height=\"456\" srcset=\"https:\/\/www.ambienteyenergia.gob.ec\/ambiente\/wp-content\/uploads\/sites\/2\/2013\/07\/Imagen3.png 605w, https:\/\/www.ambienteyenergia.gob.ec\/ambiente\/wp-content\/uploads\/sites\/2\/2013\/07\/Imagen3-300x226.png 300w, https:\/\/www.ambienteyenergia.gob.ec\/ambiente\/wp-content\/uploads\/sites\/2\/2013\/07\/Imagen3-398x300.png 398w\" sizes=\"auto, (max-width: 605px) 100vw, 605px\" \/><\/a><a href=\"http:\/\/www.ambienteyenergia.gob.ec\/ambiente\/wp-content\/uploads\/2013\/07\/Imagen2.png\"><img loading=\"lazy\" decoding=\"async\" class=\"aligncenter size-full wp-image-13360\" title=\"MAE SUSPENDE ACTIVIDADES EN EL CAMAL MUNICIPAL DE JUJAN POR CONTAMINAR EL AMBIENTE\" src=\"http:\/\/www.ambienteyenergia.gob.ec\/ambiente\/wp-content\/uploads\/2013\/07\/Imagen2.png\" alt=\"\" width=\"605\" height=\"453\" srcset=\"https:\/\/www.ambienteyenergia.gob.ec\/ambiente\/wp-content\/uploads\/sites\/2\/2013\/07\/Imagen2.png 605w, https:\/\/www.ambienteyenergia.gob.ec\/ambiente\/wp-content\/uploads\/sites\/2\/2013\/07\/Imagen2-300x224.png 300w, https:\/\/www.ambienteyenergia.gob.ec\/ambiente\/wp-content\/uploads\/sites\/2\/2013\/07\/Imagen2-400x300.png 400w\" sizes=\"auto, (max-width: 605px) 100vw, 605px\" \/><\/a><\/p>\n","protected":false},"excerpt":{"rendered":"<p class=\"excerpt\">T\u00e9cnicos de la Direcci\u00f3n Provincial del Ambiente de Guayas (DPAG) realizaron ayer una inspecci\u00f3n en el Camal Municipal de Jujan (Alfredo Baquerizo Moreno), evidenciando que las instalaciones no cuentan con las medidas t\u00e9cnicas de prevenci\u00f3n, control o mitigaci\u00f3n de impactos ambientales, amparadas en la normativa ambiental vigente, para este tipo de actividad. Las pr\u00e1cticas de faenamiento que se observaron el&hellip; <a href=\"https:\/\/www.ambienteyenergia.gob.ec\/ambiente\/mae-suspende-actividades-en-el-camal-municipal-de-jujan-por-contaminar-el-ambiente\/\">Read more &rarr;<\/a><\/p>\n","protected":false},"author":13,"featured_media":13359,"comment_status":"open","ping_status":"open","sticky":false,"template":"","format":"standard","meta":{"footnotes":""},"categories":[16,4],"tags":[],"class_list":["post-13358","post","type-post","status-publish","format-standard","has-post-thumbnail","hentry","category-comunicamos","category-noticias","xfolkentry"],"_links":{"self":[{"href":"https:\/\/www.ambienteyenergia.gob.ec\/ambiente\/wp-json\/wp\/v2\/posts\/13358","targetHints":{"allow":["GET"]}}],"collection":[{"href":"https:\/\/www.ambienteyenergia.gob.ec\/ambiente\/wp-json\/wp\/v2\/posts"}],"about":[{"href":"https:\/\/www.ambienteyenergia.gob.ec\/ambiente\/wp-json\/wp\/v2\/types\/post"}],"author":[{"embeddable":true,"href":"https:\/\/www.ambienteyenergia.gob.ec\/ambiente\/wp-json\/wp\/v2\/users\/13"}],"replies":[{"embeddable":true,"href":"https:\/\/www.ambienteyenergia.gob.ec\/ambiente\/wp-json\/wp\/v2\/comments?post=13358"}],"version-history":[{"count":0,"href":"https:\/\/www.ambienteyenergia.gob.ec\/ambiente\/wp-json\/wp\/v2\/posts\/13358\/revisions"}],"wp:featuredmedia":[{"embeddable":true,"href":"https:\/\/www.ambienteyenergia.gob.ec\/ambiente\/wp-json\/wp\/v2\/media\/13359"}],"wp:attachment":[{"href":"https:\/\/www.ambienteyenergia.gob.ec\/ambiente\/wp-json\/wp\/v2\/media?parent=13358"}],"wp:term":[{"taxonomy":"category","embeddable":true,"href":"https:\/\/www.ambienteyenergia.gob.ec\/ambiente\/wp-json\/wp\/v2\/categories?post=13358"},{"taxonomy":"post_tag","embeddable":true,"href":"https:\/\/www.ambienteyenergia.gob.ec\/ambiente\/wp-json\/wp\/v2\/tags?post=13358"}],"curies":[{"name":"wp","href":"https:\/\/api.w.org\/{rel}","templated":true}]}}