{"id":13354,"date":"2013-07-22T09:50:01","date_gmt":"2013-07-22T14:50:01","guid":{"rendered":"http:\/\/www.ambiente.gob.ec\/?p=13354"},"modified":"2013-07-22T09:50:01","modified_gmt":"2013-07-22T14:50:01","slug":"con-charlas-y-documentales-mae-celebro-dia-nacional-de-las-areas-protegidas-en-santo-domingo-de-los-tsachilas","status":"publish","type":"post","link":"https:\/\/www.ambienteyenergia.gob.ec\/ambiente\/con-charlas-y-documentales-mae-celebro-dia-nacional-de-las-areas-protegidas-en-santo-domingo-de-los-tsachilas\/","title":{"rendered":"Con charlas y documentales, MAE celebr\u00f3 D\u00eda Nacional de las \u00c1reas Protegidas, en Santo Domingo de los Ts\u00e1chilas"},"content":{"rendered":"<p style=\"text-align: justify;\">El pasado18 de julio, con motivo de celebrarse el \u201cD\u00eda Nacional de las \u00c1reas Protegidas\u201d funcionarios de la Unidad de Patrimonio Natural de la Direcci\u00f3n Provincial de Santo Domingo de los Ts\u00e1chilas dictaron una charla did\u00e1ctica y \u00a0proyectaron un documental de una \u00c1rea Protegida, en la Unidad Educativa \u201cHortensia V\u00e1squez Salvador\u201d.<\/p>\n<p style=\"text-align: justify;\">Al evento asistieron 120 estudiantes del cuarto a\u00f1o de bachillerato, quienes participan en el campo de acci\u00f3n de Educaci\u00f3n Ambiental y Forestaci\u00f3n que trabaja con el Ministerio del Ambiente(MAE) en actividades de manejo y conservaci\u00f3n de los recursos naturales.<\/p>\n<p style=\"text-align: justify;\">Los j\u00f3venes reflexionaron y se interesaron por conocer de temas como la contaminaci\u00f3n ambiental, las \u00c1reas Protegidas. De esa manera, \u00a0se comprometieron a trabajar voluntariamente motivando amigos y familiares para conservar el planeta. Adem\u00e1s, solicitaron que \u00a0la Direcci\u00f3n Provincial \u00a0sigan impartiendo charlas, conferencias, foros con temas ambientales y de biodiversidad.<\/p>\n<p style=\"text-align: justify;\"><a href=\"http:\/\/www.ambienteyenergia.gob.ec\/ambiente\/wp-content\/uploads\/2013\/07\/charla_snap2013_2.jpg\"><img loading=\"lazy\" decoding=\"async\" class=\"aligncenter size-full wp-image-13355\" title=\"Charla\" src=\"http:\/\/www.ambienteyenergia.gob.ec\/ambiente\/wp-content\/uploads\/2013\/07\/charla_snap2013_2.jpg\" alt=\"\" width=\"670\" height=\"503\" srcset=\"https:\/\/www.ambienteyenergia.gob.ec\/ambiente\/wp-content\/uploads\/sites\/2\/2013\/07\/charla_snap2013_2.jpg 670w, https:\/\/www.ambienteyenergia.gob.ec\/ambiente\/wp-content\/uploads\/sites\/2\/2013\/07\/charla_snap2013_2-300x225.jpg 300w, https:\/\/www.ambienteyenergia.gob.ec\/ambiente\/wp-content\/uploads\/sites\/2\/2013\/07\/charla_snap2013_2-399x300.jpg 399w\" sizes=\"auto, (max-width: 670px) 100vw, 670px\" \/><\/a><\/p>\n","protected":false},"excerpt":{"rendered":"<p class=\"excerpt\">El pasado18 de julio, con motivo de celebrarse el \u201cD\u00eda Nacional de las \u00c1reas Protegidas\u201d funcionarios de la Unidad de Patrimonio Natural de la Direcci\u00f3n Provincial de Santo Domingo de los Ts\u00e1chilas dictaron una charla did\u00e1ctica y \u00a0proyectaron un documental de una \u00c1rea Protegida, en la Unidad Educativa \u201cHortensia V\u00e1squez Salvador\u201d. Al evento asistieron 120 estudiantes del cuarto a\u00f1o de&hellip; <a href=\"https:\/\/www.ambienteyenergia.gob.ec\/ambiente\/con-charlas-y-documentales-mae-celebro-dia-nacional-de-las-areas-protegidas-en-santo-domingo-de-los-tsachilas\/\">Read more &rarr;<\/a><\/p>\n","protected":false},"author":13,"featured_media":13356,"comment_status":"open","ping_status":"open","sticky":false,"template":"","format":"standard","meta":{"footnotes":""},"categories":[16,4],"tags":[],"class_list":["post-13354","post","type-post","status-publish","format-standard","has-post-thumbnail","hentry","category-comunicamos","category-noticias","xfolkentry"],"_links":{"self":[{"href":"https:\/\/www.ambienteyenergia.gob.ec\/ambiente\/wp-json\/wp\/v2\/posts\/13354","targetHints":{"allow":["GET"]}}],"collection":[{"href":"https:\/\/www.ambienteyenergia.gob.ec\/ambiente\/wp-json\/wp\/v2\/posts"}],"about":[{"href":"https:\/\/www.ambienteyenergia.gob.ec\/ambiente\/wp-json\/wp\/v2\/types\/post"}],"author":[{"embeddable":true,"href":"https:\/\/www.ambienteyenergia.gob.ec\/ambiente\/wp-json\/wp\/v2\/users\/13"}],"replies":[{"embeddable":true,"href":"https:\/\/www.ambienteyenergia.gob.ec\/ambiente\/wp-json\/wp\/v2\/comments?post=13354"}],"version-history":[{"count":0,"href":"https:\/\/www.ambienteyenergia.gob.ec\/ambiente\/wp-json\/wp\/v2\/posts\/13354\/revisions"}],"wp:featuredmedia":[{"embeddable":true,"href":"https:\/\/www.ambienteyenergia.gob.ec\/ambiente\/wp-json\/wp\/v2\/media\/13356"}],"wp:attachment":[{"href":"https:\/\/www.ambienteyenergia.gob.ec\/ambiente\/wp-json\/wp\/v2\/media?parent=13354"}],"wp:term":[{"taxonomy":"category","embeddable":true,"href":"https:\/\/www.ambienteyenergia.gob.ec\/ambiente\/wp-json\/wp\/v2\/categories?post=13354"},{"taxonomy":"post_tag","embeddable":true,"href":"https:\/\/www.ambienteyenergia.gob.ec\/ambiente\/wp-json\/wp\/v2\/tags?post=13354"}],"curies":[{"name":"wp","href":"https:\/\/api.w.org\/{rel}","templated":true}]}}