{"id":13340,"date":"2013-07-22T09:14:27","date_gmt":"2013-07-22T14:14:27","guid":{"rendered":"http:\/\/www.ambiente.gob.ec\/?p=13340"},"modified":"2013-07-22T09:14:27","modified_gmt":"2013-07-22T14:14:27","slug":"mae-rescata-especimenes-de-vida-silvestre-santo-domingo-de-los-tsachilas","status":"publish","type":"post","link":"https:\/\/www.ambienteyenergia.gob.ec\/ambiente\/mae-rescata-especimenes-de-vida-silvestre-santo-domingo-de-los-tsachilas\/","title":{"rendered":"MAE rescata espec\u00edmenes de vida silvestre Santo Domingo de los Ts\u00e1chilas"},"content":{"rendered":"<p align=\"JUSTIFY\"><span style=\"color: #000000;\">En la semana del 15 al 19 de julio, funcionarios de la Direcci\u00f3n Provincial Santo Domingo de los Ts\u00e1chilas, del Ministerio del Ambiente (MAE), y agentes de la Unidad de Protecci\u00f3n del Medio Ambiente de la Policia Nacional (UPMA) rescataron tres espec\u00edmenes de fauna silvestre encontrados en diferentes sectores de la ciudad.<\/span><\/p>\n<p align=\"JUSTIFY\"><span style=\"color: #000000;\">Tras haber sido decomisadas, una mona machin (<\/span><span style=\"color: #000000;\"><span style=\"font-family: Arial;\"><span style=\"font-size: medium;\"><em>Cebus albifrons aequatorialis<\/em><\/span><\/span><\/span><span style=\"color: #000000;\">), una tortuga taparabo (<\/span><span style=\"color: #000000;\"><span style=\"font-family: Arial;\"><span style=\"font-size: medium;\"><em>Kinosternon leucostomum<\/em><\/span><\/span><\/span><span style=\"color: #000000;\">) y una iguana verde (<\/span><span style=\"color: #000000;\"><span style=\"font-family: Arial;\"><span style=\"font-size: medium;\"><em>Iguana iguana<\/em><\/span><\/span><\/span><span style=\"color: #000000;\">) fueron entregadas en custodia temporal al Centro de Rescate \u201cCarlos Beldach\u201d para la respectiva valoraci\u00f3n m\u00e9dica. Luego de ello, permanecer\u00e1n en cuarentena la evaluar su posible liberaci\u00f3n.<\/span><\/p>\n<p align=\"JUSTIFY\"><span style=\"color: #000000;\">Estos animales silvestres, registrados en los Ap\u00e9ndices de la Convenci\u00f3n sobre el Comercio Internacional de Especies Amenazadas de Fauna y Flora Silvestres (CITES), se encontraban en un ambiente no optimo para su desarrollo y bienestar. <\/span><\/p>\n<p align=\"JUSTIFY\">El MAE continuar\u00e1 ejecutando estos operativos como parte del control de tr\u00e1fico de animales de vida silvestre en la provincia Ts\u00e1chila.<\/p>\n<p align=\"JUSTIFY\">\u00a0<a href=\"http:\/\/www.ambienteyenergia.gob.ec\/ambiente\/wp-content\/uploads\/2013\/07\/V.S.RESCATADA-2013-2.jpg\"><img loading=\"lazy\" decoding=\"async\" class=\"aligncenter size-full wp-image-13342\" title=\"MAE rescata espec\u00edmenes de vida silvestre Santo Domingo de los Ts\u00e1chilas\" src=\"http:\/\/www.ambienteyenergia.gob.ec\/ambiente\/wp-content\/uploads\/2013\/07\/V.S.RESCATADA-2013-2.jpg\" alt=\"\" width=\"650\" height=\"488\" srcset=\"https:\/\/www.ambienteyenergia.gob.ec\/ambiente\/wp-content\/uploads\/sites\/2\/2013\/07\/V.S.RESCATADA-2013-2.jpg 650w, https:\/\/www.ambienteyenergia.gob.ec\/ambiente\/wp-content\/uploads\/sites\/2\/2013\/07\/V.S.RESCATADA-2013-2-300x225.jpg 300w, https:\/\/www.ambienteyenergia.gob.ec\/ambiente\/wp-content\/uploads\/sites\/2\/2013\/07\/V.S.RESCATADA-2013-2-399x300.jpg 399w\" sizes=\"auto, (max-width: 650px) 100vw, 650px\" \/><\/a><a href=\"http:\/\/www.ambienteyenergia.gob.ec\/ambiente\/wp-content\/uploads\/2013\/07\/V.S.-RESCATADA-2013.jpg\"><img loading=\"lazy\" decoding=\"async\" class=\"aligncenter size-full wp-image-13341\" title=\"MAE rescata espec\u00edmenes de vida silvestre Santo Domingo de los Ts\u00e1chilas\" src=\"http:\/\/www.ambienteyenergia.gob.ec\/ambiente\/wp-content\/uploads\/2013\/07\/V.S.-RESCATADA-2013.jpg\" alt=\"\" width=\"670\" height=\"503\" srcset=\"https:\/\/www.ambienteyenergia.gob.ec\/ambiente\/wp-content\/uploads\/sites\/2\/2013\/07\/V.S.-RESCATADA-2013.jpg 670w, https:\/\/www.ambienteyenergia.gob.ec\/ambiente\/wp-content\/uploads\/sites\/2\/2013\/07\/V.S.-RESCATADA-2013-300x225.jpg 300w, https:\/\/www.ambienteyenergia.gob.ec\/ambiente\/wp-content\/uploads\/sites\/2\/2013\/07\/V.S.-RESCATADA-2013-399x300.jpg 399w\" sizes=\"auto, (max-width: 670px) 100vw, 670px\" \/><\/a><\/p>\n","protected":false},"excerpt":{"rendered":"<p class=\"excerpt\">En la semana del 15 al 19 de julio, funcionarios de la Direcci\u00f3n Provincial Santo Domingo de los Ts\u00e1chilas, del Ministerio del Ambiente (MAE), y agentes de la Unidad de Protecci\u00f3n del Medio Ambiente de la Policia Nacional (UPMA) rescataron tres espec\u00edmenes de fauna silvestre encontrados en diferentes sectores de la ciudad. Tras haber sido decomisadas, una mona machin (Cebus&hellip; <a href=\"https:\/\/www.ambienteyenergia.gob.ec\/ambiente\/mae-rescata-especimenes-de-vida-silvestre-santo-domingo-de-los-tsachilas\/\">Read more &rarr;<\/a><\/p>\n","protected":false},"author":13,"featured_media":13343,"comment_status":"open","ping_status":"open","sticky":false,"template":"","format":"standard","meta":{"footnotes":""},"categories":[16,4],"tags":[],"class_list":["post-13340","post","type-post","status-publish","format-standard","has-post-thumbnail","hentry","category-comunicamos","category-noticias","xfolkentry"],"_links":{"self":[{"href":"https:\/\/www.ambienteyenergia.gob.ec\/ambiente\/wp-json\/wp\/v2\/posts\/13340","targetHints":{"allow":["GET"]}}],"collection":[{"href":"https:\/\/www.ambienteyenergia.gob.ec\/ambiente\/wp-json\/wp\/v2\/posts"}],"about":[{"href":"https:\/\/www.ambienteyenergia.gob.ec\/ambiente\/wp-json\/wp\/v2\/types\/post"}],"author":[{"embeddable":true,"href":"https:\/\/www.ambienteyenergia.gob.ec\/ambiente\/wp-json\/wp\/v2\/users\/13"}],"replies":[{"embeddable":true,"href":"https:\/\/www.ambienteyenergia.gob.ec\/ambiente\/wp-json\/wp\/v2\/comments?post=13340"}],"version-history":[{"count":0,"href":"https:\/\/www.ambienteyenergia.gob.ec\/ambiente\/wp-json\/wp\/v2\/posts\/13340\/revisions"}],"wp:featuredmedia":[{"embeddable":true,"href":"https:\/\/www.ambienteyenergia.gob.ec\/ambiente\/wp-json\/wp\/v2\/media\/13343"}],"wp:attachment":[{"href":"https:\/\/www.ambienteyenergia.gob.ec\/ambiente\/wp-json\/wp\/v2\/media?parent=13340"}],"wp:term":[{"taxonomy":"category","embeddable":true,"href":"https:\/\/www.ambienteyenergia.gob.ec\/ambiente\/wp-json\/wp\/v2\/categories?post=13340"},{"taxonomy":"post_tag","embeddable":true,"href":"https:\/\/www.ambienteyenergia.gob.ec\/ambiente\/wp-json\/wp\/v2\/tags?post=13340"}],"curies":[{"name":"wp","href":"https:\/\/api.w.org\/{rel}","templated":true}]}}