{"id":13337,"date":"2013-07-21T19:24:07","date_gmt":"2013-07-22T00:24:07","guid":{"rendered":"http:\/\/www.ambiente.gob.ec\/?p=13337"},"modified":"2013-07-23T19:00:53","modified_gmt":"2013-07-24T00:00:53","slug":"el-mae-desarrolla-la-tercera-asamblea-publica-con-los-afectados-por-el-derrame-de-ocp","status":"publish","type":"post","link":"https:\/\/www.ambienteyenergia.gob.ec\/ambiente\/el-mae-desarrolla-la-tercera-asamblea-publica-con-los-afectados-por-el-derrame-de-ocp\/","title":{"rendered":"49 familias ser\u00e1n beneficiadas dentro del proceso de indemnizaci\u00f3n por el derrame de OCP"},"content":{"rendered":"<p style=\"text-align: justify;\">El Ministerio del Ambiente (MAE), a trav\u00e9s del Programa de Reparaci\u00f3n Ambiental y Social\u00a0 (PRAS) y la Direcci\u00f3n Nacional de Control Ambiental (DNCA), realiz\u00f3 la tercera asamblea p\u00fablica con los afectados individuales del derrame de crudo ocurrido el pasado 8 de abril, como consecuencia de la rotura de un tramo del Oleoducto de Crudos Pesados (OCP), en el sector de Wincheles, Esmeraldas. El di\u00e1logo se dio con el objetivo de socializar el procedimiento de pago de las indemnizaciones y compensaciones.<\/p>\n<p style=\"text-align: justify;\">En este di\u00e1logo social, el MAE dio a conocer los nombres de las 49 familias que ser\u00e1n beneficiadas dentro del proceso de indemnizaci\u00f3n, en donde esta Cartera de Estado se mantendr\u00e1 vigilante de que el procedimiento de pago se realice de una manera \u00e1gil para garantizar justicia social y ambiental. Cada uno de los afectados conoci\u00f3 las condiciones sociales e institucionales para iniciar las acciones de indemnizaci\u00f3n individual y compensaci\u00f3n colectiva.<\/p>\n<p style=\"text-align: justify;\">La Directora Provincial del Ambiente, Narcisa C\u00e1rdenas, destac\u00f3 la importancia de la realizaci\u00f3n de estas asambleas que permiten socializar con los pobladores los avances de la gesti\u00f3n que se realiza entre las instituciones p\u00fablicas y en este caso particular con la empresa privada OCP. Recalc\u00f3 que para el Ministerio del Ambiente lo m\u00e1s importante es \u201cvelar por los derechos de la naturaleza y por los intereses de toda la comunidad de Wincheles\u201d.<\/p>\n<p style=\"text-align: justify;\">Para poder obtener los c\u00e1lculos de la indemnizaci\u00f3n ha sido necesaria la aplicaci\u00f3n de una metodolog\u00eda que permite realizar un inventario de afectados individuales, as\u00ed como la valoraci\u00f3n econ\u00f3mica, social y ambiental del da\u00f1o producido por el derrame de crudo. De esta manera el procedimiento de pago se genera seg\u00fan la realidad individual de cada uno de los afectados. Se prev\u00e9 que el\u00a0 pr\u00f3ximo lunes 22 de julio se inicie este proceso.<\/p>\n<p style=\"text-align: justify;\">El MAE\u00a0 ha estado presente en la zona del derrame a trav\u00e9s de la Direcci\u00f3n Provincial de Ambiente de Esmeraldas (DPE), la Subsecretar\u00eda de Calidad Ambiental (SCA) y el Programa de Reparaci\u00f3n Ambiental y Social (PRAS), verificando el cumplimiento del Plan de Remediaci\u00f3n Ambiental (PRA) de OCP y canalizando las demandas de la comunidad afectada.<\/p>\n<p style=\"text-align: justify;\"><a href=\"http:\/\/www.ambienteyenergia.gob.ec\/ambiente\/wp-content\/uploads\/2013\/07\/MG_0441.jpg\"><img loading=\"lazy\" decoding=\"async\" class=\"aligncenter size-full wp-image-13350\" title=\"El MAE desarrolla la tercera asamblea p\u00fablica con los afectados por el derrame de OCP\" src=\"http:\/\/www.ambienteyenergia.gob.ec\/ambiente\/wp-content\/uploads\/2013\/07\/MG_0441.jpg\" alt=\"\" width=\"670\" height=\"447\" srcset=\"https:\/\/www.ambienteyenergia.gob.ec\/ambiente\/wp-content\/uploads\/sites\/2\/2013\/07\/MG_0441.jpg 670w, https:\/\/www.ambienteyenergia.gob.ec\/ambiente\/wp-content\/uploads\/sites\/2\/2013\/07\/MG_0441-300x200.jpg 300w, https:\/\/www.ambienteyenergia.gob.ec\/ambiente\/wp-content\/uploads\/sites\/2\/2013\/07\/MG_0441-449x300.jpg 449w\" sizes=\"auto, (max-width: 670px) 100vw, 670px\" \/><\/a><a href=\"http:\/\/www.ambienteyenergia.gob.ec\/ambiente\/wp-content\/uploads\/2013\/07\/MG_0460.jpg\"><img loading=\"lazy\" decoding=\"async\" class=\"aligncenter size-full wp-image-13351\" title=\"El MAE desarrolla la tercera asamblea p\u00fablica con los afectados por el derrame de OCP\" src=\"http:\/\/www.ambienteyenergia.gob.ec\/ambiente\/wp-content\/uploads\/2013\/07\/MG_0460.jpg\" alt=\"\" width=\"670\" height=\"447\" srcset=\"https:\/\/www.ambienteyenergia.gob.ec\/ambiente\/wp-content\/uploads\/sites\/2\/2013\/07\/MG_0460.jpg 670w, https:\/\/www.ambienteyenergia.gob.ec\/ambiente\/wp-content\/uploads\/sites\/2\/2013\/07\/MG_0460-300x200.jpg 300w, https:\/\/www.ambienteyenergia.gob.ec\/ambiente\/wp-content\/uploads\/sites\/2\/2013\/07\/MG_0460-449x300.jpg 449w\" sizes=\"auto, (max-width: 670px) 100vw, 670px\" \/><\/a><\/p>\n","protected":false},"excerpt":{"rendered":"<p class=\"excerpt\">El Ministerio del Ambiente (MAE), a trav\u00e9s del Programa de Reparaci\u00f3n Ambiental y Social\u00a0 (PRAS) y la Direcci\u00f3n Nacional de Control Ambiental (DNCA), realiz\u00f3 la tercera asamblea p\u00fablica con los afectados individuales del derrame de crudo ocurrido el pasado 8 de abril, como consecuencia de la rotura de un tramo del Oleoducto de Crudos Pesados (OCP), en el sector de&hellip; <a href=\"https:\/\/www.ambienteyenergia.gob.ec\/ambiente\/el-mae-desarrolla-la-tercera-asamblea-publica-con-los-afectados-por-el-derrame-de-ocp\/\">Read more &rarr;<\/a><\/p>\n","protected":false},"author":13,"featured_media":13352,"comment_status":"open","ping_status":"open","sticky":false,"template":"","format":"standard","meta":{"footnotes":""},"categories":[16,4],"tags":[],"class_list":["post-13337","post","type-post","status-publish","format-standard","has-post-thumbnail","hentry","category-comunicamos","category-noticias","xfolkentry"],"_links":{"self":[{"href":"https:\/\/www.ambienteyenergia.gob.ec\/ambiente\/wp-json\/wp\/v2\/posts\/13337","targetHints":{"allow":["GET"]}}],"collection":[{"href":"https:\/\/www.ambienteyenergia.gob.ec\/ambiente\/wp-json\/wp\/v2\/posts"}],"about":[{"href":"https:\/\/www.ambienteyenergia.gob.ec\/ambiente\/wp-json\/wp\/v2\/types\/post"}],"author":[{"embeddable":true,"href":"https:\/\/www.ambienteyenergia.gob.ec\/ambiente\/wp-json\/wp\/v2\/users\/13"}],"replies":[{"embeddable":true,"href":"https:\/\/www.ambienteyenergia.gob.ec\/ambiente\/wp-json\/wp\/v2\/comments?post=13337"}],"version-history":[{"count":0,"href":"https:\/\/www.ambienteyenergia.gob.ec\/ambiente\/wp-json\/wp\/v2\/posts\/13337\/revisions"}],"wp:featuredmedia":[{"embeddable":true,"href":"https:\/\/www.ambienteyenergia.gob.ec\/ambiente\/wp-json\/wp\/v2\/media\/13352"}],"wp:attachment":[{"href":"https:\/\/www.ambienteyenergia.gob.ec\/ambiente\/wp-json\/wp\/v2\/media?parent=13337"}],"wp:term":[{"taxonomy":"category","embeddable":true,"href":"https:\/\/www.ambienteyenergia.gob.ec\/ambiente\/wp-json\/wp\/v2\/categories?post=13337"},{"taxonomy":"post_tag","embeddable":true,"href":"https:\/\/www.ambienteyenergia.gob.ec\/ambiente\/wp-json\/wp\/v2\/tags?post=13337"}],"curies":[{"name":"wp","href":"https:\/\/api.w.org\/{rel}","templated":true}]}}