{"id":13321,"date":"2013-07-19T11:29:38","date_gmt":"2013-07-19T16:29:38","guid":{"rendered":"http:\/\/www.ambiente.gob.ec\/?p=13321"},"modified":"2013-07-19T11:37:09","modified_gmt":"2013-07-19T16:37:09","slug":"mae-realizo-una-casa-abierta-por-el-dia-del-sistema-nacional-de-areas-protegidas-en-esmeraldas","status":"publish","type":"post","link":"https:\/\/www.ambienteyenergia.gob.ec\/ambiente\/mae-realizo-una-casa-abierta-por-el-dia-del-sistema-nacional-de-areas-protegidas-en-esmeraldas\/","title":{"rendered":"MAE realiz\u00f3 una casa abierta por el D\u00eda del Sistema Nacional de \u00c1reas Protegidas en Esmeraldas"},"content":{"rendered":"<p style=\"text-align: justify;\">Ayer, el Ministerio del Ambiente (MAE) realiz\u00f3 una casa abierta en el Parque Central de la ciudad de Quininde con la finalidad de fortalecer los objetivos institucionales, difundiendo a la ciudadan\u00eda en general la importancia de cada una de las ocho \u00c1reas Protegidas de la provincia de Esmeraldas, en donde se realizan actividades relacionadas a la conservaci\u00f3n y desarrollo sustentable. El slogan de esta iniciativa fue \u201cUna mirada al futuro por nuestras \u00c1reas Protegidas\u201d.<\/p>\n<p style=\"text-align: justify;\">Al evento asistieron alrededor de 150 personas, entre ellas representantes del Ministerio de Educaci\u00f3n y del Gobierno Aut\u00f3nomo Descentralizado Municipal del Cant\u00f3n Quininde; y estudiantes de las escuelas 9 de Octubre, Camila Gallegos Dom\u00ednguez, Juan Montalvo, Colegio Juan XXIII, Sim\u00f3n Plata Torres, 3 de Julio e Instituto T\u00e9cnico Agropecuario Quininde.<\/p>\n<p style=\"text-align: justify;\">En los stands, funcionarios del MAE expusieron la importancia de conservar los ecosistemas de las Reservas Ecol\u00f3gicas Manche Chindul, Cotacachi Cayapas, Manglares Cayapas Mataje, la Reserva Marina Galera San Francisco y los Refugios de Vida Silvestre Manglares Estuario del R\u00edo Muisne, del r\u00edo Esmeraldas, el Pambilar y la Chiquita.<\/p>\n<div id='gallery-1' class='gallery galleryid-13321 gallery-columns-4 gallery-size-thumbnail'><dl class='gallery-item'>\n\t\t\t<dt class='gallery-icon landscape'>\n\t\t\t\t<a href='https:\/\/www.ambienteyenergia.gob.ec\/ambiente\/mae-realizo-una-casa-abierta-por-el-dia-del-sistema-nacional-de-areas-protegidas-en-esmeraldas\/e3-2\/'><img loading=\"lazy\" decoding=\"async\" width=\"150\" height=\"150\" src=\"https:\/\/www.ambienteyenergia.gob.ec\/ambiente\/wp-content\/uploads\/sites\/2\/2013\/07\/e31-150x150.jpg\" class=\"attachment-thumbnail size-thumbnail\" alt=\"\" \/><\/a>\n\t\t\t<\/dt><\/dl><dl class='gallery-item'>\n\t\t\t<dt class='gallery-icon landscape'>\n\t\t\t\t<a href='https:\/\/www.ambienteyenergia.gob.ec\/ambiente\/mae-realizo-una-casa-abierta-por-el-dia-del-sistema-nacional-de-areas-protegidas-en-esmeraldas\/e1-2\/'><img loading=\"lazy\" decoding=\"async\" width=\"150\" height=\"150\" src=\"https:\/\/www.ambienteyenergia.gob.ec\/ambiente\/wp-content\/uploads\/sites\/2\/2013\/07\/e11-150x150.jpg\" class=\"attachment-thumbnail size-thumbnail\" alt=\"\" \/><\/a>\n\t\t\t<\/dt><\/dl><dl class='gallery-item'>\n\t\t\t<dt class='gallery-icon landscape'>\n\t\t\t\t<a href='https:\/\/www.ambienteyenergia.gob.ec\/ambiente\/mae-realizo-una-casa-abierta-por-el-dia-del-sistema-nacional-de-areas-protegidas-en-esmeraldas\/e2-2\/'><img loading=\"lazy\" decoding=\"async\" width=\"150\" height=\"150\" src=\"https:\/\/www.ambienteyenergia.gob.ec\/ambiente\/wp-content\/uploads\/sites\/2\/2013\/07\/e21-150x150.jpg\" class=\"attachment-thumbnail size-thumbnail\" alt=\"\" \/><\/a>\n\t\t\t<\/dt><\/dl>\n\t\t\t<br style='clear: both' \/>\n\t\t<\/div>\n\n<p>&nbsp;<\/p>\n<p>&nbsp;<\/p>\n<p>&nbsp;<\/p>\n","protected":false},"excerpt":{"rendered":"<p class=\"excerpt\">Ayer, el Ministerio del Ambiente (MAE) realiz\u00f3 una casa abierta en el Parque Central de la ciudad de Quininde con la finalidad de fortalecer los objetivos institucionales, difundiendo a la ciudadan\u00eda en general la importancia de cada una de las ocho \u00c1reas Protegidas de la provincia de Esmeraldas, en donde se realizan actividades relacionadas a la conservaci\u00f3n y desarrollo sustentable.&hellip; <a href=\"https:\/\/www.ambienteyenergia.gob.ec\/ambiente\/mae-realizo-una-casa-abierta-por-el-dia-del-sistema-nacional-de-areas-protegidas-en-esmeraldas\/\">Read more &rarr;<\/a><\/p>\n","protected":false},"author":13,"featured_media":13322,"comment_status":"open","ping_status":"open","sticky":false,"template":"","format":"standard","meta":{"footnotes":""},"categories":[16,4],"tags":[],"class_list":["post-13321","post","type-post","status-publish","format-standard","has-post-thumbnail","hentry","category-comunicamos","category-noticias","xfolkentry"],"_links":{"self":[{"href":"https:\/\/www.ambienteyenergia.gob.ec\/ambiente\/wp-json\/wp\/v2\/posts\/13321","targetHints":{"allow":["GET"]}}],"collection":[{"href":"https:\/\/www.ambienteyenergia.gob.ec\/ambiente\/wp-json\/wp\/v2\/posts"}],"about":[{"href":"https:\/\/www.ambienteyenergia.gob.ec\/ambiente\/wp-json\/wp\/v2\/types\/post"}],"author":[{"embeddable":true,"href":"https:\/\/www.ambienteyenergia.gob.ec\/ambiente\/wp-json\/wp\/v2\/users\/13"}],"replies":[{"embeddable":true,"href":"https:\/\/www.ambienteyenergia.gob.ec\/ambiente\/wp-json\/wp\/v2\/comments?post=13321"}],"version-history":[{"count":0,"href":"https:\/\/www.ambienteyenergia.gob.ec\/ambiente\/wp-json\/wp\/v2\/posts\/13321\/revisions"}],"wp:featuredmedia":[{"embeddable":true,"href":"https:\/\/www.ambienteyenergia.gob.ec\/ambiente\/wp-json\/wp\/v2\/media\/13322"}],"wp:attachment":[{"href":"https:\/\/www.ambienteyenergia.gob.ec\/ambiente\/wp-json\/wp\/v2\/media?parent=13321"}],"wp:term":[{"taxonomy":"category","embeddable":true,"href":"https:\/\/www.ambienteyenergia.gob.ec\/ambiente\/wp-json\/wp\/v2\/categories?post=13321"},{"taxonomy":"post_tag","embeddable":true,"href":"https:\/\/www.ambienteyenergia.gob.ec\/ambiente\/wp-json\/wp\/v2\/tags?post=13321"}],"curies":[{"name":"wp","href":"https:\/\/api.w.org\/{rel}","templated":true}]}}