{"id":13312,"date":"2013-07-19T11:20:38","date_gmt":"2013-07-19T16:20:38","guid":{"rendered":"http:\/\/www.ambiente.gob.ec\/?p=13312"},"modified":"2013-07-19T11:20:38","modified_gmt":"2013-07-19T16:20:38","slug":"concienciacion-aprendizaje-de-buenas-practicas-ambientales-juegos-y-compromisos-en-stand-de-mae-cima","status":"publish","type":"post","link":"https:\/\/www.ambienteyenergia.gob.ec\/ambiente\/concienciacion-aprendizaje-de-buenas-practicas-ambientales-juegos-y-compromisos-en-stand-de-mae-cima\/","title":{"rendered":"Concienciaci\u00f3n, aprendizaje de buenas pr\u00e1cticas ambientales, juegos y compromisos en Stand de MAE, CIMA"},"content":{"rendered":"<p style=\"text-align: justify;\">Del 15 al 18 de junio, cientos de personas visitaron el stand del Ministerio del Ambiente (MAE) en la Feria Innova Verde de la II Cumbre Internacional de Medio Ambiente (CIMA), realizada en el Centro de Exposiciones de Guayaquil.<\/p>\n<p style=\"text-align: justify;\">En medio de retazos de c\u00e1\u00f1amo, bamb\u00fa, y paja de p\u00e1ramo, funcionarios de esta Cartera de Estado dieron a conocer los objetivos y estrategias que el Ministerio ejecuta, a trav\u00e9s de sus Subsecretar\u00edas, Programas y Proyectos. Dos pantallas gigantes y una modelo virtual, dieron la bienvenida.<\/p>\n<p style=\"text-align: justify;\">Los asistentes pudieron conocer de primera mano las acciones que el MAE emprende en pro de la conservaci\u00f3n y protecci\u00f3n de la naturaleza, el uso responsable de los recursos para garantizar el bienestar de todos los seres vivos.<\/p>\n<p style=\"text-align: justify;\">\u00abHoy he aprendido muchas cosas que desconoc\u00eda, por ejemplo, que las botellas pl\u00e1sticas pueden ser recicladas y podemos obtener beneficios econ\u00f3micos, incluso emprender un negocio propio\u00bb, mencion\u00f3 Graciela P\u00e9rez, ama de casa.<\/p>\n<p style=\"text-align: justify;\">As\u00ed, Funcionarios de los Proyectos Guayaquil Ecol\u00f3gico, Socio- Bosque, Desechos S\u00f3lidos, Cambio Clim\u00e1tico, \u00c1reas Protegidas, Huella Ecol\u00f3gica, la Certificaci\u00f3n Punto Verde de Subsecretar\u00eda de Calidad Ambiental, dieron a conocer los avances y logros en el cumplimiento de sus objetivos.<\/p>\n<p style=\"text-align: justify;\">Para Sof\u00eda Ayala, visitante, la feria fue un espacio para aprender buenas pr\u00e1cticas ambientales como separaci\u00f3n de residuos y reciclaje. Adem\u00e1s, se\u00f1al\u00f3 que la labor de los expositores fue fundamental porque con lenguaje sencillo pudieron ense\u00f1ar y explicar cu\u00e1les son los ejes de trabajo del MAE.<\/p>\n<p style=\"text-align: justify;\">Con ello concord\u00f3 Stalin Poveda, empresario ambiental, para quien \u201cesta feria ambiental fue una iniciativa muy interesante del Ministerio del Ambiente porque genera, a trav\u00e9s de estas pr\u00e1cticas y eventos, la toma de conciencia que los ciudadanos, quienes debemos tener en temas de reciclaje y de m\u00e1s procesos que aporten al cuidado de la naturaleza. Nosotros como empresa realizamos varios proyectos de reciclaje, tambi\u00e9n impartimos campa\u00f1as de buenas pr\u00e1cticas ambientales a los empleados\u201d.<\/p>\n<p style=\"text-align: justify;\">Seg\u00fan, Eugenia Mart\u00ednez, funcionaria del MAE, esta fue experiencia enriquecedora, en la que como expositores, no solo tuvieron la tarea de difundir informaci\u00f3n de esta Cartera de Estado, sino que, adem\u00e1s, pudieron conocer las principales inquietudes de la poblaci\u00f3n, mismas que servir\u00e1n para evaluar la gesti\u00f3n realizada en los diferentes programas y servicio.<\/p>\n<p style=\"text-align: justify;\">Adem\u00e1s, de conocer las l\u00edneas estrat\u00e9gicas y pol\u00edticas de trabajo de este Ministerio, la ciudadan\u00eda disfrut\u00f3 mientras aprend\u00eda en medio de actividades l\u00fadicas y concursos. Para los ni\u00f1os, artistas vestidos de animales y guardianes del planeta, montaron shows educativos.<\/p>\n<div id='gallery-1' class='gallery galleryid-13312 gallery-columns-4 gallery-size-thumbnail'><dl class='gallery-item'>\n\t\t\t<dt class='gallery-icon landscape'>\n\t\t\t\t<a href='https:\/\/www.ambienteyenergia.gob.ec\/ambiente\/concienciacion-aprendizaje-de-buenas-practicas-ambientales-juegos-y-compromisos-en-stand-de-mae-cima\/stand\/'><img loading=\"lazy\" decoding=\"async\" width=\"150\" height=\"150\" src=\"https:\/\/www.ambienteyenergia.gob.ec\/ambiente\/wp-content\/uploads\/sites\/2\/2013\/07\/stand-150x150.jpg\" class=\"attachment-thumbnail size-thumbnail\" alt=\"\" \/><\/a>\n\t\t\t<\/dt><\/dl><dl class='gallery-item'>\n\t\t\t<dt class='gallery-icon landscape'>\n\t\t\t\t<a href='https:\/\/www.ambienteyenergia.gob.ec\/ambiente\/concienciacion-aprendizaje-de-buenas-practicas-ambientales-juegos-y-compromisos-en-stand-de-mae-cima\/_mg_9681\/'><img loading=\"lazy\" decoding=\"async\" width=\"150\" height=\"150\" src=\"https:\/\/www.ambienteyenergia.gob.ec\/ambiente\/wp-content\/uploads\/sites\/2\/2013\/07\/MG_9681-150x150.jpg\" class=\"attachment-thumbnail size-thumbnail\" alt=\"\" \/><\/a>\n\t\t\t<\/dt><\/dl><dl class='gallery-item'>\n\t\t\t<dt class='gallery-icon landscape'>\n\t\t\t\t<a href='https:\/\/www.ambienteyenergia.gob.ec\/ambiente\/concienciacion-aprendizaje-de-buenas-practicas-ambientales-juegos-y-compromisos-en-stand-de-mae-cima\/_mg_9687\/'><img loading=\"lazy\" decoding=\"async\" width=\"150\" height=\"150\" src=\"https:\/\/www.ambienteyenergia.gob.ec\/ambiente\/wp-content\/uploads\/sites\/2\/2013\/07\/MG_9687-150x150.jpg\" class=\"attachment-thumbnail size-thumbnail\" alt=\"\" \/><\/a>\n\t\t\t<\/dt><\/dl><dl class='gallery-item'>\n\t\t\t<dt class='gallery-icon landscape'>\n\t\t\t\t<a href='https:\/\/www.ambienteyenergia.gob.ec\/ambiente\/concienciacion-aprendizaje-de-buenas-practicas-ambientales-juegos-y-compromisos-en-stand-de-mae-cima\/_mg_9689\/'><img loading=\"lazy\" decoding=\"async\" width=\"150\" height=\"150\" src=\"https:\/\/www.ambienteyenergia.gob.ec\/ambiente\/wp-content\/uploads\/sites\/2\/2013\/07\/MG_9689-150x150.jpg\" class=\"attachment-thumbnail size-thumbnail\" alt=\"\" \/><\/a>\n\t\t\t<\/dt><\/dl><br style=\"clear: both\" \/><dl class='gallery-item'>\n\t\t\t<dt class='gallery-icon landscape'>\n\t\t\t\t<a href='https:\/\/www.ambienteyenergia.gob.ec\/ambiente\/concienciacion-aprendizaje-de-buenas-practicas-ambientales-juegos-y-compromisos-en-stand-de-mae-cima\/_mg_9732\/'><img loading=\"lazy\" decoding=\"async\" width=\"150\" height=\"150\" src=\"https:\/\/www.ambienteyenergia.gob.ec\/ambiente\/wp-content\/uploads\/sites\/2\/2013\/07\/MG_9732-150x150.jpg\" class=\"attachment-thumbnail size-thumbnail\" alt=\"\" \/><\/a>\n\t\t\t<\/dt><\/dl><dl class='gallery-item'>\n\t\t\t<dt class='gallery-icon landscape'>\n\t\t\t\t<a href='https:\/\/www.ambienteyenergia.gob.ec\/ambiente\/concienciacion-aprendizaje-de-buenas-practicas-ambientales-juegos-y-compromisos-en-stand-de-mae-cima\/_mg_9744\/'><img loading=\"lazy\" decoding=\"async\" width=\"150\" height=\"150\" src=\"https:\/\/www.ambienteyenergia.gob.ec\/ambiente\/wp-content\/uploads\/sites\/2\/2013\/07\/MG_9744-150x150.jpg\" class=\"attachment-thumbnail size-thumbnail\" alt=\"\" \/><\/a>\n\t\t\t<\/dt><\/dl>\n\t\t\t<br style='clear: both' \/>\n\t\t<\/div>\n\n<p>&nbsp;<\/p>\n","protected":false},"excerpt":{"rendered":"<p class=\"excerpt\">Del 15 al 18 de junio, cientos de personas visitaron el stand del Ministerio del Ambiente (MAE) en la Feria Innova Verde de la II Cumbre Internacional de Medio Ambiente (CIMA), realizada en el Centro de Exposiciones de Guayaquil. En medio de retazos de c\u00e1\u00f1amo, bamb\u00fa, y paja de p\u00e1ramo, funcionarios de esta Cartera de Estado dieron a conocer los&hellip; <a href=\"https:\/\/www.ambienteyenergia.gob.ec\/ambiente\/concienciacion-aprendizaje-de-buenas-practicas-ambientales-juegos-y-compromisos-en-stand-de-mae-cima\/\">Read more &rarr;<\/a><\/p>\n","protected":false},"author":13,"featured_media":13313,"comment_status":"open","ping_status":"open","sticky":false,"template":"","format":"standard","meta":{"footnotes":""},"categories":[16,4],"tags":[],"class_list":["post-13312","post","type-post","status-publish","format-standard","has-post-thumbnail","hentry","category-comunicamos","category-noticias","xfolkentry"],"_links":{"self":[{"href":"https:\/\/www.ambienteyenergia.gob.ec\/ambiente\/wp-json\/wp\/v2\/posts\/13312","targetHints":{"allow":["GET"]}}],"collection":[{"href":"https:\/\/www.ambienteyenergia.gob.ec\/ambiente\/wp-json\/wp\/v2\/posts"}],"about":[{"href":"https:\/\/www.ambienteyenergia.gob.ec\/ambiente\/wp-json\/wp\/v2\/types\/post"}],"author":[{"embeddable":true,"href":"https:\/\/www.ambienteyenergia.gob.ec\/ambiente\/wp-json\/wp\/v2\/users\/13"}],"replies":[{"embeddable":true,"href":"https:\/\/www.ambienteyenergia.gob.ec\/ambiente\/wp-json\/wp\/v2\/comments?post=13312"}],"version-history":[{"count":0,"href":"https:\/\/www.ambienteyenergia.gob.ec\/ambiente\/wp-json\/wp\/v2\/posts\/13312\/revisions"}],"wp:featuredmedia":[{"embeddable":true,"href":"https:\/\/www.ambienteyenergia.gob.ec\/ambiente\/wp-json\/wp\/v2\/media\/13313"}],"wp:attachment":[{"href":"https:\/\/www.ambienteyenergia.gob.ec\/ambiente\/wp-json\/wp\/v2\/media?parent=13312"}],"wp:term":[{"taxonomy":"category","embeddable":true,"href":"https:\/\/www.ambienteyenergia.gob.ec\/ambiente\/wp-json\/wp\/v2\/categories?post=13312"},{"taxonomy":"post_tag","embeddable":true,"href":"https:\/\/www.ambienteyenergia.gob.ec\/ambiente\/wp-json\/wp\/v2\/tags?post=13312"}],"curies":[{"name":"wp","href":"https:\/\/api.w.org\/{rel}","templated":true}]}}