{"id":13305,"date":"2013-07-19T00:40:23","date_gmt":"2013-07-19T05:40:23","guid":{"rendered":"http:\/\/www.ambiente.gob.ec\/?p=13305"},"modified":"2013-07-20T12:43:09","modified_gmt":"2013-07-20T17:43:09","slug":"ministra-del-ambiente-lorena-tapia-entrego-galardon-al-mejor-proyecto-publico-verde-en-los-premios-latinoamerica-verde-2","status":"publish","type":"post","link":"https:\/\/www.ambienteyenergia.gob.ec\/ambiente\/ministra-del-ambiente-lorena-tapia-entrego-galardon-al-mejor-proyecto-publico-verde-en-los-premios-latinoamerica-verde-2\/","title":{"rendered":"Ministra del Ambiente, Lorena Tapia,  entreg\u00f3 galard\u00f3n al Mejor Proyecto P\u00fablico Verde en los Premios Latinoam\u00e9rica Verde"},"content":{"rendered":"<p style=\"text-align: justify;\">\u00abLa II Cumbre Internacional de Medio Ambiente (CIMA) lleg\u00f3 a su fin. Sin embargo, es el inicio de un proceso diferente de concienciaci\u00f3n y responsabilidad ambiental. Este es un d\u00eda de celebraci\u00f3n, hemos estrechado lazos para trabajar en pro del Ambiente. As\u00ed que con mucha felicidad entregamos el premio al Mejor Proyecto P\u00fablico Verde al Ministerio de Agricultura, Ganader\u00eda, Acuacultura y Pesca (MAGAP), instituci\u00f3n que ha demostrado ser diferente y responsable\u00bb, manifest\u00f3 Lorena Tapia, M\u00e1xima Autoridad Ambiental, en el Marco de los Premios Latinoam\u00e9rica Verde realizados ayer, en Guayaquil.<\/p>\n<p style=\"text-align: justify;\">La primera edici\u00f3n de los Premios Latinoam\u00e9rica Verde, llevada a cabo en la jornada de Clausura de CIMA, fue un espacio donde se reconoci\u00f3 p\u00fablicamente el trabajo de aquellos que desde su labor profesional o personal contribuyen a la preservaci\u00f3n del medio ambiente.<\/p>\n<p style=\"text-align: justify;\">De todo el pa\u00eds, hubo 109 inscritos. Las categor\u00edas fueron: Mejor Proyecto P\u00fablico Verde, Mejor Comunicador Verde, Mejor Estrategia de Responsabilidad Social, Mejor Emprendimiento Verde, Mejor Programa Educativo Verde, Mejor Proyecto Arquitect\u00f3nico Sustentable, Mejor Programa Comunitario Verde<\/p>\n<p style=\"text-align: justify;\">El objetivo de esta premiaci\u00f3n fue impulsar\u00a0 las estrategias y los individuos que han incorporado efectiva y eficientemente\u00a0 la creatividad, la innovaci\u00f3n y la sostenibilidad para convertirlos en agentes de cambio e inspiraci\u00f3n con su ejemplo.<\/p>\n<p style=\"text-align: justify;\">\u201cCon los Premios Latinoam\u00e9rica Verde pretendemos mandar una se\u00f1al al mundo y demostrar que Ecuador es verde, no s\u00f3lo por su riqueza de biodiversidad, sino que somos verdes en nuestras acciones, y hacer una invitaci\u00f3n a los que no hacen nada por el planeta dici\u00e9ndoles que cualquier acci\u00f3n suma\u201d coment\u00f3 Gustavo Manrique, Presidente de CIMA .<\/p>\n<div id='gallery-1' class='gallery galleryid-13305 gallery-columns-4 gallery-size-thumbnail'><dl class='gallery-item'>\n\t\t\t<dt class='gallery-icon landscape'>\n\t\t\t\t<a href='https:\/\/www.ambienteyenergia.gob.ec\/ambiente\/ministra-del-ambiente-lorena-tapia-entrego-galardon-al-mejor-proyecto-publico-verde-en-los-premios-latinoamerica-verde-2\/_mg_0235\/'><img loading=\"lazy\" decoding=\"async\" width=\"150\" height=\"150\" src=\"https:\/\/www.ambienteyenergia.gob.ec\/ambiente\/wp-content\/uploads\/sites\/2\/2013\/07\/MG_0235-150x150.jpg\" class=\"attachment-thumbnail size-thumbnail\" alt=\"\" \/><\/a>\n\t\t\t<\/dt><\/dl><dl class='gallery-item'>\n\t\t\t<dt class='gallery-icon landscape'>\n\t\t\t\t<a href='https:\/\/www.ambienteyenergia.gob.ec\/ambiente\/ministra-del-ambiente-lorena-tapia-entrego-galardon-al-mejor-proyecto-publico-verde-en-los-premios-latinoamerica-verde-2\/_mg_0356\/'><img loading=\"lazy\" decoding=\"async\" width=\"150\" height=\"150\" src=\"https:\/\/www.ambienteyenergia.gob.ec\/ambiente\/wp-content\/uploads\/sites\/2\/2013\/07\/MG_0356-150x150.jpg\" class=\"attachment-thumbnail size-thumbnail\" alt=\"\" \/><\/a>\n\t\t\t<\/dt><\/dl><dl class='gallery-item'>\n\t\t\t<dt class='gallery-icon landscape'>\n\t\t\t\t<a href='https:\/\/www.ambienteyenergia.gob.ec\/ambiente\/ministra-del-ambiente-lorena-tapia-entrego-galardon-al-mejor-proyecto-publico-verde-en-los-premios-latinoamerica-verde-2\/peque\/'><img loading=\"lazy\" decoding=\"async\" width=\"150\" height=\"150\" src=\"https:\/\/www.ambienteyenergia.gob.ec\/ambiente\/wp-content\/uploads\/sites\/2\/2013\/07\/peque-150x150.jpg\" class=\"attachment-thumbnail size-thumbnail\" alt=\"\" \/><\/a>\n\t\t\t<\/dt><\/dl><dl class='gallery-item'>\n\t\t\t<dt class='gallery-icon landscape'>\n\t\t\t\t<a href='https:\/\/www.ambienteyenergia.gob.ec\/ambiente\/ministra-del-ambiente-lorena-tapia-entrego-galardon-al-mejor-proyecto-publico-verde-en-los-premios-latinoamerica-verde-2\/_mg_0417\/'><img loading=\"lazy\" decoding=\"async\" width=\"150\" height=\"150\" src=\"https:\/\/www.ambienteyenergia.gob.ec\/ambiente\/wp-content\/uploads\/sites\/2\/2013\/07\/MG_0417-150x150.jpg\" class=\"attachment-thumbnail size-thumbnail\" alt=\"\" \/><\/a>\n\t\t\t<\/dt><\/dl><br style=\"clear: both\" \/><dl class='gallery-item'>\n\t\t\t<dt class='gallery-icon landscape'>\n\t\t\t\t<a href='https:\/\/www.ambienteyenergia.gob.ec\/ambiente\/ministra-del-ambiente-lorena-tapia-entrego-galardon-al-mejor-proyecto-publico-verde-en-los-premios-latinoamerica-verde-2\/_mg_0218-3\/'><img loading=\"lazy\" decoding=\"async\" width=\"150\" height=\"150\" src=\"https:\/\/www.ambienteyenergia.gob.ec\/ambiente\/wp-content\/uploads\/sites\/2\/2013\/07\/MG_02182-150x150.jpg\" class=\"attachment-thumbnail size-thumbnail\" alt=\"\" \/><\/a>\n\t\t\t<\/dt><\/dl><dl class='gallery-item'>\n\t\t\t<dt class='gallery-icon landscape'>\n\t\t\t\t<a href='https:\/\/www.ambienteyenergia.gob.ec\/ambiente\/ministra-del-ambiente-lorena-tapia-entrego-galardon-al-mejor-proyecto-publico-verde-en-los-premios-latinoamerica-verde-2\/_mg_0424\/'><img loading=\"lazy\" decoding=\"async\" width=\"150\" height=\"150\" src=\"https:\/\/www.ambienteyenergia.gob.ec\/ambiente\/wp-content\/uploads\/sites\/2\/2013\/07\/MG_0424-150x150.jpg\" class=\"attachment-thumbnail size-thumbnail\" alt=\"\" \/><\/a>\n\t\t\t<\/dt><\/dl>\n\t\t\t<br style='clear: both' \/>\n\t\t<\/div>\n\n<p>&nbsp;<\/p>\n","protected":false},"excerpt":{"rendered":"<p class=\"excerpt\">\u00abLa II Cumbre Internacional de Medio Ambiente (CIMA) lleg\u00f3 a su fin. Sin embargo, es el inicio de un proceso diferente de concienciaci\u00f3n y responsabilidad ambiental. Este es un d\u00eda de celebraci\u00f3n, hemos estrechado lazos para trabajar en pro del Ambiente. As\u00ed que con mucha felicidad entregamos el premio al Mejor Proyecto P\u00fablico Verde al Ministerio de Agricultura, Ganader\u00eda, Acuacultura&hellip; <a href=\"https:\/\/www.ambienteyenergia.gob.ec\/ambiente\/ministra-del-ambiente-lorena-tapia-entrego-galardon-al-mejor-proyecto-publico-verde-en-los-premios-latinoamerica-verde-2\/\">Read more &rarr;<\/a><\/p>\n","protected":false},"author":13,"featured_media":13306,"comment_status":"open","ping_status":"open","sticky":false,"template":"","format":"standard","meta":{"footnotes":""},"categories":[16,4,10],"tags":[323,325,53],"class_list":["post-13305","post","type-post","status-publish","format-standard","has-post-thumbnail","hentry","category-comunicamos","category-noticias","category-noticias-destacadas","tag-cima","tag-cumbre-internacional-de-medio-ambiente","tag-mae","xfolkentry"],"_links":{"self":[{"href":"https:\/\/www.ambienteyenergia.gob.ec\/ambiente\/wp-json\/wp\/v2\/posts\/13305","targetHints":{"allow":["GET"]}}],"collection":[{"href":"https:\/\/www.ambienteyenergia.gob.ec\/ambiente\/wp-json\/wp\/v2\/posts"}],"about":[{"href":"https:\/\/www.ambienteyenergia.gob.ec\/ambiente\/wp-json\/wp\/v2\/types\/post"}],"author":[{"embeddable":true,"href":"https:\/\/www.ambienteyenergia.gob.ec\/ambiente\/wp-json\/wp\/v2\/users\/13"}],"replies":[{"embeddable":true,"href":"https:\/\/www.ambienteyenergia.gob.ec\/ambiente\/wp-json\/wp\/v2\/comments?post=13305"}],"version-history":[{"count":0,"href":"https:\/\/www.ambienteyenergia.gob.ec\/ambiente\/wp-json\/wp\/v2\/posts\/13305\/revisions"}],"wp:featuredmedia":[{"embeddable":true,"href":"https:\/\/www.ambienteyenergia.gob.ec\/ambiente\/wp-json\/wp\/v2\/media\/13306"}],"wp:attachment":[{"href":"https:\/\/www.ambienteyenergia.gob.ec\/ambiente\/wp-json\/wp\/v2\/media?parent=13305"}],"wp:term":[{"taxonomy":"category","embeddable":true,"href":"https:\/\/www.ambienteyenergia.gob.ec\/ambiente\/wp-json\/wp\/v2\/categories?post=13305"},{"taxonomy":"post_tag","embeddable":true,"href":"https:\/\/www.ambienteyenergia.gob.ec\/ambiente\/wp-json\/wp\/v2\/tags?post=13305"}],"curies":[{"name":"wp","href":"https:\/\/api.w.org\/{rel}","templated":true}]}}