{"id":13289,"date":"2013-07-18T16:36:00","date_gmt":"2013-07-18T21:36:00","guid":{"rendered":"http:\/\/www.ambiente.gob.ec\/?p=13289"},"modified":"2013-07-18T17:08:40","modified_gmt":"2013-07-18T22:08:40","slug":"exposicion-fotografica-de-las-areas-protegidas-en-la-estacion-norte-del-trolebus","status":"publish","type":"post","link":"https:\/\/www.ambienteyenergia.gob.ec\/ambiente\/exposicion-fotografica-de-las-areas-protegidas-en-la-estacion-norte-del-trolebus\/","title":{"rendered":"Exposici\u00f3n fotogr\u00e1fica de las \u00c1reas Protegidas en la Estaci\u00f3n Norte del Troleb\u00fas"},"content":{"rendered":"<p style=\"text-align: justify;\">El Ministerio del Ambiente (MAE), en conmemoraci\u00f3n al D\u00eda Nacional de las \u00c1reas Protegidas que se celebra hoy, realiza una muestra fotogr\u00e1fica representativa de las bellezas naturales que posee nuestro pa\u00eds, en la estaci\u00f3n norte del troleb\u00fas, en Quito. El objetivo es dar a conocer a la poblaci\u00f3n la belleza de estos ecosistemas y la biodiversidad que abunda en ellas y a la vez concienciarlos en su protecci\u00f3n y cuidado.<\/p>\n<p style=\"text-align: justify;\">Ecuador es uno de los 17 pa\u00edses megadiversos en el mundo, puesto que en su territorio alberga al 15% de las especies de todo el planeta. Por ello, ha sido un objetivo fundamental la protecci\u00f3n de los espacios geogr\u00e1ficos en donde se desarrollan estos ricos ecosistemas. En ese sentido, se ha buscado el involucramiento de los actores sociales en el cuidado de las \u00e1reas protegidas, con la finalidad de fortalecer la gesti\u00f3n del Sistema Nacional de \u00c1reas Protegidas (SNAP).<\/p>\n<p style=\"text-align: justify;\">Esta exposici\u00f3n fotogr\u00e1fica es gratuita y se presentar\u00e1 en la Estaci\u00f3n Norte del Troleb\u00fas, desde las 9:00 hasta las 19:00.<\/p>\n<p style=\"text-align: justify;\">Marco Antonio Due\u00f1as, uno de los usuarios de este medio de transporte, reconoce el valor de proteger los recursos naturales y afirma que \u00e9l, junto a su familia, son asiduos visitantes de las \u00e1reas protegidas. \u201cEsta es la manera de ense\u00f1arles a mis hijos a proteger la naturaleza, llevarlos a conocer estos lugares naturales\u201d, afirm\u00f3.<\/p>\n<p style=\"text-align: justify;\">Asimismo, la presencia de mimos anim\u00f3 al p\u00fablico a prestar atenci\u00f3n a las fotograf\u00edas y a informarse sobre el II Congreso Nacional de \u00c1reas Protegidas que se realizar\u00e1 el 29 de julio pr\u00f3ximo, en el Centro Cultural de la Universidad Cat\u00f3lica de Quito.<\/p>\n<p style=\"text-align: justify;\">Para mayor informaci\u00f3n visite el blog oficial www.areasprotegidas2013.blogspot.com<\/p>\n<div id='gallery-1' class='gallery galleryid-13289 gallery-columns-4 gallery-size-thumbnail'><dl class='gallery-item'>\n\t\t\t<dt class='gallery-icon landscape'>\n\t\t\t\t<a href='https:\/\/www.ambienteyenergia.gob.ec\/ambiente\/exposicion-fotografica-de-las-areas-protegidas-en-la-estacion-norte-del-trolebus\/ilustracion-1\/'><img loading=\"lazy\" decoding=\"async\" width=\"150\" height=\"150\" src=\"https:\/\/www.ambienteyenergia.gob.ec\/ambiente\/wp-content\/uploads\/sites\/2\/2013\/07\/ILUSTRACION-1-150x150.jpg\" class=\"attachment-thumbnail size-thumbnail\" alt=\"\" \/><\/a>\n\t\t\t<\/dt><\/dl><dl class='gallery-item'>\n\t\t\t<dt class='gallery-icon landscape'>\n\t\t\t\t<a href='https:\/\/www.ambienteyenergia.gob.ec\/ambiente\/exposicion-fotografica-de-las-areas-protegidas-en-la-estacion-norte-del-trolebus\/1-48\/'><img loading=\"lazy\" decoding=\"async\" width=\"150\" height=\"150\" src=\"https:\/\/www.ambienteyenergia.gob.ec\/ambiente\/wp-content\/uploads\/sites\/2\/2013\/07\/11-150x150.jpg\" class=\"attachment-thumbnail size-thumbnail\" alt=\"\" \/><\/a>\n\t\t\t<\/dt><\/dl><dl class='gallery-item'>\n\t\t\t<dt class='gallery-icon landscape'>\n\t\t\t\t<a href='https:\/\/www.ambienteyenergia.gob.ec\/ambiente\/exposicion-fotografica-de-las-areas-protegidas-en-la-estacion-norte-del-trolebus\/2-40\/'><img loading=\"lazy\" decoding=\"async\" width=\"150\" height=\"150\" src=\"https:\/\/www.ambienteyenergia.gob.ec\/ambiente\/wp-content\/uploads\/sites\/2\/2013\/07\/21-150x150.jpg\" class=\"attachment-thumbnail size-thumbnail\" alt=\"\" \/><\/a>\n\t\t\t<\/dt><\/dl><dl class='gallery-item'>\n\t\t\t<dt class='gallery-icon landscape'>\n\t\t\t\t<a href='https:\/\/www.ambienteyenergia.gob.ec\/ambiente\/exposicion-fotografica-de-las-areas-protegidas-en-la-estacion-norte-del-trolebus\/3-27\/'><img loading=\"lazy\" decoding=\"async\" width=\"150\" height=\"150\" src=\"https:\/\/www.ambienteyenergia.gob.ec\/ambiente\/wp-content\/uploads\/sites\/2\/2013\/07\/31-150x150.jpg\" class=\"attachment-thumbnail size-thumbnail\" alt=\"\" \/><\/a>\n\t\t\t<\/dt><\/dl><br style=\"clear: both\" \/>\n\t\t<\/div>\n\n<p>&nbsp;<\/p>\n","protected":false},"excerpt":{"rendered":"<p class=\"excerpt\">El Ministerio del Ambiente (MAE), en conmemoraci\u00f3n al D\u00eda Nacional de las \u00c1reas Protegidas que se celebra hoy, realiza una muestra fotogr\u00e1fica representativa de las bellezas naturales que posee nuestro pa\u00eds, en la estaci\u00f3n norte del troleb\u00fas, en Quito. El objetivo es dar a conocer a la poblaci\u00f3n la belleza de estos ecosistemas y la biodiversidad que abunda en ellas&hellip; <a href=\"https:\/\/www.ambienteyenergia.gob.ec\/ambiente\/exposicion-fotografica-de-las-areas-protegidas-en-la-estacion-norte-del-trolebus\/\">Read more &rarr;<\/a><\/p>\n","protected":false},"author":13,"featured_media":13292,"comment_status":"open","ping_status":"open","sticky":false,"template":"","format":"standard","meta":{"footnotes":""},"categories":[16,4],"tags":[],"class_list":["post-13289","post","type-post","status-publish","format-standard","has-post-thumbnail","hentry","category-comunicamos","category-noticias","xfolkentry"],"_links":{"self":[{"href":"https:\/\/www.ambienteyenergia.gob.ec\/ambiente\/wp-json\/wp\/v2\/posts\/13289","targetHints":{"allow":["GET"]}}],"collection":[{"href":"https:\/\/www.ambienteyenergia.gob.ec\/ambiente\/wp-json\/wp\/v2\/posts"}],"about":[{"href":"https:\/\/www.ambienteyenergia.gob.ec\/ambiente\/wp-json\/wp\/v2\/types\/post"}],"author":[{"embeddable":true,"href":"https:\/\/www.ambienteyenergia.gob.ec\/ambiente\/wp-json\/wp\/v2\/users\/13"}],"replies":[{"embeddable":true,"href":"https:\/\/www.ambienteyenergia.gob.ec\/ambiente\/wp-json\/wp\/v2\/comments?post=13289"}],"version-history":[{"count":0,"href":"https:\/\/www.ambienteyenergia.gob.ec\/ambiente\/wp-json\/wp\/v2\/posts\/13289\/revisions"}],"wp:featuredmedia":[{"embeddable":true,"href":"https:\/\/www.ambienteyenergia.gob.ec\/ambiente\/wp-json\/wp\/v2\/media\/13292"}],"wp:attachment":[{"href":"https:\/\/www.ambienteyenergia.gob.ec\/ambiente\/wp-json\/wp\/v2\/media?parent=13289"}],"wp:term":[{"taxonomy":"category","embeddable":true,"href":"https:\/\/www.ambienteyenergia.gob.ec\/ambiente\/wp-json\/wp\/v2\/categories?post=13289"},{"taxonomy":"post_tag","embeddable":true,"href":"https:\/\/www.ambienteyenergia.gob.ec\/ambiente\/wp-json\/wp\/v2\/tags?post=13289"}],"curies":[{"name":"wp","href":"https:\/\/api.w.org\/{rel}","templated":true}]}}