{"id":13280,"date":"2013-07-17T21:56:11","date_gmt":"2013-07-18T02:56:11","guid":{"rendered":"http:\/\/www.ambiente.gob.ec\/?p=13280"},"modified":"2013-07-17T21:56:11","modified_gmt":"2013-07-18T02:56:11","slug":"mae-y-caf-suscriben-convenio-de-cooperacion-tecnica","status":"publish","type":"post","link":"https:\/\/www.ambienteyenergia.gob.ec\/ambiente\/mae-y-caf-suscriben-convenio-de-cooperacion-tecnica\/","title":{"rendered":"MAE y CAF suscriben convenio de cooperaci\u00f3n t\u00e9cnica"},"content":{"rendered":"<p style=\"text-align: justify;\">Hoy, el Ministerio del Ambiente (MAE) suscribi\u00f3 un convenio de cooperaci\u00f3n t\u00e9cnica con la Corporaci\u00f3n Andina de Fomento (CAF), que est\u00e1 destinada a brindar apoyo en la generaci\u00f3n en proyectos de conservaci\u00f3n para el Yasun\u00ed.<\/p>\n<p style=\"text-align: justify;\">Adem\u00e1s, se aprovech\u00f3 el momento para premiar a los ganadores de proyectos basados en biodiversidad y relacionados con el uso sostenible de la misma. En el concurso participaron alrededor de 36 personas de las cuales se eligi\u00f3 tres proyectos innovadores.<\/p>\n<p style=\"text-align: justify;\">El primer premio de USD 6 000 lo recibi\u00f3 el proyecto denominado \u201cSostenibilidad financiera de la Reserva Mashpi Shungo\u201d, que se dedica al procesamiento de productos derivados de cacao, provenientes de sistemas agroforestales org\u00e1nicos, provincia de Pichincha.<\/p>\n<p style=\"text-align: justify;\">\n<p style=\"text-align: justify;\">El segundo lugar de USD 4 000 lo obtuvo el Centro Recreacional Ecotur\u00edstico y Cultural de la Isla Santay, provincia del Guayas. Este fue un proyecto de tesis universitaria, vinculado con el ecoturismo comunitario en el humedal.<\/p>\n<p style=\"text-align: justify;\">Y finalmente, el \u00faltimo premio de USD 2 000 fue para el proyecto Conservaci\u00f3n del bosque de nubes, en la regi\u00f3n del choc\u00f3 ecuatoriano en la zona de Nanegalito, provincia de Pichincha. El objetivo es fortalecer la conservaci\u00f3n, educaci\u00f3n e investigaci\u00f3n de la naturaleza del sector.<\/p>\n<p>&nbsp;<\/p>\n<p>&nbsp;<\/p>\n","protected":false},"excerpt":{"rendered":"<p class=\"excerpt\">Hoy, el Ministerio del Ambiente (MAE) suscribi\u00f3 un convenio de cooperaci\u00f3n t\u00e9cnica con la Corporaci\u00f3n Andina de Fomento (CAF), que est\u00e1 destinada a brindar apoyo en la generaci\u00f3n en proyectos de conservaci\u00f3n para el Yasun\u00ed. Adem\u00e1s, se aprovech\u00f3 el momento para premiar a los ganadores de proyectos basados en biodiversidad y relacionados con el uso sostenible de la misma. En&hellip; <a href=\"https:\/\/www.ambienteyenergia.gob.ec\/ambiente\/mae-y-caf-suscriben-convenio-de-cooperacion-tecnica\/\">Read more &rarr;<\/a><\/p>\n","protected":false},"author":13,"featured_media":13281,"comment_status":"open","ping_status":"open","sticky":false,"template":"","format":"standard","meta":{"footnotes":""},"categories":[16,4],"tags":[326,323,53],"class_list":["post-13280","post","type-post","status-publish","format-standard","has-post-thumbnail","hentry","category-comunicamos","category-noticias","tag-caf","tag-cima","tag-mae","xfolkentry"],"_links":{"self":[{"href":"https:\/\/www.ambienteyenergia.gob.ec\/ambiente\/wp-json\/wp\/v2\/posts\/13280","targetHints":{"allow":["GET"]}}],"collection":[{"href":"https:\/\/www.ambienteyenergia.gob.ec\/ambiente\/wp-json\/wp\/v2\/posts"}],"about":[{"href":"https:\/\/www.ambienteyenergia.gob.ec\/ambiente\/wp-json\/wp\/v2\/types\/post"}],"author":[{"embeddable":true,"href":"https:\/\/www.ambienteyenergia.gob.ec\/ambiente\/wp-json\/wp\/v2\/users\/13"}],"replies":[{"embeddable":true,"href":"https:\/\/www.ambienteyenergia.gob.ec\/ambiente\/wp-json\/wp\/v2\/comments?post=13280"}],"version-history":[{"count":0,"href":"https:\/\/www.ambienteyenergia.gob.ec\/ambiente\/wp-json\/wp\/v2\/posts\/13280\/revisions"}],"wp:featuredmedia":[{"embeddable":true,"href":"https:\/\/www.ambienteyenergia.gob.ec\/ambiente\/wp-json\/wp\/v2\/media\/13281"}],"wp:attachment":[{"href":"https:\/\/www.ambienteyenergia.gob.ec\/ambiente\/wp-json\/wp\/v2\/media?parent=13280"}],"wp:term":[{"taxonomy":"category","embeddable":true,"href":"https:\/\/www.ambienteyenergia.gob.ec\/ambiente\/wp-json\/wp\/v2\/categories?post=13280"},{"taxonomy":"post_tag","embeddable":true,"href":"https:\/\/www.ambienteyenergia.gob.ec\/ambiente\/wp-json\/wp\/v2\/tags?post=13280"}],"curies":[{"name":"wp","href":"https:\/\/api.w.org\/{rel}","templated":true}]}}