{"id":13272,"date":"2013-07-17T18:02:13","date_gmt":"2013-07-17T23:02:13","guid":{"rendered":"http:\/\/www.ambiente.gob.ec\/?p=13272"},"modified":"2013-07-17T20:29:39","modified_gmt":"2013-07-18T01:29:39","slug":"mae-expuso-sobre-banca-como-socio-en-la-gestion-ambiental-en-foro-ecobanca-ii-cima","status":"publish","type":"post","link":"https:\/\/www.ambienteyenergia.gob.ec\/ambiente\/mae-expuso-sobre-banca-como-socio-en-la-gestion-ambiental-en-foro-ecobanca-ii-cima\/","title":{"rendered":"MAE expuso sobre Banca como socio en la Gesti\u00f3n Ambiental en foro EcoBanca, II  CIMA"},"content":{"rendered":"<p style=\"text-align: justify;\">Empresarios, ejecutivos, representantes de la banca y organismos de cooperaci\u00f3n y la autoridad ambiental se reunieron en el Foro de EcoBanca realizado hoy, en horas de la tarde, en el marco de la II Cumbre Internacional de Medio Ambiente (CIMA) para incorporar procesos, pr\u00e1cticas y herramientas para evaluar y cuantificar los riesgos e impactos ambientales de los proyectos que financian<\/p>\n<p style=\"text-align: justify;\">En la ponencia \u00abLa Banca como socio en la Gesti\u00f3n Ambiental\u00bb, Juan Carlos Soria, titular de la Subsecretar\u00eda de Calidad Ambiental del Ministerio del Ambiente (MAE), explic\u00f3 puntos fundamentales en la relaci\u00f3n riesgos ambientales-inversiones. Entre ellos, producci\u00f3n y consumo sustentable, modelo propuesto de gesti\u00f3n en producci\u00f3n y consumo sustentable, incentivos ambientales como la Certificaci\u00f3n \u00abPunto Verde\u00bb, misma que reconoce la aplicaci\u00f3n de pr\u00e1cticas amigables con la naturaleza en procesos de producci\u00f3n; y la gesti\u00f3n MAE- Corporaci\u00f3n Financiera Nacional (CFN).<\/p>\n<p style=\"text-align: justify;\">Sobre este \u00faltimo punto, Soria comunic\u00f3 que para incorporar lineamientos ambientales en cr\u00e9ditos que ofrece la CFN al sector beneficiario, el MAE crear\u00e1 una Unidad de Gesti\u00f3n ambiental para la coordinaci\u00f3n efectiva. De esta manera, se podr\u00e1 verificar que el sector beneficiario cumpla con la Legislaci\u00f3n Ambiental vigente, para el otorgamiento del cr\u00e9dito. Quienes accedan a l\u00edneas de cr\u00e9dito en el sector Forestal tendr\u00e1n un plazo de hasta 20 a\u00f1os y en el sector Productivo, hasta 10 a\u00f1os, con una tasa de cr\u00e9dito de 8% a 11%.<\/p>\n<p style=\"text-align: justify;\">Asimismo, enfatiz\u00f3 en que esta Cartera de Estado mide los resultados positivos de la inversi\u00f3n de la banca en pro de la implementaci\u00f3n de una producci\u00f3n respetuosa del planeta y responsable con los recursos, en factores como la reducci\u00f3n de costos por mejor manejo energ\u00e9tico, aumento del margen comercial, y al evitar o disminuir inversi\u00f3n en plantas de tratamiento debido a que los montos adquiridos a trav\u00e9s de instituciones financiera ayudan a evaluar riesgos y por consiguiente a elaborar planes de contingencia y reparaci\u00f3n, minimizando impactos negativos en el ambiente.<\/p>\n<p style=\"text-align: justify;\">En el foro participaron tambi\u00e9n Ligia Castro, Directora de Medio Ambiente de Corporaci\u00f3n Andina de Fomento (CAF), Jos\u00e9 Miguel Guarderas, Gerente General de la consultora Soluciones Ambientales Totales (Sambito) y J\u00e9ssica Jabob, representante de Findeler de Colombia.<\/p>\n<p style=\"text-align: justify;\">\n","protected":false},"excerpt":{"rendered":"<p class=\"excerpt\">Empresarios, ejecutivos, representantes de la banca y organismos de cooperaci\u00f3n y la autoridad ambiental se reunieron en el Foro de EcoBanca realizado hoy, en horas de la tarde, en el marco de la II Cumbre Internacional de Medio Ambiente (CIMA) para incorporar procesos, pr\u00e1cticas y herramientas para evaluar y cuantificar los riesgos e impactos ambientales de los proyectos que financian&hellip; <a href=\"https:\/\/www.ambienteyenergia.gob.ec\/ambiente\/mae-expuso-sobre-banca-como-socio-en-la-gestion-ambiental-en-foro-ecobanca-ii-cima\/\">Read more &rarr;<\/a><\/p>\n","protected":false},"author":13,"featured_media":13274,"comment_status":"open","ping_status":"open","sticky":false,"template":"","format":"standard","meta":{"footnotes":""},"categories":[16,4],"tags":[323,325,68,53],"class_list":["post-13272","post","type-post","status-publish","format-standard","has-post-thumbnail","hentry","category-comunicamos","category-noticias","tag-cima","tag-cumbre-internacional-de-medio-ambiente","tag-guayaquil","tag-mae","xfolkentry"],"_links":{"self":[{"href":"https:\/\/www.ambienteyenergia.gob.ec\/ambiente\/wp-json\/wp\/v2\/posts\/13272","targetHints":{"allow":["GET"]}}],"collection":[{"href":"https:\/\/www.ambienteyenergia.gob.ec\/ambiente\/wp-json\/wp\/v2\/posts"}],"about":[{"href":"https:\/\/www.ambienteyenergia.gob.ec\/ambiente\/wp-json\/wp\/v2\/types\/post"}],"author":[{"embeddable":true,"href":"https:\/\/www.ambienteyenergia.gob.ec\/ambiente\/wp-json\/wp\/v2\/users\/13"}],"replies":[{"embeddable":true,"href":"https:\/\/www.ambienteyenergia.gob.ec\/ambiente\/wp-json\/wp\/v2\/comments?post=13272"}],"version-history":[{"count":0,"href":"https:\/\/www.ambienteyenergia.gob.ec\/ambiente\/wp-json\/wp\/v2\/posts\/13272\/revisions"}],"wp:featuredmedia":[{"embeddable":true,"href":"https:\/\/www.ambienteyenergia.gob.ec\/ambiente\/wp-json\/wp\/v2\/media\/13274"}],"wp:attachment":[{"href":"https:\/\/www.ambienteyenergia.gob.ec\/ambiente\/wp-json\/wp\/v2\/media?parent=13272"}],"wp:term":[{"taxonomy":"category","embeddable":true,"href":"https:\/\/www.ambienteyenergia.gob.ec\/ambiente\/wp-json\/wp\/v2\/categories?post=13272"},{"taxonomy":"post_tag","embeddable":true,"href":"https:\/\/www.ambienteyenergia.gob.ec\/ambiente\/wp-json\/wp\/v2\/tags?post=13272"}],"curies":[{"name":"wp","href":"https:\/\/api.w.org\/{rel}","templated":true}]}}