{"id":13265,"date":"2013-07-17T12:41:28","date_gmt":"2013-07-17T17:41:28","guid":{"rendered":"http:\/\/www.ambiente.gob.ec\/?p=13265"},"modified":"2013-07-17T13:13:40","modified_gmt":"2013-07-17T18:13:40","slug":"biocomercio-una-alternativa-de-desarrollo-sostenible-que-promueve-el-mae","status":"publish","type":"post","link":"https:\/\/www.ambienteyenergia.gob.ec\/ambiente\/biocomercio-una-alternativa-de-desarrollo-sostenible-que-promueve-el-mae\/","title":{"rendered":"Biocomercio, una alternativa de desarrollo sostenible que promueve el MAE"},"content":{"rendered":"<p style=\"text-align: justify;\">Hoy, en el marco de la II Cumbre Internacional del Medio Ambiente (CIMA), el Ministerio del Ambiente (MAE) particip\u00f3 en el Foro de Biocomercio, donde se expusieron temas como marco jur\u00eddico, potencial de la biodiversidad, informaci\u00f3n general para el acceso a mercados y casos de \u00e9xito de biocomercio. La conferencia se desarroll\u00f3 en el sal\u00f3n Clemente Yerovi del Centro de Convenciones de Guayaquil.<\/p>\n<p style=\"text-align: justify;\">El objetivo fue exteriorizar conceptos b\u00e1sicos de biocomercio y presentar el proyecto <strong>\u00abFacilitaci\u00f3n de financiamiento para negocios basados en la biodiversidad y apoyo a actividades de desarrollo de mercados en la regi\u00f3n andina\u201d,<\/strong> programa que tiene como finalidad implementar estrategias que promuevan el comercio sostenible de bienes y servicios derivados de la biodiversidad, procurando una distribuci\u00f3n justa y equitativa de beneficios.<\/p>\n<p style=\"text-align: justify;\">Los expositores fueron Mauricio Vel\u00e1squez, Ejecutivo Principal de Medio Ambiente de la Regi\u00f3n Norte CAF; Teddy Escarabay, T\u00e9cnico de la Direcci\u00f3n Nacional de Biodiversidad del Ministerio del Ambiente; Giovanni Ginatta, Coordinador General del proyecto Biocomercio de CORPEI; Jaime C\u00e1rdenas, Coordinador Regional de Biocomercio Andino GEF \u2013 CAF; Mar\u00eda Julia Oliva, Coordinadora principal de pol\u00edticas y apoyo t\u00e9cnico UEBT y Mar\u00eda Dolores Guarderas, Gerente general Wikiri.<\/p>\n<p style=\"text-align: justify;\">Giovanni Ginatta inici\u00f3 su ponencia se\u00f1alando que \u201cel biocomercio se refiere a todas las actividades de producci\u00f3n, procesamiento y comercializaci\u00f3n de bienes y servicios derivados de la biodiversidad pero bajo los criterios de sostenibilidad ambiental, social y econ\u00f3mica\u201d.<\/p>\n<p style=\"text-align: justify;\">Por otro lado, Teddy Escarabay, representante del Ministerio del Ambiente, expuso el biocomercio como una herramienta de conservaci\u00f3n en el Ecuador, la normativa legal y la importancia de la biodiversidad en el pa\u00eds, las principales causas de su p\u00e9rdida y los efectos de la misma. \u201cEl biocomercio, para que sea aplicable debe basarse fundamentalmente en principios y criterios de conservaci\u00f3n que partan de condiciones de sostenibilidad ambiental, social y econ\u00f3mica y que prioricen la distribuci\u00f3n justa de beneficios y el cumplimiento de la legislaci\u00f3n nacional e internacional\u201d, ratific\u00f3.<\/p>\n<p style=\"text-align: justify;\">Asimismo, explic\u00f3 las iniciativas que esta Cartera de Estado realiza para frenar la p\u00e9rdida de biodiversidad, entre ellas est\u00e1n convenios interinstitucionales como el que se suscribi\u00f3 con la Corporaci\u00f3n Andina de Fomento (CAF) y Corpei en el 2011, para promover negocios basados en biodiversidad, con el fin de fortalecer la cooperaci\u00f3n en temas de biocomercio e iniciar proyectos pilotos que generen un beneficio justo y sostenible.<\/p>\n<p style=\"text-align: justify;\">Este proyecto de negocios basados en biodiversidad pretende facilitar el desarrollo y racionalizaci\u00f3n de pol\u00edticas vinculadas al biocomercio, incrementar los accesos a mercados, fortalecer capacidades empresariales, mejorar el acceso a la informaci\u00f3n sobre productos y mercados, y apoyar proyectos pilotos.<\/p>\n<p style=\"text-align: justify;\">\u201cArmonizar los objetivos de desarrollo econ\u00f3mico, conservaci\u00f3n y uso sostenible de la biodiversidad y promover iniciativas de responsabilidad social y ambiental corporativa en varios sectores e industrias, es lo que pretende el MAE para lograr un desarrollo sostenible\u201d, asegur\u00f3 Escarabay.<\/p>\n<p style=\"text-align: justify;\">\n","protected":false},"excerpt":{"rendered":"<p class=\"excerpt\">Hoy, en el marco de la II Cumbre Internacional del Medio Ambiente (CIMA), el Ministerio del Ambiente (MAE) particip\u00f3 en el Foro de Biocomercio, donde se expusieron temas como marco jur\u00eddico, potencial de la biodiversidad, informaci\u00f3n general para el acceso a mercados y casos de \u00e9xito de biocomercio. La conferencia se desarroll\u00f3 en el sal\u00f3n Clemente Yerovi del Centro de&hellip; <a href=\"https:\/\/www.ambienteyenergia.gob.ec\/ambiente\/biocomercio-una-alternativa-de-desarrollo-sostenible-que-promueve-el-mae\/\">Read more &rarr;<\/a><\/p>\n","protected":false},"author":13,"featured_media":13268,"comment_status":"open","ping_status":"open","sticky":false,"template":"","format":"standard","meta":{"footnotes":""},"categories":[16,4],"tags":[323,53],"class_list":["post-13265","post","type-post","status-publish","format-standard","has-post-thumbnail","hentry","category-comunicamos","category-noticias","tag-cima","tag-mae","xfolkentry"],"_links":{"self":[{"href":"https:\/\/www.ambienteyenergia.gob.ec\/ambiente\/wp-json\/wp\/v2\/posts\/13265","targetHints":{"allow":["GET"]}}],"collection":[{"href":"https:\/\/www.ambienteyenergia.gob.ec\/ambiente\/wp-json\/wp\/v2\/posts"}],"about":[{"href":"https:\/\/www.ambienteyenergia.gob.ec\/ambiente\/wp-json\/wp\/v2\/types\/post"}],"author":[{"embeddable":true,"href":"https:\/\/www.ambienteyenergia.gob.ec\/ambiente\/wp-json\/wp\/v2\/users\/13"}],"replies":[{"embeddable":true,"href":"https:\/\/www.ambienteyenergia.gob.ec\/ambiente\/wp-json\/wp\/v2\/comments?post=13265"}],"version-history":[{"count":0,"href":"https:\/\/www.ambienteyenergia.gob.ec\/ambiente\/wp-json\/wp\/v2\/posts\/13265\/revisions"}],"wp:featuredmedia":[{"embeddable":true,"href":"https:\/\/www.ambienteyenergia.gob.ec\/ambiente\/wp-json\/wp\/v2\/media\/13268"}],"wp:attachment":[{"href":"https:\/\/www.ambienteyenergia.gob.ec\/ambiente\/wp-json\/wp\/v2\/media?parent=13265"}],"wp:term":[{"taxonomy":"category","embeddable":true,"href":"https:\/\/www.ambienteyenergia.gob.ec\/ambiente\/wp-json\/wp\/v2\/categories?post=13265"},{"taxonomy":"post_tag","embeddable":true,"href":"https:\/\/www.ambienteyenergia.gob.ec\/ambiente\/wp-json\/wp\/v2\/tags?post=13265"}],"curies":[{"name":"wp","href":"https:\/\/api.w.org\/{rel}","templated":true}]}}