{"id":13251,"date":"2013-07-16T19:57:36","date_gmt":"2013-07-17T00:57:36","guid":{"rendered":"http:\/\/www.ambiente.gob.ec\/?p=13251"},"modified":"2013-07-17T10:09:18","modified_gmt":"2013-07-17T15:09:18","slug":"foro-de-inversion-forestalimpulsa-industria-local-y-conservacion-de-los-bosques","status":"publish","type":"post","link":"https:\/\/www.ambienteyenergia.gob.ec\/ambiente\/foro-de-inversion-forestalimpulsa-industria-local-y-conservacion-de-los-bosques\/","title":{"rendered":"Foro de Inversi\u00f3n Forestal impulsa industria local y conservaci\u00f3n de los bosques"},"content":{"rendered":"<p style=\"text-align: justify;\">El Ministerio del Ambiente (MAE) particip\u00f3 hoy, en el Foro de Inversi\u00f3n Forestal, que se desarroll\u00f3 en el Centro de Convenciones de Guayaquil como parte de la II Cumbre Internacional del Medio Ambiente. El evento reuni\u00f3 a aproximadamente 100 l\u00edderes nacionales, con el objetivo de presentar un modelo de gesti\u00f3n para la reforestaci\u00f3n con fines de protecci\u00f3n y conservaci\u00f3n.<\/p>\n<p style=\"text-align: justify;\">En este espacio, tambi\u00e9n se difundieron temas como programas de financiamiento forestal con fines comerciales, enmarcados en la Agenda Nacional de Transformaci\u00f3n Productiva, que busca impulsar el desarrollo forestal a gran escala.<\/p>\n<p style=\"text-align: justify;\">Estas iniciativas pretenden cambiar la matriz productiva y fomentar la industria local del Ecuador, convirti\u00e9ndolo en un pa\u00eds atractivo para el desarrollo de inversiones forestales.<\/p>\n<p style=\"text-align: justify;\">Christian Ter\u00e1n, Subsecretario de Patrimonio (e) del MAE, manifest\u00f3 en su intervenci\u00f3n que esta Cartera de Estado tiene un plan de reforestaci\u00f3n de 100 mil hect\u00e1reas y varios programas que impulsan el cuidado y conservaci\u00f3n como Socio Bosque.<\/p>\n<p style=\"text-align: justify;\">\u201cEl fin de estos programas es recuperar, conservar y proteger los bienes y servicios ambientales, a trav\u00e9s de un proceso social de reforestaci\u00f3n, que contribuyan a dinamizar la econom\u00eda en el sector rural\u201d, afirm\u00f3 Ter\u00e1n.<\/p>\n<p style=\"text-align: justify;\">Asimismo, explic\u00f3 los beneficios de los programas de conservaci\u00f3n y el marco legal en el que se basan.<\/p>\n<p style=\"text-align: justify;\">\u201cEste programa de reforestaci\u00f3n prioriza los beneficios ambientales como la recuperaci\u00f3n eco sist\u00e9mica, y a futuro la hidrolog\u00eda de la cuenca, disminuci\u00f3n de la sedimentaci\u00f3n, captura de carbono, incremento de la biodiversidad, entre otros. Pero no deja de lado los beneficios socioecon\u00f3micos como la incubaci\u00f3n de micro-emprendimientos rurales, usufructo, venta de productos derivados diferentes de la madera, mejoramiento de la productividad agropecuaria\u201d, indic\u00f3 Ter\u00e1n.<\/p>\n<p style=\"text-align: justify;\">El MAE, a trav\u00e9s de estrategias forestales como estas, busca fortalecer la inclusi\u00f3n social, el desarrollo local, la conservaci\u00f3n de los bosques y la preservaci\u00f3n de sus ecosistemas.<\/p>\n<p>&nbsp;<\/p>\n<p>&nbsp;<\/p>\n<p>&nbsp;<\/p>\n<p>&nbsp;<\/p>\n<p>&nbsp;<\/p>\n<p>&nbsp;<\/p>\n<p>&nbsp;<\/p>\n","protected":false},"excerpt":{"rendered":"<p class=\"excerpt\">El Ministerio del Ambiente (MAE) particip\u00f3 hoy, en el Foro de Inversi\u00f3n Forestal, que se desarroll\u00f3 en el Centro de Convenciones de Guayaquil como parte de la II Cumbre Internacional del Medio Ambiente. El evento reuni\u00f3 a aproximadamente 100 l\u00edderes nacionales, con el objetivo de presentar un modelo de gesti\u00f3n para la reforestaci\u00f3n con fines de protecci\u00f3n y conservaci\u00f3n. En&hellip; <a href=\"https:\/\/www.ambienteyenergia.gob.ec\/ambiente\/foro-de-inversion-forestalimpulsa-industria-local-y-conservacion-de-los-bosques\/\">Read more &rarr;<\/a><\/p>\n","protected":false},"author":13,"featured_media":13252,"comment_status":"open","ping_status":"open","sticky":false,"template":"","format":"standard","meta":{"footnotes":""},"categories":[16,4],"tags":[],"class_list":["post-13251","post","type-post","status-publish","format-standard","has-post-thumbnail","hentry","category-comunicamos","category-noticias","xfolkentry"],"_links":{"self":[{"href":"https:\/\/www.ambienteyenergia.gob.ec\/ambiente\/wp-json\/wp\/v2\/posts\/13251","targetHints":{"allow":["GET"]}}],"collection":[{"href":"https:\/\/www.ambienteyenergia.gob.ec\/ambiente\/wp-json\/wp\/v2\/posts"}],"about":[{"href":"https:\/\/www.ambienteyenergia.gob.ec\/ambiente\/wp-json\/wp\/v2\/types\/post"}],"author":[{"embeddable":true,"href":"https:\/\/www.ambienteyenergia.gob.ec\/ambiente\/wp-json\/wp\/v2\/users\/13"}],"replies":[{"embeddable":true,"href":"https:\/\/www.ambienteyenergia.gob.ec\/ambiente\/wp-json\/wp\/v2\/comments?post=13251"}],"version-history":[{"count":0,"href":"https:\/\/www.ambienteyenergia.gob.ec\/ambiente\/wp-json\/wp\/v2\/posts\/13251\/revisions"}],"wp:featuredmedia":[{"embeddable":true,"href":"https:\/\/www.ambienteyenergia.gob.ec\/ambiente\/wp-json\/wp\/v2\/media\/13252"}],"wp:attachment":[{"href":"https:\/\/www.ambienteyenergia.gob.ec\/ambiente\/wp-json\/wp\/v2\/media?parent=13251"}],"wp:term":[{"taxonomy":"category","embeddable":true,"href":"https:\/\/www.ambienteyenergia.gob.ec\/ambiente\/wp-json\/wp\/v2\/categories?post=13251"},{"taxonomy":"post_tag","embeddable":true,"href":"https:\/\/www.ambienteyenergia.gob.ec\/ambiente\/wp-json\/wp\/v2\/tags?post=13251"}],"curies":[{"name":"wp","href":"https:\/\/api.w.org\/{rel}","templated":true}]}}