{"id":13247,"date":"2013-07-16T19:20:44","date_gmt":"2013-07-17T00:20:44","guid":{"rendered":"http:\/\/www.ambiente.gob.ec\/?p=13247"},"modified":"2013-07-17T15:40:16","modified_gmt":"2013-07-17T20:40:16","slug":"los-impuestos-verdes-que-ha-contribuido-en-la-disminucion-de-la-contaminacion-ambiental-mientras-fomentan-el-reciclaje","status":"publish","type":"post","link":"https:\/\/www.ambienteyenergia.gob.ec\/ambiente\/los-impuestos-verdes-que-ha-contribuido-en-la-disminucion-de-la-contaminacion-ambiental-mientras-fomentan-el-reciclaje\/","title":{"rendered":"\u00abLos impuestos verdes ha contribuido en la disminuci\u00f3n de la contaminaci\u00f3n ambiental mientras fomentan el reciclaje\u00bb"},"content":{"rendered":"<p style=\"text-align: justify;\">La recaudaci\u00f3n tributaria desde la \u00f3ptica de la preservaci\u00f3n de los recursos naturales, los logros y los retos en la implementaci\u00f3n de los impuestos e incentivos verdes fueron los temas que se trataron en el II Foro Ambiental Tributario, realizado hoy en la ciudad de Guayaquil, durante la II edici\u00f3n de la Cumbre Internacional de Medio Ambiente (CIMA).<\/p>\n<p style=\"text-align: justify;\">En representaci\u00f3n del Ministerio del Ambiente (MAE), la Gerente del Programa Nacional para la Gesti\u00f3n Integral de Desechos S\u00f3lidos (PNGIDS), Paula Guerra, expuso sobre los impactos ambientales de las medidas adoptadas en materia de residuos.<\/p>\n<p style=\"text-align: justify;\">Entre las principales medidas, cit\u00f3 la normativa suscrita en cuanto a la gesti\u00f3n de equipo celulares; neum\u00e1ticos, como materia prima; pilas, debido a los perjuicios a la salud, y el impuesto redimible a las botellas PET, mismo que ha contribuido a mejorar la calidad de vida de gestores ambientales, a trav\u00e9s de la regulaci\u00f3n y aumento en la remuneraci\u00f3n de sus labores.<\/p>\n<p style=\"text-align: justify;\">Sobre el tema, Carlos Marx Carrasco, titular del Servicio de Rentas Internas (SRI) indic\u00f3 que pese a cr\u00edticas negativas, ese iniciativa ha demostrado resultados positivos. \u00abEl \u00e9xito del impuesto se demuestra en que ha contribuido en la disminuci\u00f3n de la contaminaci\u00f3n ambiental mientras fomenta el reciclaje\u00bb.<\/p>\n<p style=\"text-align: justify;\">Adem\u00e1s, se refiri\u00f3 a los impuestos a la contaminaci\u00f3n vehicular y tierras rurales. Sobre el \u00faltimo punto manifest\u00f3 que lejos de ser un impuesto con pretensiones de recaudaci\u00f3n para sostener el presupuesto general del Estado, es un incentivo para que los due\u00f1os de predios que no producen, conviertan sus tierras en espacios verdes, reforestando \u00e1reas que benefician a toda la ciudadan\u00eda.<\/p>\n<p style=\"text-align: justify;\">En ese sentido, Guerra inform\u00f3 que al momento se han reforestado 46 mil hect\u00e1reas, a trav\u00e9s de la Direcci\u00f3n Nacional de Forestaci\u00f3n. Para 2017 se espera llegar a la meta de 100 mil hect\u00e1reas. Asimismo, manifest\u00f3 que pese a que los resultados han sido alentadores, a\u00fan queda mucho trabajo por realizar. Sin embargo, esta Cartera de Estado espera que la poblaci\u00f3n sea parte de la cultura de cambio en pro de un ambiente saludable y respetuoso de la vida.<\/p>\n<p style=\"text-align: justify;\">En la jornada, a la que asistieron alrededor de 300 personas, participaron tambi\u00e9n Augusto Ayala, de Ingenio San Carlos, con la ponencia \u00abEst\u00edmulos para las buenas pr\u00e1cticas ambientales en la industria\u00bb, y Gustavo Manrique, de Soluciones Ambientales Totales (Sambito), con \u00abM\u00e1s all\u00e1 de los impuestos verdes\u00bb.<\/p>\n<p style=\"text-align: justify;\">El encuentro inici\u00f3 a las 15:00 y tuvo una duraci\u00f3n de tres horas aproximadamente. Incluy\u00f3, una ronda de preguntas de los asistentes.<\/p>\n<p>&nbsp;<\/p>\n","protected":false},"excerpt":{"rendered":"<p class=\"excerpt\">La recaudaci\u00f3n tributaria desde la \u00f3ptica de la preservaci\u00f3n de los recursos naturales, los logros y los retos en la implementaci\u00f3n de los impuestos e incentivos verdes fueron los temas que se trataron en el II Foro Ambiental Tributario, realizado hoy en la ciudad de Guayaquil, durante la II edici\u00f3n de la Cumbre Internacional de Medio Ambiente (CIMA). En representaci\u00f3n&hellip; <a href=\"https:\/\/www.ambienteyenergia.gob.ec\/ambiente\/los-impuestos-verdes-que-ha-contribuido-en-la-disminucion-de-la-contaminacion-ambiental-mientras-fomentan-el-reciclaje\/\">Read more &rarr;<\/a><\/p>\n","protected":false},"author":13,"featured_media":13249,"comment_status":"open","ping_status":"open","sticky":false,"template":"","format":"standard","meta":{"footnotes":""},"categories":[16,4],"tags":[323,324,68,53],"class_list":["post-13247","post","type-post","status-publish","format-standard","has-post-thumbnail","hentry","category-comunicamos","category-noticias","tag-cima","tag-foro-ambiental-tributario","tag-guayaquil","tag-mae","xfolkentry"],"_links":{"self":[{"href":"https:\/\/www.ambienteyenergia.gob.ec\/ambiente\/wp-json\/wp\/v2\/posts\/13247","targetHints":{"allow":["GET"]}}],"collection":[{"href":"https:\/\/www.ambienteyenergia.gob.ec\/ambiente\/wp-json\/wp\/v2\/posts"}],"about":[{"href":"https:\/\/www.ambienteyenergia.gob.ec\/ambiente\/wp-json\/wp\/v2\/types\/post"}],"author":[{"embeddable":true,"href":"https:\/\/www.ambienteyenergia.gob.ec\/ambiente\/wp-json\/wp\/v2\/users\/13"}],"replies":[{"embeddable":true,"href":"https:\/\/www.ambienteyenergia.gob.ec\/ambiente\/wp-json\/wp\/v2\/comments?post=13247"}],"version-history":[{"count":0,"href":"https:\/\/www.ambienteyenergia.gob.ec\/ambiente\/wp-json\/wp\/v2\/posts\/13247\/revisions"}],"wp:featuredmedia":[{"embeddable":true,"href":"https:\/\/www.ambienteyenergia.gob.ec\/ambiente\/wp-json\/wp\/v2\/media\/13249"}],"wp:attachment":[{"href":"https:\/\/www.ambienteyenergia.gob.ec\/ambiente\/wp-json\/wp\/v2\/media?parent=13247"}],"wp:term":[{"taxonomy":"category","embeddable":true,"href":"https:\/\/www.ambienteyenergia.gob.ec\/ambiente\/wp-json\/wp\/v2\/categories?post=13247"},{"taxonomy":"post_tag","embeddable":true,"href":"https:\/\/www.ambienteyenergia.gob.ec\/ambiente\/wp-json\/wp\/v2\/tags?post=13247"}],"curies":[{"name":"wp","href":"https:\/\/api.w.org\/{rel}","templated":true}]}}