{"id":13240,"date":"2013-07-16T17:13:14","date_gmt":"2013-07-16T22:13:14","guid":{"rendered":"http:\/\/www.ambiente.gob.ec\/?p=13240"},"modified":"2013-07-17T15:56:56","modified_gmt":"2013-07-17T20:56:56","slug":"cima-un-referente-en-la-gestion-ambiental-nacional-e-internacional","status":"publish","type":"post","link":"https:\/\/www.ambienteyenergia.gob.ec\/ambiente\/cima-un-referente-en-la-gestion-ambiental-nacional-e-internacional\/","title":{"rendered":"CIMA, un referente en la gesti\u00f3n ambiental nacional e internacional"},"content":{"rendered":"<p style=\"text-align: justify;\">La Ministra del Ambiente, Lorena Tapia, previo al inicio de su ponencia en la II Cumbre Internacional del Medio Ambiente (CIMA), mencion\u00f3 que este evento es un referente en el pa\u00eds y el mundo, demostr\u00e1ndolo al ofrecer resultados que ahora son medibles por la gesti\u00f3n que realizan todos los actores que intervienen en ella.<\/p>\n<p style=\"text-align: justify;\">Tapia destac\u00f3 que en CIMA se trabaja en una exposici\u00f3n con iniciativas de diferentes empresas, foros en los que se tratan temas ambientales que se relacionan al diario vivir, las ruedas de negocios y premiaciones a iniciativas innovadoras.<\/p>\n<p style=\"text-align: justify;\">Asimismo, la Ministra del Ambiente afirm\u00f3 que hoy en d\u00eda, \u201cla econom\u00eda y el ambiente tienen mucho que ver\u201d. Por eso, destac\u00f3 el inici\u00f3 de la jornada de foros con una ponencia sobre desechos s\u00f3lidos en la que participaron alrededor de 600 asistentes, entre representantes de los Gobiernos Aut\u00f3nomos Descentralizados o Municipios, quienes manifestaron que con un trabajo mancomunado y en cumplimiento de los compromisos se pueden alcanzar buenos resultados.<\/p>\n<p style=\"text-align: justify;\">Adem\u00e1s, la Secretaria de Estado explic\u00f3 que su ponencia en el \u201cForo de Mujeres L\u00edderes y Sostenibilidad\u201d, se presentar\u00e1n temas cotidianos y se revelar\u00e1n los retos que han enfrentado y las soluciones creativas que han encontrado para obtener resultados positivos en temas financieros, sociales y ambientales desde la \u00f3ptica femenina. De igual forma, insisti\u00f3 en que esta Cartera de Estado busca implementar una red de mujeres l\u00edderes que tengan una visi\u00f3n estrat\u00e9gica en el tema ambiental.<\/p>\n<p style=\"text-align: justify;\">A lo largo de la semana habr\u00e1n otros foros y tambi\u00e9n se entregar\u00e1n los premios verdes a diferentes iniciativas en diferentes categor\u00edas, foro tributario, eco banca, temas diversos de participaci\u00f3n gratuita para toda la ciudadan\u00eda que busca tener otra visi\u00f3n en ejercer una pr\u00e1ctica y cuidado de los recursos, para tener un mejor planeta.<\/p>\n<p style=\"text-align: justify;\">Empresas que incumplan Ley Ambiental<\/p>\n<p style=\"text-align: justify;\">La Ministra Tapia asegur\u00f3 que el MAE busca que las empresas se regularicen, pero si estas incumplen la normativa ambiental, sobrepasan los plazos establecidos y siguen incumpliendo, poniendo como ejemplo a aquellas que se asientan a las orillas del Estero Salado, ser\u00e1n sancionadas y por la persistencia se podr\u00eda llegar hasta la clausura.<\/p>\n<p style=\"text-align: justify;\">En el caso del Estero Salado son 655 empresas con presunci\u00f3n de contaminaci\u00f3n, cada una de ellas est\u00e1n siendo visitadas para verificaci\u00f3n t\u00e9cnica y ya hay sanciones a aquellos en donde se ha comprobado que la contaminaci\u00f3n que generan afecta el \u00e1rea de influencia del Estero Salado.<\/p>\n<p style=\"text-align: justify;\">La titular del MAE afirm\u00f3 que se har\u00e1n efectivas sanciones de car\u00e1cter administrativo, civil y\/o penal por parte del Ministerio del Ambiente, por contaminaci\u00f3n del ecosistema. En el caso espec\u00edfico del Estero Salado la acci\u00f3n es del MAE, por ser un \u00e1rea protegida.<\/p>\n<p style=\"text-align: justify;\">\u201cEl Gobierno no ha dejado de trabajar, por ello hemos pedido la colaboraci\u00f3n del Municipio de Guayaquil; porque el compromiso es de todos (\u2026) La autoridad ambiental no puede lograr un objetivo, sino tiene la colaboraci\u00f3n consciente, s\u00f3lida y participativa de todos los Gobiernos Aut\u00f3nomos\u201d, puntualiz\u00f3 la M\u00e1xima Autoridad Ambiental.<\/p>\n<p>&nbsp;<\/p>\n","protected":false},"excerpt":{"rendered":"<p class=\"excerpt\">La Ministra del Ambiente, Lorena Tapia, previo al inicio de su ponencia en la II Cumbre Internacional del Medio Ambiente (CIMA), mencion\u00f3 que este evento es un referente en el pa\u00eds y el mundo, demostr\u00e1ndolo al ofrecer resultados que ahora son medibles por la gesti\u00f3n que realizan todos los actores que intervienen en ella. Tapia destac\u00f3 que en CIMA se&hellip; <a href=\"https:\/\/www.ambienteyenergia.gob.ec\/ambiente\/cima-un-referente-en-la-gestion-ambiental-nacional-e-internacional\/\">Read more &rarr;<\/a><\/p>\n","protected":false},"author":13,"featured_media":13244,"comment_status":"open","ping_status":"open","sticky":false,"template":"","format":"standard","meta":{"footnotes":""},"categories":[16,4,10],"tags":[],"class_list":["post-13240","post","type-post","status-publish","format-standard","has-post-thumbnail","hentry","category-comunicamos","category-noticias","category-noticias-destacadas","xfolkentry"],"_links":{"self":[{"href":"https:\/\/www.ambienteyenergia.gob.ec\/ambiente\/wp-json\/wp\/v2\/posts\/13240","targetHints":{"allow":["GET"]}}],"collection":[{"href":"https:\/\/www.ambienteyenergia.gob.ec\/ambiente\/wp-json\/wp\/v2\/posts"}],"about":[{"href":"https:\/\/www.ambienteyenergia.gob.ec\/ambiente\/wp-json\/wp\/v2\/types\/post"}],"author":[{"embeddable":true,"href":"https:\/\/www.ambienteyenergia.gob.ec\/ambiente\/wp-json\/wp\/v2\/users\/13"}],"replies":[{"embeddable":true,"href":"https:\/\/www.ambienteyenergia.gob.ec\/ambiente\/wp-json\/wp\/v2\/comments?post=13240"}],"version-history":[{"count":0,"href":"https:\/\/www.ambienteyenergia.gob.ec\/ambiente\/wp-json\/wp\/v2\/posts\/13240\/revisions"}],"wp:featuredmedia":[{"embeddable":true,"href":"https:\/\/www.ambienteyenergia.gob.ec\/ambiente\/wp-json\/wp\/v2\/media\/13244"}],"wp:attachment":[{"href":"https:\/\/www.ambienteyenergia.gob.ec\/ambiente\/wp-json\/wp\/v2\/media?parent=13240"}],"wp:term":[{"taxonomy":"category","embeddable":true,"href":"https:\/\/www.ambienteyenergia.gob.ec\/ambiente\/wp-json\/wp\/v2\/categories?post=13240"},{"taxonomy":"post_tag","embeddable":true,"href":"https:\/\/www.ambienteyenergia.gob.ec\/ambiente\/wp-json\/wp\/v2\/tags?post=13240"}],"curies":[{"name":"wp","href":"https:\/\/api.w.org\/{rel}","templated":true}]}}