{"id":13212,"date":"2013-07-16T15:38:13","date_gmt":"2013-07-16T20:38:13","guid":{"rendered":"http:\/\/www.ambiente.gob.ec\/?p=13212"},"modified":"2013-07-16T16:47:58","modified_gmt":"2013-07-16T21:47:58","slug":"mae-disena-estudios-sobre-residuos-solidos-aplicables-a-las-realidades-de-cada-uno-de-los-221-municipios-del-pais","status":"publish","type":"post","link":"https:\/\/www.ambienteyenergia.gob.ec\/ambiente\/mae-disena-estudios-sobre-residuos-solidos-aplicables-a-las-realidades-de-cada-uno-de-los-221-municipios-del-pais\/","title":{"rendered":"&#8216;MAE dise\u00f1a estudios sobre residuos s\u00f3lidos, aplicables a las realidades de cada uno de los 221 Municipios del pa\u00eds&#8217;"},"content":{"rendered":"<p style=\"text-align: justify;\"><strong>\u00abLa gesti\u00f3n de residuos s\u00f3lidos pasa por dos puntos fundamentales: la toma de decisiones y la capacitaci\u00f3n t\u00e9cnica y la educaci\u00f3n ambiental\u00bb,<\/strong> indic\u00f3, hoy, Paula Guerra, Gerente del Programa Nacional para la Gesti\u00f3n Integral de Desechos S\u00f3lidos (PNGIDS) del Ministerio del Ambiente (MAE), durante su ponencia en el Foro Estrategias para el Aprovechamiento de Residuos S\u00f3lidos, en el Marco de la II Cumbre Internacional de Medio Ambiente (CIMA).<\/p>\n<p style=\"text-align: justify;\">En este foro, al que asistieron alrededor de 280 personas, Guerra expuso las acciones que esta Cartera de Estado emprende como parte de la Gesti\u00f3n Integral de Desechos S\u00f3lidos. \u00abEn primer lugar hemos realizado un proceso de clasificaci\u00f3n de los Gobiernos Aut\u00f3nomos Descentralizados (GADs), seg\u00fan la cantidad y tipo de desechos que producen, ubicaci\u00f3n geogr\u00e1fica y poblaci\u00f3n, entre otro factores. Ello nos permite <strong>dise\u00f1ar estudios aplicables a esas realidades\u00bb.<\/strong><\/p>\n<p style=\"text-align: justify;\">En ese sentido, comunic\u00f3 que el <strong>MAE est\u00e1 estructurando el Plan Nacional de Residuos S\u00f3lidos<\/strong>, mismo que deber\u00e1 ser implementado hasta 2017 y contempla acciones desde una visi\u00f3n hol\u00edstica. Ello incluye ejes fundamentales como crear pol\u00edticas ambientales, ampliar la cobertura de recolecci\u00f3n a nivel rural y urbano, fomentar la cultura e industria del reciclaje y cerrar botaderos de manera t\u00e9cnica.<\/p>\n<p style=\"text-align: justify;\">Asimismo, inform\u00f3 que otros factores de la gesti\u00f3n son la responsabilidad extendida en la disposici\u00f3n final que compete a productores y distribuidores, la capacitaci\u00f3n t\u00e9cnica a nivel municipal, edu-comunicaci\u00f3n, como una estrategia para fomentar buenas pr\u00e1cticas ambientales y construir una nueva cultura con responsabilidad ambiental y social; y la inclusi\u00f3n econ\u00f3mica, como un objetivo fundamental del Ministerio.<\/p>\n<p style=\"text-align: justify;\">En la jornada, participaron tambi\u00e9n, Gustavo Baroja, Prefecto de Pichincha; Diego Ruiz de la multinacional PepsiCo y Luis D\u00edaz, especialista en tratamiento de residuos s\u00f3lidos.<\/p>\n<p style=\"text-align: justify;\">Para Baroja, existen tres elementos fundamentales producci\u00f3n, distribuci\u00f3n y consumo. \u00abAqu\u00ed hay responsabilidad de todos, por esa raz\u00f3n las acciones deben estar dirigidas a esos actores. Desde todos los niveles de Gobierno las medidas deben estar encaminadas a la soluci\u00f3n. Con la Prefectura tenemos programas y convenios espec\u00edficos con el MAE. Trabajas bajo sus lineamientos, nosotros somos ejecutores. En CIMA ratificamos convenios internacionales y compromisos nacionales y unimos esfuerzos para lograr el objetivo com\u00fan\u00bb.<\/p>\n<p style=\"text-align: justify;\">Desde la visi\u00f3n de producci\u00f3n a gran escala, D\u00edaz comunic\u00f3 que PepsiCo trabaja en m\u00e1s de 200 pa\u00edses de mundo para implementar actividades de producci\u00f3n ambientalmente adecuadas y que, adem\u00e1s, de que sean sostenibles en cuanto al uso recursos, sean responsables con la disposici\u00f3n de los residuos que genera. En PepsiCo tenemos el compromiso de laborar bajo una filosof\u00eda &#8216;Desempe\u00f1o con prop\u00f3sito&#8217;. En ella se integran intereses econ\u00f3micos, de concienciaci\u00f3n frente al medio ambiente, adem\u00e1s de la generaci\u00f3n de trabajo. Nuestro trabajo se encaminan a minimizar el impacto de nuestras actividades comerciales\u00bb.<\/p>\n<p style=\"text-align: justify;\">En la parte t\u00e9cnica del foro, D\u00edaz dio a conocer las nuevas tecnolog\u00edas espec\u00edficamente en el proceso de compost. Comparti\u00f3 sus experiencias y conocimiento adquiridos a lo largo de sus estudios a nivel acad\u00e9mico.<\/p>\n<p style=\"text-align: justify;\">Seg\u00fan Jorge Mac\u00edas, ingeniero agr\u00f3nomo, este fue un escenario para que la personas especializadas en materia ambiental y la ciudadan\u00eda en general conozcan las maneras adecuadas para el tratamiento de los desechos, a partir de los lineamientos del MAE. \u00abMe parece fundamental que el trabajo con desechos est\u00e9 desarrolla y aplicada como una pol\u00edtica nacional. Hemos observado que El Ministerio avanza en el trabajo de gesti\u00f3n, control y monitoreo. Sobre todo, que su trabajo es articulado y que converge en el bienestar de las poblaci\u00f3n y la conservaci\u00f3n de la naturaleza\u00bb.<\/p>\n<p style=\"text-align: justify;\">La jornada, que inici\u00f3 a las 9:30 y finaliz\u00f3 a las 14:oo, incluy\u00f3 una ronda de preguntas, a trav\u00e9s de las cuales las autoridades y representantes de empresas e industrias pudieron socializar las actividades que ejecutan en pro del cambio de comportamiento de las poblaciones para con el ambiente.<\/p>\n<div id='gallery-1' class='gallery galleryid-13212 gallery-columns-4 gallery-size-thumbnail'><dl class='gallery-item'>\n\t\t\t<dt class='gallery-icon landscape'>\n\t\t\t\t<a href='https:\/\/www.ambienteyenergia.gob.ec\/ambiente\/mae-disena-estudios-sobre-residuos-solidos-aplicables-a-las-realidades-de-cada-uno-de-los-221-municipios-del-pais\/pngids\/'><img loading=\"lazy\" decoding=\"async\" width=\"150\" height=\"150\" src=\"https:\/\/www.ambienteyenergia.gob.ec\/ambiente\/wp-content\/uploads\/sites\/2\/2013\/07\/PNGIDS-150x150.jpg\" class=\"attachment-thumbnail size-thumbnail\" alt=\"\" \/><\/a>\n\t\t\t<\/dt><\/dl><dl class='gallery-item'>\n\t\t\t<dt class='gallery-icon landscape'>\n\t\t\t\t<a href='https:\/\/www.ambienteyenergia.gob.ec\/ambiente\/mae-disena-estudios-sobre-residuos-solidos-aplicables-a-las-realidades-de-cada-uno-de-los-221-municipios-del-pais\/pngids-2\/'><img loading=\"lazy\" decoding=\"async\" width=\"150\" height=\"150\" src=\"https:\/\/www.ambienteyenergia.gob.ec\/ambiente\/wp-content\/uploads\/sites\/2\/2013\/07\/PNGIDS-2-150x150.jpg\" class=\"attachment-thumbnail size-thumbnail\" alt=\"\" \/><\/a>\n\t\t\t<\/dt><\/dl><dl class='gallery-item'>\n\t\t\t<dt class='gallery-icon landscape'>\n\t\t\t\t<a href='https:\/\/www.ambienteyenergia.gob.ec\/ambiente\/mae-disena-estudios-sobre-residuos-solidos-aplicables-a-las-realidades-de-cada-uno-de-los-221-municipios-del-pais\/pngids-3\/'><img loading=\"lazy\" decoding=\"async\" width=\"150\" height=\"150\" src=\"https:\/\/www.ambienteyenergia.gob.ec\/ambiente\/wp-content\/uploads\/sites\/2\/2013\/07\/PNGIDS-3-150x150.jpg\" class=\"attachment-thumbnail size-thumbnail\" alt=\"\" \/><\/a>\n\t\t\t<\/dt><\/dl>\n\t\t\t<br style='clear: both' \/>\n\t\t<\/div>\n\n<p style=\"text-align: justify;\">\n<p>&nbsp;<\/p>\n<p>&nbsp;<\/p>\n<p>&nbsp;<\/p>\n","protected":false},"excerpt":{"rendered":"<p class=\"excerpt\">\u00abLa gesti\u00f3n de residuos s\u00f3lidos pasa por dos puntos fundamentales: la toma de decisiones y la capacitaci\u00f3n t\u00e9cnica y la educaci\u00f3n ambiental\u00bb, indic\u00f3, hoy, Paula Guerra, Gerente del Programa Nacional para la Gesti\u00f3n Integral de Desechos S\u00f3lidos (PNGIDS) del Ministerio del Ambiente (MAE), durante su ponencia en el Foro Estrategias para el Aprovechamiento de Residuos S\u00f3lidos, en el Marco de&hellip; <a href=\"https:\/\/www.ambienteyenergia.gob.ec\/ambiente\/mae-disena-estudios-sobre-residuos-solidos-aplicables-a-las-realidades-de-cada-uno-de-los-221-municipios-del-pais\/\">Read more &rarr;<\/a><\/p>\n","protected":false},"author":13,"featured_media":13225,"comment_status":"open","ping_status":"open","sticky":false,"template":"","format":"standard","meta":{"footnotes":""},"categories":[16,4],"tags":[],"class_list":["post-13212","post","type-post","status-publish","format-standard","has-post-thumbnail","hentry","category-comunicamos","category-noticias","xfolkentry"],"_links":{"self":[{"href":"https:\/\/www.ambienteyenergia.gob.ec\/ambiente\/wp-json\/wp\/v2\/posts\/13212","targetHints":{"allow":["GET"]}}],"collection":[{"href":"https:\/\/www.ambienteyenergia.gob.ec\/ambiente\/wp-json\/wp\/v2\/posts"}],"about":[{"href":"https:\/\/www.ambienteyenergia.gob.ec\/ambiente\/wp-json\/wp\/v2\/types\/post"}],"author":[{"embeddable":true,"href":"https:\/\/www.ambienteyenergia.gob.ec\/ambiente\/wp-json\/wp\/v2\/users\/13"}],"replies":[{"embeddable":true,"href":"https:\/\/www.ambienteyenergia.gob.ec\/ambiente\/wp-json\/wp\/v2\/comments?post=13212"}],"version-history":[{"count":0,"href":"https:\/\/www.ambienteyenergia.gob.ec\/ambiente\/wp-json\/wp\/v2\/posts\/13212\/revisions"}],"wp:featuredmedia":[{"embeddable":true,"href":"https:\/\/www.ambienteyenergia.gob.ec\/ambiente\/wp-json\/wp\/v2\/media\/13225"}],"wp:attachment":[{"href":"https:\/\/www.ambienteyenergia.gob.ec\/ambiente\/wp-json\/wp\/v2\/media?parent=13212"}],"wp:term":[{"taxonomy":"category","embeddable":true,"href":"https:\/\/www.ambienteyenergia.gob.ec\/ambiente\/wp-json\/wp\/v2\/categories?post=13212"},{"taxonomy":"post_tag","embeddable":true,"href":"https:\/\/www.ambienteyenergia.gob.ec\/ambiente\/wp-json\/wp\/v2\/tags?post=13212"}],"curies":[{"name":"wp","href":"https:\/\/api.w.org\/{rel}","templated":true}]}}