{"id":13210,"date":"2013-07-16T13:24:49","date_gmt":"2013-07-16T18:24:49","guid":{"rendered":"http:\/\/www.ambiente.gob.ec\/?p=13210"},"modified":"2013-07-17T20:37:59","modified_gmt":"2013-07-18T01:37:59","slug":"ministra-del-ambiente-lorena-tapia-propone-constituir-la-primera-red-de-mujeres-lideres-por-la-sostenibilidad-en-el-ecuador","status":"publish","type":"post","link":"https:\/\/www.ambienteyenergia.gob.ec\/ambiente\/ministra-del-ambiente-lorena-tapia-propone-constituir-la-primera-red-de-mujeres-lideres-por-la-sostenibilidad-en-el-ecuador\/","title":{"rendered":"Ministra del Ambiente, Lorena Tapia, propone constituir la Primera Red de Mujeres L\u00edderes por la Sostenibilidad en el Ecuador"},"content":{"rendered":"<p style=\"text-align: justify;\">Hoy, la Ministra del Ambiente, Lorena Tapia particip\u00f3 en el Foro de Mujeres L\u00edderes y la Sostenibilidad, en el marco de la II Cumbre Internacional del Medio Ambiente, que se realiz\u00f3 en el sal\u00f3n Vicente Rocafuerte del Centro de Convenciones de Guayaquil. El objetivo de este evento fue compartir opiniones e intercambiar experiencias de proyectos sostenibles y ambientales, efectuados principalmente por mujeres.<\/p>\n<p style=\"text-align: justify;\">Las expositoras fueron Cecilia Hayloock, promotora del cuidado del ambiente en los habitantes de la ciudadela Lago de Capeira; Rosa Guam\u00e1n, dirigente de las organizaciones de mujeres; Pamela O\u2019 Donnell, embajadora de Canad\u00e1; Gabriela de la Garza, gerente de sostenibilidad de PepsiCo para Am\u00e9rica Latina y Suzan Baptiste, nombrada hero\u00edna CNN en el 2009, por su lucha contra los estereotipos de g\u00e9nero y la discriminaci\u00f3n; quienes presentaron diferentes visiones sobre la igualdad de g\u00e9nero y sostenibilidad.<\/p>\n<p style=\"text-align: justify;\">Actualmente, las mujeres est\u00e1n cada vez m\u00e1s involucradas en los aspectos ambientales, econ\u00f3micos y pol\u00edticos de la sociedad y su participaci\u00f3n como l\u00edderes ha incrementado d\u00eda a d\u00eda en todos los aspectos. Ellas son la llave del cambio, construyen, educan, organizan, contribuyen y promueven la construcci\u00f3n de una sociedad sensible al ambiente. En ese sentido, la Ministra del Ambiente, Lorena Tapia, propuso constituir la Primera Red de Mujeres L\u00edderes por la Sostenibilidad en el Ecuador, la cual ser\u00e1 liderada e institucionalizada por esta Cartera de Estado y se articular\u00e1 con otros pa\u00edses sudamericanos para trabajar en la promoci\u00f3n de desarrollo sostenible.<\/p>\n<p style=\"text-align: justify;\">\u201cDebemos empezar a integrar y a capacitar plenamente a las mujeres para construir proyectos sostenibles que tengan una dimensi\u00f3n ambiental, econ\u00f3mica y social, justa y \u00fatil para sus comunidades, porque las mujeres son una fuerza \u00fanica y poderosa para el cambio\u201d, asegur\u00f3 la Autoridad Ambiental.<\/p>\n<p style=\"text-align: justify;\">Agreg\u00f3 que las mujeres tambi\u00e9n son grandes promotoras del desarrollo sostenible, son las que impulsan un cambio desde sus hogares y sus comunidades, en temas ambientales. \u201cEl desarrollo sostenible permite satisfacer las necesidades actuales, sin comprometer los recursos y posibilidades de las futuras generaciones y eso es a lo que apunta esta Cartera de Estado\u201d.<\/p>\n<p style=\"text-align: justify;\">Pero \u2013resalt\u00f3- que para construir proyectos ambientales y sustentables es importante avanzar en temas como la equidad de g\u00e9nero. Se apuesta a la incorporaci\u00f3n de la mujer en la formulaci\u00f3n, planificaci\u00f3n y ejecuci\u00f3n de pol\u00edticas ambientales.<\/p>\n<p style=\"text-align: justify;\">\u201cCuando las mujeres gozan de los mismos derechos y oportunidades, disminuye la pobreza, el hambre y la mala salud y aumenta el crecimiento econ\u00f3mico. Como principal Autoridad Ambiental tomaremos medidas urgentes, para acelerar la participaci\u00f3n plena y equitativa de las mujeres en la gesti\u00f3n ambiental a todos los niveles, y el liderazgo de las mujeres en la toma de decisiones\u201d, afirm\u00f3 la primera Autoridad Ambiental.<\/p>\n<p style=\"text-align: justify;\">Un claro ejemplo de inclusi\u00f3n de la mujer en estos temas lo plante\u00f3 Rosa Guam\u00e1n, quien, durante su exposici\u00f3n se\u00f1al\u00f3 que \u201cla belleza de la naturaleza nos invita a reflexionar sobre lo que debemos hacer para conservar el ambiente. Nuestro reto es incorporarnos a la sociedad. No solo creando grupos feministas, sino incorporando al hombre en estos procesos. Las mujeres somos integradoras y poseedoras de saberes, cuando nos unimos y trabajamos en conjunto, podemos conseguir muchas cosas\u201d, recalc\u00f3 la representante de las organizaciones de mujeres ind\u00edgenas.<\/p>\n<p style=\"text-align: justify;\"><a href=\"http:\/\/www.ambienteyenergia.gob.ec\/ambiente\/wp-content\/uploads\/downloads\/2013\/07\/MUJERES-L\u00cdDERES-Y-SOSTENIBILIDAD.pdf\">Descarga aqu\u00ed la presentaci\u00f3n de Mujeres L\u00edderes y Sostenibilidad<\/a><\/p>\n<div id='gallery-1' class='gallery galleryid-13210 gallery-columns-4 gallery-size-thumbnail'><dl class='gallery-item'>\n\t\t\t<dt class='gallery-icon landscape'>\n\t\t\t\t<a href='https:\/\/www.ambienteyenergia.gob.ec\/ambiente\/ministra-del-ambiente-lorena-tapia-propone-constituir-la-primera-red-de-mujeres-lideres-por-la-sostenibilidad-en-el-ecuador\/e3\/'><img loading=\"lazy\" decoding=\"async\" width=\"150\" height=\"150\" src=\"https:\/\/www.ambienteyenergia.gob.ec\/ambiente\/wp-content\/uploads\/sites\/2\/2013\/07\/e3-150x150.jpg\" class=\"attachment-thumbnail size-thumbnail\" alt=\"\" \/><\/a>\n\t\t\t<\/dt><\/dl><dl class='gallery-item'>\n\t\t\t<dt class='gallery-icon landscape'>\n\t\t\t\t<a href='https:\/\/www.ambienteyenergia.gob.ec\/ambiente\/ministra-del-ambiente-lorena-tapia-propone-constituir-la-primera-red-de-mujeres-lideres-por-la-sostenibilidad-en-el-ecuador\/e1\/'><img loading=\"lazy\" decoding=\"async\" width=\"150\" height=\"150\" src=\"https:\/\/www.ambienteyenergia.gob.ec\/ambiente\/wp-content\/uploads\/sites\/2\/2013\/07\/e1-150x150.jpg\" class=\"attachment-thumbnail size-thumbnail\" alt=\"\" \/><\/a>\n\t\t\t<\/dt><\/dl><dl class='gallery-item'>\n\t\t\t<dt class='gallery-icon landscape'>\n\t\t\t\t<a href='https:\/\/www.ambienteyenergia.gob.ec\/ambiente\/ministra-del-ambiente-lorena-tapia-propone-constituir-la-primera-red-de-mujeres-lideres-por-la-sostenibilidad-en-el-ecuador\/e2\/'><img loading=\"lazy\" decoding=\"async\" width=\"150\" height=\"150\" src=\"https:\/\/www.ambienteyenergia.gob.ec\/ambiente\/wp-content\/uploads\/sites\/2\/2013\/07\/e2-150x150.jpg\" class=\"attachment-thumbnail size-thumbnail\" alt=\"\" \/><\/a>\n\t\t\t<\/dt><\/dl>\n\t\t\t<br style='clear: both' \/>\n\t\t<\/div>\n\n","protected":false},"excerpt":{"rendered":"<p class=\"excerpt\">Hoy, la Ministra del Ambiente, Lorena Tapia particip\u00f3 en el Foro de Mujeres L\u00edderes y la Sostenibilidad, en el marco de la II Cumbre Internacional del Medio Ambiente, que se realiz\u00f3 en el sal\u00f3n Vicente Rocafuerte del Centro de Convenciones de Guayaquil. El objetivo de este evento fue compartir opiniones e intercambiar experiencias de proyectos sostenibles y ambientales, efectuados principalmente&hellip; <a href=\"https:\/\/www.ambienteyenergia.gob.ec\/ambiente\/ministra-del-ambiente-lorena-tapia-propone-constituir-la-primera-red-de-mujeres-lideres-por-la-sostenibilidad-en-el-ecuador\/\">Read more &rarr;<\/a><\/p>\n","protected":false},"author":13,"featured_media":13215,"comment_status":"open","ping_status":"open","sticky":false,"template":"","format":"standard","meta":{"footnotes":""},"categories":[16,4,10],"tags":[],"class_list":["post-13210","post","type-post","status-publish","format-standard","has-post-thumbnail","hentry","category-comunicamos","category-noticias","category-noticias-destacadas","xfolkentry"],"_links":{"self":[{"href":"https:\/\/www.ambienteyenergia.gob.ec\/ambiente\/wp-json\/wp\/v2\/posts\/13210","targetHints":{"allow":["GET"]}}],"collection":[{"href":"https:\/\/www.ambienteyenergia.gob.ec\/ambiente\/wp-json\/wp\/v2\/posts"}],"about":[{"href":"https:\/\/www.ambienteyenergia.gob.ec\/ambiente\/wp-json\/wp\/v2\/types\/post"}],"author":[{"embeddable":true,"href":"https:\/\/www.ambienteyenergia.gob.ec\/ambiente\/wp-json\/wp\/v2\/users\/13"}],"replies":[{"embeddable":true,"href":"https:\/\/www.ambienteyenergia.gob.ec\/ambiente\/wp-json\/wp\/v2\/comments?post=13210"}],"version-history":[{"count":0,"href":"https:\/\/www.ambienteyenergia.gob.ec\/ambiente\/wp-json\/wp\/v2\/posts\/13210\/revisions"}],"wp:featuredmedia":[{"embeddable":true,"href":"https:\/\/www.ambienteyenergia.gob.ec\/ambiente\/wp-json\/wp\/v2\/media\/13215"}],"wp:attachment":[{"href":"https:\/\/www.ambienteyenergia.gob.ec\/ambiente\/wp-json\/wp\/v2\/media?parent=13210"}],"wp:term":[{"taxonomy":"category","embeddable":true,"href":"https:\/\/www.ambienteyenergia.gob.ec\/ambiente\/wp-json\/wp\/v2\/categories?post=13210"},{"taxonomy":"post_tag","embeddable":true,"href":"https:\/\/www.ambienteyenergia.gob.ec\/ambiente\/wp-json\/wp\/v2\/tags?post=13210"}],"curies":[{"name":"wp","href":"https:\/\/api.w.org\/{rel}","templated":true}]}}