{"id":13194,"date":"2013-07-15T22:13:57","date_gmt":"2013-07-16T03:13:57","guid":{"rendered":"http:\/\/www.ambiente.gob.ec\/?p=13194"},"modified":"2013-07-17T20:55:52","modified_gmt":"2013-07-18T01:55:52","slug":"en-la-ii-edicion-de-cima-hemos-podido-ver-resultados-positivos-en-materia-ambiental","status":"publish","type":"post","link":"https:\/\/www.ambienteyenergia.gob.ec\/ambiente\/en-la-ii-edicion-de-cima-hemos-podido-ver-resultados-positivos-en-materia-ambiental\/","title":{"rendered":"\u00abEn la II edici\u00f3n de CIMA hemos podido ver resultados positivos en materia ambiental\u00bb"},"content":{"rendered":"<p style=\"text-align: justify;\">Al igual que decenas de asistentes, hoy, Lorena Tapia, M\u00e1xima Autoridad Ambiental de Ecuador, visit\u00f3 los stands de la II Cumbre Internacional de Medio Ambiente (CIMA), luego de la inauguraci\u00f3n oficial realizada en el Centro de Exposiciones de Guayaquil.<\/p>\n<p style=\"text-align: justify;\">El recorrido inici\u00f3 en el stand del Ministerio del Ambiente (MAE). En medio de retazos de c\u00e1\u00f1amo, bamb\u00fa, y paja de p\u00e1ramo, funcionarios de esta Cartera de Estado dieron a conocer los objetivos y estrategias que el Ministerio ejecuta, a trav\u00e9s de sus Subsecretar\u00edas, Programas y Proyectos. Dos pantallas gigantes y una modelo virtual, dieron la bienvenida.<\/p>\n<p style=\"text-align: justify;\">Entre los 150 lugares de exposici\u00f3n de diferentes empresas e instituciones que se encuentran en la Cumbre, Tapia conoci\u00f3 las propuestas de Graiman, Hanse-Hom, Ingenio San Carlos, Wikio, entre otras empresas e iniciativas que, en este espacio, muestran las acciones que han emprendido para que su producci\u00f3n sea responsable y cumpla con lo estipulado en la normativa ambiental vigente.<\/p>\n<p style=\"text-align: justify;\">\u00abEn este recorrido hemos podido ver que tanto el sector p\u00fablico como el sector privado est\u00e1n haciendo un enorme esfuerzo para que su producci\u00f3n sea amigable y respetuosa con el planeta. Nos llenamos de alegr\u00eda porque ahora vemos que se empieza a pensar en la naturaleza, algo que antes estaba en \u00faltimo lugar\u00bb.<\/p>\n<p style=\"text-align: justify;\">Adem\u00e1s, para la Secretar\u00eda de Estado en esta II edici\u00f3n de CIMA, dos a\u00f1os despu\u00e9s de su inauguraci\u00f3n, se pueden ver resultados positivos. \u00abLa gesti\u00f3n del MAE se enfoca en la protecci\u00f3n y el uso responsable de los recursos naturales, ahora podemos ver que nuestro trabajo ha hecho ecos en diferentes sectores de producci\u00f3n y servicios. Por ejemplo, los foros Eco banca, cambios en materia tributaria e incentivos que dieron resultados en el sector forestal, hablan de realidades y no solo de buenas intenciones en cuento al cuidado del Ambiente\u00bb.<\/p>\n<p style=\"text-align: justify;\">Finalmente, Tapia indic\u00f3 que como MAE se espera que estos cuatro d\u00eda de Cumbre, el mundo conozca que Ecuador ha avanzando en cuidado ambiental y que es un pa\u00eds con grandes ideas.<\/p>\n<div id='gallery-1' class='gallery galleryid-13194 gallery-columns-4 gallery-size-thumbnail'><dl class='gallery-item'>\n\t\t\t<dt class='gallery-icon landscape'>\n\t\t\t\t<a href='https:\/\/www.ambienteyenergia.gob.ec\/ambiente\/en-la-ii-edicion-de-cima-hemos-podido-ver-resultados-positivos-en-materia-ambiental\/_mg_9290\/'><img loading=\"lazy\" decoding=\"async\" width=\"150\" height=\"150\" src=\"https:\/\/www.ambienteyenergia.gob.ec\/ambiente\/wp-content\/uploads\/sites\/2\/2013\/07\/MG_9290-150x150.jpg\" class=\"attachment-thumbnail size-thumbnail\" alt=\"\" \/><\/a>\n\t\t\t<\/dt><\/dl><dl class='gallery-item'>\n\t\t\t<dt class='gallery-icon landscape'>\n\t\t\t\t<a href='https:\/\/www.ambienteyenergia.gob.ec\/ambiente\/en-la-ii-edicion-de-cima-hemos-podido-ver-resultados-positivos-en-materia-ambiental\/chiqui\/'><img loading=\"lazy\" decoding=\"async\" width=\"150\" height=\"150\" src=\"https:\/\/www.ambienteyenergia.gob.ec\/ambiente\/wp-content\/uploads\/sites\/2\/2013\/07\/chiqui-150x150.jpg\" class=\"attachment-thumbnail size-thumbnail\" alt=\"\" \/><\/a>\n\t\t\t<\/dt><\/dl><dl class='gallery-item'>\n\t\t\t<dt class='gallery-icon landscape'>\n\t\t\t\t<a href='https:\/\/www.ambienteyenergia.gob.ec\/ambiente\/en-la-ii-edicion-de-cima-hemos-podido-ver-resultados-positivos-en-materia-ambiental\/_mg_9283\/'><img loading=\"lazy\" decoding=\"async\" width=\"150\" height=\"150\" src=\"https:\/\/www.ambienteyenergia.gob.ec\/ambiente\/wp-content\/uploads\/sites\/2\/2013\/07\/MG_9283-150x150.jpg\" class=\"attachment-thumbnail size-thumbnail\" alt=\"\" \/><\/a>\n\t\t\t<\/dt><\/dl><dl class='gallery-item'>\n\t\t\t<dt class='gallery-icon landscape'>\n\t\t\t\t<a href='https:\/\/www.ambienteyenergia.gob.ec\/ambiente\/en-la-ii-edicion-de-cima-hemos-podido-ver-resultados-positivos-en-materia-ambiental\/_mg_9357\/'><img loading=\"lazy\" decoding=\"async\" width=\"150\" height=\"150\" src=\"https:\/\/www.ambienteyenergia.gob.ec\/ambiente\/wp-content\/uploads\/sites\/2\/2013\/07\/MG_9357-150x150.jpg\" class=\"attachment-thumbnail size-thumbnail\" alt=\"\" \/><\/a>\n\t\t\t<\/dt><\/dl><br style=\"clear: both\" \/><dl class='gallery-item'>\n\t\t\t<dt class='gallery-icon landscape'>\n\t\t\t\t<a href='https:\/\/www.ambienteyenergia.gob.ec\/ambiente\/en-la-ii-edicion-de-cima-hemos-podido-ver-resultados-positivos-en-materia-ambiental\/_mg_9334\/'><img loading=\"lazy\" decoding=\"async\" width=\"150\" height=\"150\" src=\"https:\/\/www.ambienteyenergia.gob.ec\/ambiente\/wp-content\/uploads\/sites\/2\/2013\/07\/MG_9334-150x150.jpg\" class=\"attachment-thumbnail size-thumbnail\" alt=\"\" \/><\/a>\n\t\t\t<\/dt><\/dl>\n\t\t\t<br style='clear: both' \/>\n\t\t<\/div>\n\n","protected":false},"excerpt":{"rendered":"<p class=\"excerpt\">Al igual que decenas de asistentes, hoy, Lorena Tapia, M\u00e1xima Autoridad Ambiental de Ecuador, visit\u00f3 los stands de la II Cumbre Internacional de Medio Ambiente (CIMA), luego de la inauguraci\u00f3n oficial realizada en el Centro de Exposiciones de Guayaquil. El recorrido inici\u00f3 en el stand del Ministerio del Ambiente (MAE). En medio de retazos de c\u00e1\u00f1amo, bamb\u00fa, y paja de&hellip; <a href=\"https:\/\/www.ambienteyenergia.gob.ec\/ambiente\/en-la-ii-edicion-de-cima-hemos-podido-ver-resultados-positivos-en-materia-ambiental\/\">Read more &rarr;<\/a><\/p>\n","protected":false},"author":13,"featured_media":13201,"comment_status":"open","ping_status":"open","sticky":false,"template":"","format":"standard","meta":{"footnotes":""},"categories":[16,4,10],"tags":[],"class_list":["post-13194","post","type-post","status-publish","format-standard","has-post-thumbnail","hentry","category-comunicamos","category-noticias","category-noticias-destacadas","xfolkentry"],"_links":{"self":[{"href":"https:\/\/www.ambienteyenergia.gob.ec\/ambiente\/wp-json\/wp\/v2\/posts\/13194","targetHints":{"allow":["GET"]}}],"collection":[{"href":"https:\/\/www.ambienteyenergia.gob.ec\/ambiente\/wp-json\/wp\/v2\/posts"}],"about":[{"href":"https:\/\/www.ambienteyenergia.gob.ec\/ambiente\/wp-json\/wp\/v2\/types\/post"}],"author":[{"embeddable":true,"href":"https:\/\/www.ambienteyenergia.gob.ec\/ambiente\/wp-json\/wp\/v2\/users\/13"}],"replies":[{"embeddable":true,"href":"https:\/\/www.ambienteyenergia.gob.ec\/ambiente\/wp-json\/wp\/v2\/comments?post=13194"}],"version-history":[{"count":0,"href":"https:\/\/www.ambienteyenergia.gob.ec\/ambiente\/wp-json\/wp\/v2\/posts\/13194\/revisions"}],"wp:featuredmedia":[{"embeddable":true,"href":"https:\/\/www.ambienteyenergia.gob.ec\/ambiente\/wp-json\/wp\/v2\/media\/13201"}],"wp:attachment":[{"href":"https:\/\/www.ambienteyenergia.gob.ec\/ambiente\/wp-json\/wp\/v2\/media?parent=13194"}],"wp:term":[{"taxonomy":"category","embeddable":true,"href":"https:\/\/www.ambienteyenergia.gob.ec\/ambiente\/wp-json\/wp\/v2\/categories?post=13194"},{"taxonomy":"post_tag","embeddable":true,"href":"https:\/\/www.ambienteyenergia.gob.ec\/ambiente\/wp-json\/wp\/v2\/tags?post=13194"}],"curies":[{"name":"wp","href":"https:\/\/api.w.org\/{rel}","templated":true}]}}