{"id":13192,"date":"2013-07-15T22:12:01","date_gmt":"2013-07-16T03:12:01","guid":{"rendered":"http:\/\/www.ambiente.gob.ec\/?p=13192"},"modified":"2013-07-17T20:43:20","modified_gmt":"2013-07-18T01:43:20","slug":"cima-un-espacio-para-construir-un-precedente-en-la-gestion-ambiental-a-nivel-regional-y-mundial","status":"publish","type":"post","link":"https:\/\/www.ambienteyenergia.gob.ec\/ambiente\/cima-un-espacio-para-construir-un-precedente-en-la-gestion-ambiental-a-nivel-regional-y-mundial\/","title":{"rendered":"CIMA, un espacio para construir un precedente en la gesti\u00f3n ambiental a nivel regional y mundial"},"content":{"rendered":"<p style=\"text-align: justify;\">Hoy, el Ministerio del Ambiente (MAE) particip\u00f3 en la inauguraci\u00f3n de la II Cumbre Internacional del Medio Ambiente (CIMA), una de las plataformas de reflexi\u00f3n m\u00e1s importantes de Am\u00e9rica Latina. Este espacio fomenta la integraci\u00f3n entre negocios y medio ambiente, comprometiendo a los l\u00edderes de la regi\u00f3n a trabajar en pro de un desarrollo econ\u00f3mico sostenible, orientado a la conservaci\u00f3n de los recursos naturales. El evento se desarrolla entre e1 15 y el 18 de julio, en el Centro de Convenciones de Guayaquil.<\/p>\n<p style=\"text-align: justify;\">La Ministra del Ambiente, Lorena Tapia, expres\u00f3 el honor que representa, como Autoridad Ambiental Nacional, inaugurar la II Cumbre Internacional del Medio Ambiente. \u201cCIMA es definitivamente un espacio adecuado para debatir y construir m\u00e1s y mejores ideas para el cuidado y protecci\u00f3n de nuestro Ecuador y del planeta, que marquen un precedente en la gesti\u00f3n ambiental a nivel regional y mundial\u201d.<\/p>\n<p style=\"text-align: justify;\">Al acto asistieron Gustavo Manrique, presidente de CIMA; Luis Valverde, Viceministro de Agricultura y Ganader\u00eda; Dom\u00e9nica Tabacchi, Vicealcaldesa de Guayaquil; Jos\u00e9 Guarderas, Gerente General de Sambito y Rafael Poveda, Ministro Coordinador de los Sectores Estrat\u00e9gicos, entre otros.<\/p>\n<p style=\"text-align: justify;\">Durante el evento, se realizar\u00e1n foros acad\u00e9micos y exposiciones, dirigidos a mujeres l\u00edderes, empresarios visionarios y a aquellos que tengan en sus manos el poder\u00a0 de crear pol\u00edticas y leyes alrededor de la preservaci\u00f3n de la naturaleza. Adem\u00e1s, la Feria Expo Innova Verde exhibir\u00e1 proyectos \u00edconos de diferentes industrias, encaminados a la conservaci\u00f3n del medio ambiente, educaci\u00f3n ambiental, desarrollo rural, sostenibilidad, entre otros. Tambi\u00e9n se promover\u00e1n programas de responsabilidad social que se gestiona a favor del ambiente y la comunidad.<\/p>\n<p style=\"text-align: justify;\">\u201cEl Ecuador, a trav\u00e9s del MAE, orienta su trabajo a lograr un desarrollo sostenible, que articula la dimensi\u00f3n ambiental, social y econ\u00f3mica con un enfoque integral y que es necesario afrontarlo como un desaf\u00edo que implica una reestructuraci\u00f3n productiva que permita aumentar la competitividad del pa\u00eds, disminuir las brechas sociales y frenar el deterioro ambiental asociado a los actuales patrones productivos\u201d, enfatiz\u00f3 Tapia.<\/p>\n<p style=\"text-align: justify;\">CIMA este a\u00f1o, tiene un componente adicional, por primera vez, es catalogado como carbono neutro. Esto consiste en mitigar los efectos del evento, eliminando la huella de impacto ambiental, principalmente con la forestaci\u00f3n. Por ello, \u201ces motivo de doble orgullo organizar este CIMA, carbono neutro\u201d, mencion\u00f3 Jos\u00e9 Guarderas, Gerente General de Sambito.<\/p>\n<p style=\"text-align: justify;\">Bianca Dager Jervis, Directora corporativa de Sambito, entreg\u00f3 a la Autoridad Ambiental, el certificado de carbono neutro, por tener las emisiones de gases invernadero bajas y por promover la forestaci\u00f3n de \u00e1rboles para disminuir el impacto ambiental.<\/p>\n<p style=\"text-align: justify;\">Por otro lado, el Ministro Coordinador de los Sectores Estrat\u00e9gicos, Rafael Poveda, expres\u00f3 su satisfacci\u00f3n por iniciativas como esta y record\u00f3 a todos los presentes que el ambiente es un eje transversal en la gesti\u00f3n del Gobierno. \u201cAhora m\u00e1s que nunca es importante lograr un aprovechamiento responsable con nuestros recursos. El ambiente no es un tema aislado, sino parte inherente en nuestras actividades diarias, por esta raz\u00f3n se ha propuesto limpiar todos los pasivos ambientales en la Amazon\u00eda, como parte de este programa\u201d, declar\u00f3.<\/p>\n<div id='gallery-1' class='gallery galleryid-13192 gallery-columns-4 gallery-size-thumbnail'><dl class='gallery-item'>\n\t\t\t<dt class='gallery-icon landscape'>\n\t\t\t\t<a href='https:\/\/www.ambienteyenergia.gob.ec\/ambiente\/cima-un-espacio-para-construir-un-precedente-en-la-gestion-ambiental-a-nivel-regional-y-mundial\/_mg_9100-2\/'><img loading=\"lazy\" decoding=\"async\" width=\"150\" height=\"150\" src=\"https:\/\/www.ambienteyenergia.gob.ec\/ambiente\/wp-content\/uploads\/sites\/2\/2013\/07\/MG_91001-150x150.jpg\" class=\"attachment-thumbnail size-thumbnail\" alt=\"\" \/><\/a>\n\t\t\t<\/dt><\/dl><dl class='gallery-item'>\n\t\t\t<dt class='gallery-icon landscape'>\n\t\t\t\t<a href='https:\/\/www.ambienteyenergia.gob.ec\/ambiente\/cima-un-espacio-para-construir-un-precedente-en-la-gestion-ambiental-a-nivel-regional-y-mundial\/_mg_9183\/'><img loading=\"lazy\" decoding=\"async\" width=\"150\" height=\"150\" src=\"https:\/\/www.ambienteyenergia.gob.ec\/ambiente\/wp-content\/uploads\/sites\/2\/2013\/07\/MG_9183-150x150.jpg\" class=\"attachment-thumbnail size-thumbnail\" alt=\"\" \/><\/a>\n\t\t\t<\/dt><\/dl><dl class='gallery-item'>\n\t\t\t<dt class='gallery-icon landscape'>\n\t\t\t\t<a href='https:\/\/www.ambienteyenergia.gob.ec\/ambiente\/cima-un-espacio-para-construir-un-precedente-en-la-gestion-ambiental-a-nivel-regional-y-mundial\/_mg_9198\/'><img loading=\"lazy\" decoding=\"async\" width=\"150\" height=\"150\" src=\"https:\/\/www.ambienteyenergia.gob.ec\/ambiente\/wp-content\/uploads\/sites\/2\/2013\/07\/MG_9198-150x150.jpg\" class=\"attachment-thumbnail size-thumbnail\" alt=\"\" \/><\/a>\n\t\t\t<\/dt><\/dl><dl class='gallery-item'>\n\t\t\t<dt class='gallery-icon landscape'>\n\t\t\t\t<a href='https:\/\/www.ambienteyenergia.gob.ec\/ambiente\/cima-un-espacio-para-construir-un-precedente-en-la-gestion-ambiental-a-nivel-regional-y-mundial\/_mg_9177\/'><img loading=\"lazy\" decoding=\"async\" width=\"150\" height=\"150\" src=\"https:\/\/www.ambienteyenergia.gob.ec\/ambiente\/wp-content\/uploads\/sites\/2\/2013\/07\/MG_9177-150x150.jpg\" class=\"attachment-thumbnail size-thumbnail\" alt=\"\" \/><\/a>\n\t\t\t<\/dt><\/dl><br style=\"clear: both\" \/><dl class='gallery-item'>\n\t\t\t<dt class='gallery-icon landscape'>\n\t\t\t\t<a href='https:\/\/www.ambienteyenergia.gob.ec\/ambiente\/cima-un-espacio-para-construir-un-precedente-en-la-gestion-ambiental-a-nivel-regional-y-mundial\/_mg_9217\/'><img loading=\"lazy\" decoding=\"async\" width=\"150\" height=\"150\" src=\"https:\/\/www.ambienteyenergia.gob.ec\/ambiente\/wp-content\/uploads\/sites\/2\/2013\/07\/MG_9217-150x150.jpg\" class=\"attachment-thumbnail size-thumbnail\" alt=\"\" \/><\/a>\n\t\t\t<\/dt><\/dl><dl class='gallery-item'>\n\t\t\t<dt class='gallery-icon landscape'>\n\t\t\t\t<a href='https:\/\/www.ambienteyenergia.gob.ec\/ambiente\/cima-un-espacio-para-construir-un-precedente-en-la-gestion-ambiental-a-nivel-regional-y-mundial\/_mg_9146\/'><img loading=\"lazy\" decoding=\"async\" width=\"150\" height=\"150\" src=\"https:\/\/www.ambienteyenergia.gob.ec\/ambiente\/wp-content\/uploads\/sites\/2\/2013\/07\/MG_9146-150x150.jpg\" class=\"attachment-thumbnail size-thumbnail\" alt=\"\" \/><\/a>\n\t\t\t<\/dt><\/dl>\n\t\t\t<br style='clear: both' \/>\n\t\t<\/div>\n\n","protected":false},"excerpt":{"rendered":"<p class=\"excerpt\">Hoy, el Ministerio del Ambiente (MAE) particip\u00f3 en la inauguraci\u00f3n de la II Cumbre Internacional del Medio Ambiente (CIMA), una de las plataformas de reflexi\u00f3n m\u00e1s importantes de Am\u00e9rica Latina. Este espacio fomenta la integraci\u00f3n entre negocios y medio ambiente, comprometiendo a los l\u00edderes de la regi\u00f3n a trabajar en pro de un desarrollo econ\u00f3mico sostenible, orientado a la conservaci\u00f3n&hellip; <a href=\"https:\/\/www.ambienteyenergia.gob.ec\/ambiente\/cima-un-espacio-para-construir-un-precedente-en-la-gestion-ambiental-a-nivel-regional-y-mundial\/\">Read more &rarr;<\/a><\/p>\n","protected":false},"author":13,"featured_media":13199,"comment_status":"open","ping_status":"open","sticky":false,"template":"","format":"standard","meta":{"footnotes":""},"categories":[16,4],"tags":[],"class_list":["post-13192","post","type-post","status-publish","format-standard","has-post-thumbnail","hentry","category-comunicamos","category-noticias","xfolkentry"],"_links":{"self":[{"href":"https:\/\/www.ambienteyenergia.gob.ec\/ambiente\/wp-json\/wp\/v2\/posts\/13192","targetHints":{"allow":["GET"]}}],"collection":[{"href":"https:\/\/www.ambienteyenergia.gob.ec\/ambiente\/wp-json\/wp\/v2\/posts"}],"about":[{"href":"https:\/\/www.ambienteyenergia.gob.ec\/ambiente\/wp-json\/wp\/v2\/types\/post"}],"author":[{"embeddable":true,"href":"https:\/\/www.ambienteyenergia.gob.ec\/ambiente\/wp-json\/wp\/v2\/users\/13"}],"replies":[{"embeddable":true,"href":"https:\/\/www.ambienteyenergia.gob.ec\/ambiente\/wp-json\/wp\/v2\/comments?post=13192"}],"version-history":[{"count":0,"href":"https:\/\/www.ambienteyenergia.gob.ec\/ambiente\/wp-json\/wp\/v2\/posts\/13192\/revisions"}],"wp:featuredmedia":[{"embeddable":true,"href":"https:\/\/www.ambienteyenergia.gob.ec\/ambiente\/wp-json\/wp\/v2\/media\/13199"}],"wp:attachment":[{"href":"https:\/\/www.ambienteyenergia.gob.ec\/ambiente\/wp-json\/wp\/v2\/media?parent=13192"}],"wp:term":[{"taxonomy":"category","embeddable":true,"href":"https:\/\/www.ambienteyenergia.gob.ec\/ambiente\/wp-json\/wp\/v2\/categories?post=13192"},{"taxonomy":"post_tag","embeddable":true,"href":"https:\/\/www.ambienteyenergia.gob.ec\/ambiente\/wp-json\/wp\/v2\/tags?post=13192"}],"curies":[{"name":"wp","href":"https:\/\/api.w.org\/{rel}","templated":true}]}}