{"id":13176,"date":"2013-07-13T13:40:26","date_gmt":"2013-07-13T18:40:26","guid":{"rendered":"http:\/\/www.ambiente.gob.ec\/?p=13176"},"modified":"2013-07-13T14:36:24","modified_gmt":"2013-07-13T19:36:24","slug":"mae-controla-incendio-en-la-reserva-ecologica-los-ilinizas","status":"publish","type":"post","link":"https:\/\/www.ambienteyenergia.gob.ec\/ambiente\/mae-controla-incendio-en-la-reserva-ecologica-los-ilinizas\/","title":{"rendered":"MAE control\u00f3 incendio en la Reserva Ecol\u00f3gica Los Ilinizas"},"content":{"rendered":"<p style=\"text-align: justify;\">Ayer, el Ministerio del Ambiente (MAE), en coordinaci\u00f3n con personal de la Secretar\u00eda Nacional de Gesti\u00f3n de Riesgos, el Cuerpo de Bomberos de Machachi y la Unidad de Polic\u00eda Comunitaria del Chaupi, logr\u00f3 contralar totalmente un incendio que se produjo en el sector denominado la Virgen, en la zona norte de la Reserva Ecol\u00f3gica Los Ilinizas, provincia de Pichincha.<\/p>\n<p style=\"text-align: justify;\">El flagelo inici\u00f3 a las 11:00 y afect\u00f3 aproximadamente cinco hect\u00e1reas de p\u00e1ramo. Las causas del incendio a\u00fan son desconocidas.<\/p>\n<p style=\"text-align: justify;\">Guardaparques de la Reserva Ecol\u00f3gica Los Ilinizas, el Parque Nacional Cotopaxi y el \u00c1rea Nacional de Recreaci\u00f3n El Boliche, trabajaron durante seis horas para controlar totalmente el fuego.<\/p>\n<p style=\"text-align: justify;\">Este es el primer incendio que se registra en la Reserva Ecol\u00f3gica Los Ilinizas en lo que va del a\u00f1o. El MAE agradece a los habitantes de la zona, quienes alertan a las autoridades en este tipo de siniestros.<\/p>\n<p>&nbsp;<\/p>\n<p style=\"text-align: justify;\">\n","protected":false},"excerpt":{"rendered":"<p class=\"excerpt\">Ayer, el Ministerio del Ambiente (MAE), en coordinaci\u00f3n con personal de la Secretar\u00eda Nacional de Gesti\u00f3n de Riesgos, el Cuerpo de Bomberos de Machachi y la Unidad de Polic\u00eda Comunitaria del Chaupi, logr\u00f3 contralar totalmente un incendio que se produjo en el sector denominado la Virgen, en la zona norte de la Reserva Ecol\u00f3gica Los Ilinizas, provincia de Pichincha. El&hellip; <a href=\"https:\/\/www.ambienteyenergia.gob.ec\/ambiente\/mae-controla-incendio-en-la-reserva-ecologica-los-ilinizas\/\">Read more &rarr;<\/a><\/p>\n","protected":false},"author":13,"featured_media":13177,"comment_status":"open","ping_status":"open","sticky":false,"template":"","format":"standard","meta":{"footnotes":""},"categories":[16,4],"tags":[],"class_list":["post-13176","post","type-post","status-publish","format-standard","has-post-thumbnail","hentry","category-comunicamos","category-noticias","xfolkentry"],"_links":{"self":[{"href":"https:\/\/www.ambienteyenergia.gob.ec\/ambiente\/wp-json\/wp\/v2\/posts\/13176","targetHints":{"allow":["GET"]}}],"collection":[{"href":"https:\/\/www.ambienteyenergia.gob.ec\/ambiente\/wp-json\/wp\/v2\/posts"}],"about":[{"href":"https:\/\/www.ambienteyenergia.gob.ec\/ambiente\/wp-json\/wp\/v2\/types\/post"}],"author":[{"embeddable":true,"href":"https:\/\/www.ambienteyenergia.gob.ec\/ambiente\/wp-json\/wp\/v2\/users\/13"}],"replies":[{"embeddable":true,"href":"https:\/\/www.ambienteyenergia.gob.ec\/ambiente\/wp-json\/wp\/v2\/comments?post=13176"}],"version-history":[{"count":0,"href":"https:\/\/www.ambienteyenergia.gob.ec\/ambiente\/wp-json\/wp\/v2\/posts\/13176\/revisions"}],"wp:featuredmedia":[{"embeddable":true,"href":"https:\/\/www.ambienteyenergia.gob.ec\/ambiente\/wp-json\/wp\/v2\/media\/13177"}],"wp:attachment":[{"href":"https:\/\/www.ambienteyenergia.gob.ec\/ambiente\/wp-json\/wp\/v2\/media?parent=13176"}],"wp:term":[{"taxonomy":"category","embeddable":true,"href":"https:\/\/www.ambienteyenergia.gob.ec\/ambiente\/wp-json\/wp\/v2\/categories?post=13176"},{"taxonomy":"post_tag","embeddable":true,"href":"https:\/\/www.ambienteyenergia.gob.ec\/ambiente\/wp-json\/wp\/v2\/tags?post=13176"}],"curies":[{"name":"wp","href":"https:\/\/api.w.org\/{rel}","templated":true}]}}