{"id":13156,"date":"2013-07-12T11:22:42","date_gmt":"2013-07-12T16:22:42","guid":{"rendered":"http:\/\/www.ambiente.gob.ec\/?p=13156"},"modified":"2013-07-12T11:22:42","modified_gmt":"2013-07-12T16:22:42","slug":"mae-presento-los-lineamientos-de-investigacion-ambiental-lenia-en-guayaquil","status":"publish","type":"post","link":"https:\/\/www.ambienteyenergia.gob.ec\/ambiente\/mae-presento-los-lineamientos-de-investigacion-ambiental-lenia-en-guayaquil\/","title":{"rendered":"MAE present\u00f3 los Lineamientos De Investigaci\u00f3n Ambiental (Lenia), en Guayaquil"},"content":{"rendered":"<p style=\"text-align: justify;\">Ayer, en Guayaquil se presentaron los Lineamientos Estrat\u00e9gicos Nacionales de Investigaci\u00f3n Ambiental (Lenia) a representantes y estudiantes de universidades, institutos de investigaci\u00f3n p\u00fablicos y privados, investigadores particulares y Organizaciones no gubernamentales (ONG), entre otros expertos del ramo que asistieron al sal\u00f3n 3 del Gobierno Zonal de Guayaquil.<\/p>\n<p style=\"text-align: justify;\">Este an\u00e1lisis realizado por el Ministerio del Ambiente (MAE), la Secretar\u00eda Nacional de Educaci\u00f3n Superior, Ciencia, Tecnolog\u00eda e Innovaci\u00f3n (Senescyt) y la Secretar\u00eda Nacional de Planificaci\u00f3n y Desarrollo (Senplades), otorga un marco legal y conceptual para fortalecer la investigaci\u00f3n ambiental en el Ecuador.<\/p>\n<p style=\"text-align: justify;\">Gustavo Iturralde, Director de Normativas y Proyectos Marinos y Costeros del MAE, explic\u00f3 que los Lenia permitir\u00e1n desarrollar el campo investigativo priorizando las necesidades del pa\u00eds en \u00e1reas como la forestal, marino costeros, biodiversidad, calidad ambiental, cambio clim\u00e1tico, entre otros, evitando hacer esfuerzos innecesarios, pero con miras a avanzar al igual que lo han hecho otros pa\u00edses de la regi\u00f3n.<\/p>\n<p style=\"text-align: justify;\">Pero el objetivo se ampl\u00eda al querer que las investigaciones sean compartidas y no se queden en el olvido. Esto se lograr\u00e1 a trav\u00e9s del Sistema de Art\u00edculos de Investigaci\u00f3n Ambiental (SAIA), que se encuentra en la p\u00e1gina www.ambienteyenergia.gob.ec\/ambiente, dentro del Sistema \u00danico de Informaci\u00f3n Ambiental (SUIA).<\/p>\n<p style=\"text-align: justify;\">Diana Asimbaya, del Proyecto Sistema \u00danico de Informaci\u00f3n Ambiental (SUIA) del MAE, indic\u00f3 que esta plataforma permitir\u00e1 a los expertos de universidades alcanzar un convenio con esta Cartera de Estado, que les permita subir sus investigaciones previamente publicadas en revistas especializadas. Asimismo, este sistema permitir\u00e1 a los usuarios consultar el material publicado.<\/p>\n<p style=\"text-align: justify;\">\u201cEsta es una manera de tener una base de datos que sirva no solo al MAE, sino a todas las entidades y saber en qu\u00e9 temas de investigaci\u00f3n se est\u00e1 trabajando\u201d, asever\u00f3 Mar\u00eda Fernanda Lara, funcionaria del MAE.<\/p>\n<p style=\"text-align: justify;\">Para Mar\u00eda Eloisa Vel\u00e1squez, Directora de la Fundaci\u00f3n Santiago de Guayaquil de la Universidad Cat\u00f3lica, este documento es positivo porque ofrece las l\u00edneas de investigaci\u00f3n que permitir\u00e1n a la universidad orientar sus futuras investigaciones.<\/p>\n<p style=\"text-align: justify;\">Vel\u00e1squez destac\u00f3 que siendo el tema ambiental de gran importancia para todos los ecuatorianos, la Universidad Cat\u00f3lica ha realizado trabajos investigativos como la calidad del agua, contaminaci\u00f3n por ruido, desechos s\u00f3lidos, producci\u00f3n m\u00e1s limpia, entre otros, que ahora podr\u00e1n compartir en red.<\/p>\n<p style=\"text-align: justify;\">\u201cEs que ahora sabemos qu\u00e9 podemos seguir investigando y sobre todo la prioridad nacional\u201d, acot\u00f3 Vel\u00e1squez, tras mencionar que una comunidad concienciada de lo que pasa en su alrededor podr\u00e1 y sabr\u00e1 c\u00f3mo aportar para cambiar malos h\u00e1bitos y as\u00ed proteger los ecosistemas fr\u00e1giles que posee el Ecuador.<\/p>\n<p style=\"text-align: justify;\">Finalmente, Juan Carlos Baca, del proyecto Huella Ecol\u00f3gica-MAE, inst\u00f3 a las representantes de las universidades a sumarse a la iniciativa de reducci\u00f3n de emisi\u00f3n de carbono, aportando en la optimizaci\u00f3n del uso de recursos como la energ\u00eda, el agua y el papel.<\/p>\n<p style=\"text-align: justify;\">Baca argument\u00f3 que otro aporte indispensable que las universidades pueden y deben implementar son los espacios verdes que permitan disminuir las emisiones de carbono. Esos resultados ser\u00e1n evaluados y al alcanzar indicadores de \u00f3ptima compensaci\u00f3n, las universidades podr\u00e1n obtener un reconocimiento ecuatoriano ambiental.<\/p>\n<div id='gallery-1' class='gallery galleryid-13156 gallery-columns-4 gallery-size-thumbnail'><dl class='gallery-item'>\n\t\t\t<dt class='gallery-icon landscape'>\n\t\t\t\t<a href='https:\/\/www.ambienteyenergia.gob.ec\/ambiente\/mae-presento-los-lineamientos-de-investigacion-ambiental-lenia-en-guayaquil\/l4\/'><img loading=\"lazy\" decoding=\"async\" width=\"150\" height=\"150\" src=\"https:\/\/www.ambienteyenergia.gob.ec\/ambiente\/wp-content\/uploads\/sites\/2\/2013\/07\/l4-150x150.jpg\" class=\"attachment-thumbnail size-thumbnail\" alt=\"\" \/><\/a>\n\t\t\t<\/dt><\/dl><dl class='gallery-item'>\n\t\t\t<dt class='gallery-icon landscape'>\n\t\t\t\t<a href='https:\/\/www.ambienteyenergia.gob.ec\/ambiente\/mae-presento-los-lineamientos-de-investigacion-ambiental-lenia-en-guayaquil\/l1\/'><img loading=\"lazy\" decoding=\"async\" width=\"150\" height=\"150\" src=\"https:\/\/www.ambienteyenergia.gob.ec\/ambiente\/wp-content\/uploads\/sites\/2\/2013\/07\/l1-150x150.jpg\" class=\"attachment-thumbnail size-thumbnail\" alt=\"\" \/><\/a>\n\t\t\t<\/dt><\/dl><dl class='gallery-item'>\n\t\t\t<dt class='gallery-icon landscape'>\n\t\t\t\t<a href='https:\/\/www.ambienteyenergia.gob.ec\/ambiente\/mae-presento-los-lineamientos-de-investigacion-ambiental-lenia-en-guayaquil\/l3\/'><img loading=\"lazy\" decoding=\"async\" width=\"150\" height=\"150\" src=\"https:\/\/www.ambienteyenergia.gob.ec\/ambiente\/wp-content\/uploads\/sites\/2\/2013\/07\/l3-150x150.jpg\" class=\"attachment-thumbnail size-thumbnail\" alt=\"\" \/><\/a>\n\t\t\t<\/dt><\/dl><dl class='gallery-item'>\n\t\t\t<dt class='gallery-icon landscape'>\n\t\t\t\t<a href='https:\/\/www.ambienteyenergia.gob.ec\/ambiente\/mae-presento-los-lineamientos-de-investigacion-ambiental-lenia-en-guayaquil\/l1-2\/'><img loading=\"lazy\" decoding=\"async\" width=\"150\" height=\"150\" src=\"https:\/\/www.ambienteyenergia.gob.ec\/ambiente\/wp-content\/uploads\/sites\/2\/2013\/07\/l11-150x150.jpg\" class=\"attachment-thumbnail size-thumbnail\" alt=\"\" \/><\/a>\n\t\t\t<\/dt><\/dl><br style=\"clear: both\" \/>\n\t\t<\/div>\n\n<p>&nbsp;<\/p>\n","protected":false},"excerpt":{"rendered":"<p class=\"excerpt\">Ayer, en Guayaquil se presentaron los Lineamientos Estrat\u00e9gicos Nacionales de Investigaci\u00f3n Ambiental (Lenia) a representantes y estudiantes de universidades, institutos de investigaci\u00f3n p\u00fablicos y privados, investigadores particulares y Organizaciones no gubernamentales (ONG), entre otros expertos del ramo que asistieron al sal\u00f3n 3 del Gobierno Zonal de Guayaquil. Este an\u00e1lisis realizado por el Ministerio del Ambiente (MAE), la Secretar\u00eda Nacional de&hellip; <a href=\"https:\/\/www.ambienteyenergia.gob.ec\/ambiente\/mae-presento-los-lineamientos-de-investigacion-ambiental-lenia-en-guayaquil\/\">Read more &rarr;<\/a><\/p>\n","protected":false},"author":13,"featured_media":13157,"comment_status":"open","ping_status":"open","sticky":false,"template":"","format":"standard","meta":{"footnotes":""},"categories":[16,4],"tags":[],"class_list":["post-13156","post","type-post","status-publish","format-standard","has-post-thumbnail","hentry","category-comunicamos","category-noticias","xfolkentry"],"_links":{"self":[{"href":"https:\/\/www.ambienteyenergia.gob.ec\/ambiente\/wp-json\/wp\/v2\/posts\/13156","targetHints":{"allow":["GET"]}}],"collection":[{"href":"https:\/\/www.ambienteyenergia.gob.ec\/ambiente\/wp-json\/wp\/v2\/posts"}],"about":[{"href":"https:\/\/www.ambienteyenergia.gob.ec\/ambiente\/wp-json\/wp\/v2\/types\/post"}],"author":[{"embeddable":true,"href":"https:\/\/www.ambienteyenergia.gob.ec\/ambiente\/wp-json\/wp\/v2\/users\/13"}],"replies":[{"embeddable":true,"href":"https:\/\/www.ambienteyenergia.gob.ec\/ambiente\/wp-json\/wp\/v2\/comments?post=13156"}],"version-history":[{"count":0,"href":"https:\/\/www.ambienteyenergia.gob.ec\/ambiente\/wp-json\/wp\/v2\/posts\/13156\/revisions"}],"wp:featuredmedia":[{"embeddable":true,"href":"https:\/\/www.ambienteyenergia.gob.ec\/ambiente\/wp-json\/wp\/v2\/media\/13157"}],"wp:attachment":[{"href":"https:\/\/www.ambienteyenergia.gob.ec\/ambiente\/wp-json\/wp\/v2\/media?parent=13156"}],"wp:term":[{"taxonomy":"category","embeddable":true,"href":"https:\/\/www.ambienteyenergia.gob.ec\/ambiente\/wp-json\/wp\/v2\/categories?post=13156"},{"taxonomy":"post_tag","embeddable":true,"href":"https:\/\/www.ambienteyenergia.gob.ec\/ambiente\/wp-json\/wp\/v2\/tags?post=13156"}],"curies":[{"name":"wp","href":"https:\/\/api.w.org\/{rel}","templated":true}]}}