{"id":13148,"date":"2013-07-12T10:43:41","date_gmt":"2013-07-12T15:43:41","guid":{"rendered":"http:\/\/www.ambiente.gob.ec\/?p=13148"},"modified":"2013-07-12T10:43:41","modified_gmt":"2013-07-12T15:43:41","slug":"mae-propuso-estrategia-y-modelo-de-gestion-turistica-para-la-laguna-del-quilotoa","status":"publish","type":"post","link":"https:\/\/www.ambienteyenergia.gob.ec\/ambiente\/mae-propuso-estrategia-y-modelo-de-gestion-turistica-para-la-laguna-del-quilotoa\/","title":{"rendered":"MAE propuso Estrategia y Modelo de Gesti\u00f3n Tur\u00edstica para la Laguna del Quilotoa"},"content":{"rendered":"<p style=\"text-align: justify;\">El pasado 8 de julio, se desarroll\u00f3 la propuesta de la Estrategia y Modelo de Gesti\u00f3n para la actividad tur\u00edstica en la Laguna Quilotoa, parte de la Reserva Ecol\u00f3gica Illinizas. Ello, en el marco del Proyecto de Sostenibilidad Financiera (PSF) de \u00c1reas Protegidas del SNAP, iniciativa del Ministerio del Ambiente del Ecuador (MAE) que cuenta con el apoyo t\u00e9cnico del Programa de las Naciones Unidas para el Desarrollo (PNUD) y es financiada por el Fondo para el Medio Ambiente Mundial \u2013 GEF.<\/p>\n<p style=\"text-align: justify;\">En el taller participaron representantes de la organizaci\u00f3n Desarrollo Tur\u00edstico \u201cLaguna Verde\u201d de Quilotoa, quienes han avanzado con la construcci\u00f3n de la rampa para el embarque y desembarque de los turistas que utilizan el servicio de kayaks, los mismos que fueron entregados a la comunidad por el PSF en enero de este a\u00f1o. Esta construcci\u00f3n provisional cumple con los requerimientos para lograr una mejor operaci\u00f3n con los equipos, en la laguna del Quilotoa.<\/p>\n<p style=\"text-align: justify;\">Entre las necesidades que se identificaron en el encuentro, la comunidad manifest\u00f3 su inter\u00e9s por mejorar la calidad de los servicios de guianza e interpretaci\u00f3n, manejo de ac\u00e9milas, operaci\u00f3n de kayaks, as\u00ed como generar mecanismos de relevo generacional que permitan recuperar las historias, leyendas y cultura del pueblo.<\/p>\n<p style=\"text-align: justify;\">A estas actividades se suma el compromiso para integrar a los actores locales en las iniciativas que se desarrollan en coordinaci\u00f3n y apoyo con el PSF, a trav\u00e9s de la conformaci\u00f3n de una Comisi\u00f3n de Gesti\u00f3n conformada por el MAE, el Centro Tur\u00edstico Comunitario (CTC) Quilotoa, propietarios de predios, Comuna Ponce, operadores tur\u00edsticos y el Ministerio de Turismo (MINTUR), para poner en marcha el Modelo de Gesti\u00f3n.<\/p>\n<p style=\"text-align: justify;\">Adem\u00e1s, se acord\u00f3 realizar un perfil de proyecto basado en los emprendimientos locales y las necesidades emergentes como un aporte a la consolidaci\u00f3n de un sistema financiero sostenible en la zona, que ser\u00e1 desarrollado en conjunto con el apoyo t\u00e9cnico del Proyecto.<\/p>\n<div id='gallery-1' class='gallery galleryid-13148 gallery-columns-4 gallery-size-thumbnail'><dl class='gallery-item'>\n\t\t\t<dt class='gallery-icon landscape'>\n\t\t\t\t<a href='https:\/\/www.ambienteyenergia.gob.ec\/ambiente\/mae-propuso-estrategia-y-modelo-de-gestion-turistica-para-la-laguna-del-quilotoa\/s3\/'><img loading=\"lazy\" decoding=\"async\" width=\"150\" height=\"140\" src=\"https:\/\/www.ambienteyenergia.gob.ec\/ambiente\/wp-content\/uploads\/sites\/2\/2013\/07\/s3-150x140.jpg\" class=\"attachment-thumbnail size-thumbnail\" alt=\"\" \/><\/a>\n\t\t\t<\/dt><\/dl><dl class='gallery-item'>\n\t\t\t<dt class='gallery-icon landscape'>\n\t\t\t\t<a href='https:\/\/www.ambienteyenergia.gob.ec\/ambiente\/mae-propuso-estrategia-y-modelo-de-gestion-turistica-para-la-laguna-del-quilotoa\/s1\/'><img loading=\"lazy\" decoding=\"async\" width=\"150\" height=\"150\" src=\"https:\/\/www.ambienteyenergia.gob.ec\/ambiente\/wp-content\/uploads\/sites\/2\/2013\/07\/s1-150x150.jpg\" class=\"attachment-thumbnail size-thumbnail\" alt=\"\" \/><\/a>\n\t\t\t<\/dt><\/dl><dl class='gallery-item'>\n\t\t\t<dt class='gallery-icon landscape'>\n\t\t\t\t<a href='https:\/\/www.ambienteyenergia.gob.ec\/ambiente\/mae-propuso-estrategia-y-modelo-de-gestion-turistica-para-la-laguna-del-quilotoa\/s2\/'><img loading=\"lazy\" decoding=\"async\" width=\"150\" height=\"150\" src=\"https:\/\/www.ambienteyenergia.gob.ec\/ambiente\/wp-content\/uploads\/sites\/2\/2013\/07\/s2-150x150.jpg\" class=\"attachment-thumbnail size-thumbnail\" alt=\"\" \/><\/a>\n\t\t\t<\/dt><\/dl>\n\t\t\t<br style='clear: both' \/>\n\t\t<\/div>\n\n","protected":false},"excerpt":{"rendered":"<p class=\"excerpt\">El pasado 8 de julio, se desarroll\u00f3 la propuesta de la Estrategia y Modelo de Gesti\u00f3n para la actividad tur\u00edstica en la Laguna Quilotoa, parte de la Reserva Ecol\u00f3gica Illinizas. Ello, en el marco del Proyecto de Sostenibilidad Financiera (PSF) de \u00c1reas Protegidas del SNAP, iniciativa del Ministerio del Ambiente del Ecuador (MAE) que cuenta con el apoyo t\u00e9cnico del&hellip; <a href=\"https:\/\/www.ambienteyenergia.gob.ec\/ambiente\/mae-propuso-estrategia-y-modelo-de-gestion-turistica-para-la-laguna-del-quilotoa\/\">Read more &rarr;<\/a><\/p>\n","protected":false},"author":13,"featured_media":13149,"comment_status":"open","ping_status":"open","sticky":false,"template":"","format":"standard","meta":{"footnotes":""},"categories":[16,4],"tags":[],"class_list":["post-13148","post","type-post","status-publish","format-standard","has-post-thumbnail","hentry","category-comunicamos","category-noticias","xfolkentry"],"_links":{"self":[{"href":"https:\/\/www.ambienteyenergia.gob.ec\/ambiente\/wp-json\/wp\/v2\/posts\/13148","targetHints":{"allow":["GET"]}}],"collection":[{"href":"https:\/\/www.ambienteyenergia.gob.ec\/ambiente\/wp-json\/wp\/v2\/posts"}],"about":[{"href":"https:\/\/www.ambienteyenergia.gob.ec\/ambiente\/wp-json\/wp\/v2\/types\/post"}],"author":[{"embeddable":true,"href":"https:\/\/www.ambienteyenergia.gob.ec\/ambiente\/wp-json\/wp\/v2\/users\/13"}],"replies":[{"embeddable":true,"href":"https:\/\/www.ambienteyenergia.gob.ec\/ambiente\/wp-json\/wp\/v2\/comments?post=13148"}],"version-history":[{"count":0,"href":"https:\/\/www.ambienteyenergia.gob.ec\/ambiente\/wp-json\/wp\/v2\/posts\/13148\/revisions"}],"wp:featuredmedia":[{"embeddable":true,"href":"https:\/\/www.ambienteyenergia.gob.ec\/ambiente\/wp-json\/wp\/v2\/media\/13149"}],"wp:attachment":[{"href":"https:\/\/www.ambienteyenergia.gob.ec\/ambiente\/wp-json\/wp\/v2\/media?parent=13148"}],"wp:term":[{"taxonomy":"category","embeddable":true,"href":"https:\/\/www.ambienteyenergia.gob.ec\/ambiente\/wp-json\/wp\/v2\/categories?post=13148"},{"taxonomy":"post_tag","embeddable":true,"href":"https:\/\/www.ambienteyenergia.gob.ec\/ambiente\/wp-json\/wp\/v2\/tags?post=13148"}],"curies":[{"name":"wp","href":"https:\/\/api.w.org\/{rel}","templated":true}]}}