{"id":13141,"date":"2013-07-12T10:33:58","date_gmt":"2013-07-12T15:33:58","guid":{"rendered":"http:\/\/www.ambiente.gob.ec\/?p=13141"},"modified":"2013-07-12T10:33:58","modified_gmt":"2013-07-12T15:33:58","slug":"elaboracion-de-perfiles-de-proyectos-socio-productivos-para-cuyabeno","status":"publish","type":"post","link":"https:\/\/www.ambienteyenergia.gob.ec\/ambiente\/elaboracion-de-perfiles-de-proyectos-socio-productivos-para-cuyabeno\/","title":{"rendered":"Elaboraci\u00f3n de perfiles de proyectos socio-productivos para Cuyabeno"},"content":{"rendered":"<p style=\"text-align: justify;\">El Ministerio del Ambiente (MAE), en el marco del Resultado 4.\u00b0 del Proyecto de Sostenibilidad Financiera (PSF) de \u00c1reas Protegidas, relacionado con la creaci\u00f3n de modelos de gesti\u00f3n rentable, con enfoques comunitarios y asociaciones intersectoriales, realiz\u00f3 un taller para la identificaci\u00f3n y construcci\u00f3n de perfiles de proyectos en la Reserva de Producci\u00f3n Faun\u00edstica Cuyabeno.<\/p>\n<p style=\"text-align: justify;\">Esta reuni\u00f3n de trabajo, que se desarroll\u00f3 en el contexto del PSF, iniciativa del MAE con el apoyo de PNUD y GEF, se presentaron alrededor de 12 proyectos que pueden ser viables para el beneficio de la comunidad, desde el punto de vista de los propios habitantes de la Reserva Cuyabeno y sus alrededores quienes asistieron junto con representantes de las comunidades de Aguas Negras, Shuar Charapas, Siona, Taravealla, Sekoya; as\u00ed como integrantes de grupos de mujeres organizadas de San Jos\u00e9 y Dureno; miembros de gremios y asociaciones y de los gobiernos aut\u00f3nomos locales.<\/p>\n<p style=\"text-align: justify;\">El turismo comunitario y la producci\u00f3n de caf\u00e9 y cacao fueron los temas identificados como acciones productivas comunes de las poblaciones asentadas en esta zona, las mismas que pueden ingresar a la selecci\u00f3n para financiamiento que se realizar\u00e1 a trav\u00e9s del Mecanismo de Fondos Concursables (MFC) del PSF, que utiliza la metodolog\u00eda del Programa de Peque\u00f1as Donaciones del Fondo para el Medio Ambiente Mundial (GEF), para proyectos productivos que contribuyan a la sostenibilidad financiera en las \u00e1reas protegidas.<\/p>\n<p style=\"text-align: justify;\">Adem\u00e1s, durante la jornada se capacit\u00f3 a los participantes para la presentaci\u00f3n de los perfiles de proyectos, a trav\u00e9s de un formulario que ha sido creado como herramienta de an\u00e1lisis para el MFC, desde una metodolog\u00eda de f\u00e1cil comprensi\u00f3n que recoge informaci\u00f3n general de los proyectos, estrategias de intervenci\u00f3n, objetivos y resultados reflejados en el Marco L\u00f3gico y el detalle del presupuesto.<\/p>\n<p style=\"text-align: justify;\">Hasta el momento, los talleres se han realizado en las \u00c1reas Protegidas de Galera San Francisco, Chimborazo y Cuyabeno. Los pr\u00f3ximos se llevar\u00e1n a cabo en el Parque Nacional Yasun\u00ed, Reserva Ecol\u00f3gica Los Illinizas y en el Parque Nacional Cayambe-Coca.<\/p>\n<div id='gallery-1' class='gallery galleryid-13141 gallery-columns-4 gallery-size-thumbnail'><dl class='gallery-item'>\n\t\t\t<dt class='gallery-icon landscape'>\n\t\t\t\t<a href='https:\/\/www.ambienteyenergia.gob.ec\/ambiente\/elaboracion-de-perfiles-de-proyectos-socio-productivos-para-cuyabeno\/4-1\/'><img loading=\"lazy\" decoding=\"async\" width=\"150\" height=\"150\" src=\"https:\/\/www.ambienteyenergia.gob.ec\/ambiente\/wp-content\/uploads\/sites\/2\/2013\/07\/4-1-150x150.jpg\" class=\"attachment-thumbnail size-thumbnail\" alt=\"\" \/><\/a>\n\t\t\t<\/dt><\/dl><dl class='gallery-item'>\n\t\t\t<dt class='gallery-icon landscape'>\n\t\t\t\t<a href='https:\/\/www.ambienteyenergia.gob.ec\/ambiente\/elaboracion-de-perfiles-de-proyectos-socio-productivos-para-cuyabeno\/1-1\/'><img loading=\"lazy\" decoding=\"async\" width=\"150\" height=\"150\" src=\"https:\/\/www.ambienteyenergia.gob.ec\/ambiente\/wp-content\/uploads\/sites\/2\/2013\/07\/1-1-150x150.jpg\" class=\"attachment-thumbnail size-thumbnail\" alt=\"\" \/><\/a>\n\t\t\t<\/dt><\/dl><dl class='gallery-item'>\n\t\t\t<dt class='gallery-icon landscape'>\n\t\t\t\t<a href='https:\/\/www.ambienteyenergia.gob.ec\/ambiente\/elaboracion-de-perfiles-de-proyectos-socio-productivos-para-cuyabeno\/2-1\/'><img loading=\"lazy\" decoding=\"async\" width=\"150\" height=\"150\" src=\"https:\/\/www.ambienteyenergia.gob.ec\/ambiente\/wp-content\/uploads\/sites\/2\/2013\/07\/2-1-150x150.jpg\" class=\"attachment-thumbnail size-thumbnail\" alt=\"\" \/><\/a>\n\t\t\t<\/dt><\/dl><dl class='gallery-item'>\n\t\t\t<dt class='gallery-icon landscape'>\n\t\t\t\t<a href='https:\/\/www.ambienteyenergia.gob.ec\/ambiente\/elaboracion-de-perfiles-de-proyectos-socio-productivos-para-cuyabeno\/3-1\/'><img loading=\"lazy\" decoding=\"async\" width=\"150\" height=\"150\" src=\"https:\/\/www.ambienteyenergia.gob.ec\/ambiente\/wp-content\/uploads\/sites\/2\/2013\/07\/3-1-150x150.jpg\" class=\"attachment-thumbnail size-thumbnail\" alt=\"\" \/><\/a>\n\t\t\t<\/dt><\/dl><br style=\"clear: both\" \/>\n\t\t<\/div>\n\n","protected":false},"excerpt":{"rendered":"<p class=\"excerpt\">El Ministerio del Ambiente (MAE), en el marco del Resultado 4.\u00b0 del Proyecto de Sostenibilidad Financiera (PSF) de \u00c1reas Protegidas, relacionado con la creaci\u00f3n de modelos de gesti\u00f3n rentable, con enfoques comunitarios y asociaciones intersectoriales, realiz\u00f3 un taller para la identificaci\u00f3n y construcci\u00f3n de perfiles de proyectos en la Reserva de Producci\u00f3n Faun\u00edstica Cuyabeno. Esta reuni\u00f3n de trabajo, que se&hellip; <a href=\"https:\/\/www.ambienteyenergia.gob.ec\/ambiente\/elaboracion-de-perfiles-de-proyectos-socio-productivos-para-cuyabeno\/\">Read more &rarr;<\/a><\/p>\n","protected":false},"author":13,"featured_media":13142,"comment_status":"open","ping_status":"open","sticky":false,"template":"","format":"standard","meta":{"footnotes":""},"categories":[16,4],"tags":[],"class_list":["post-13141","post","type-post","status-publish","format-standard","has-post-thumbnail","hentry","category-comunicamos","category-noticias","xfolkentry"],"_links":{"self":[{"href":"https:\/\/www.ambienteyenergia.gob.ec\/ambiente\/wp-json\/wp\/v2\/posts\/13141","targetHints":{"allow":["GET"]}}],"collection":[{"href":"https:\/\/www.ambienteyenergia.gob.ec\/ambiente\/wp-json\/wp\/v2\/posts"}],"about":[{"href":"https:\/\/www.ambienteyenergia.gob.ec\/ambiente\/wp-json\/wp\/v2\/types\/post"}],"author":[{"embeddable":true,"href":"https:\/\/www.ambienteyenergia.gob.ec\/ambiente\/wp-json\/wp\/v2\/users\/13"}],"replies":[{"embeddable":true,"href":"https:\/\/www.ambienteyenergia.gob.ec\/ambiente\/wp-json\/wp\/v2\/comments?post=13141"}],"version-history":[{"count":0,"href":"https:\/\/www.ambienteyenergia.gob.ec\/ambiente\/wp-json\/wp\/v2\/posts\/13141\/revisions"}],"wp:featuredmedia":[{"embeddable":true,"href":"https:\/\/www.ambienteyenergia.gob.ec\/ambiente\/wp-json\/wp\/v2\/media\/13142"}],"wp:attachment":[{"href":"https:\/\/www.ambienteyenergia.gob.ec\/ambiente\/wp-json\/wp\/v2\/media?parent=13141"}],"wp:term":[{"taxonomy":"category","embeddable":true,"href":"https:\/\/www.ambienteyenergia.gob.ec\/ambiente\/wp-json\/wp\/v2\/categories?post=13141"},{"taxonomy":"post_tag","embeddable":true,"href":"https:\/\/www.ambienteyenergia.gob.ec\/ambiente\/wp-json\/wp\/v2\/tags?post=13141"}],"curies":[{"name":"wp","href":"https:\/\/api.w.org\/{rel}","templated":true}]}}