{"id":13135,"date":"2013-07-11T14:57:37","date_gmt":"2013-07-11T19:57:37","guid":{"rendered":"http:\/\/www.ambiente.gob.ec\/?p=13135"},"modified":"2013-07-11T14:57:37","modified_gmt":"2013-07-11T19:57:37","slug":"mae-entrego-estudio-de-pre-inversion-para-gestion-integral-de-desechos-solidos-del-canton-duran-guayas","status":"publish","type":"post","link":"https:\/\/www.ambienteyenergia.gob.ec\/ambiente\/mae-entrego-estudio-de-pre-inversion-para-gestion-integral-de-desechos-solidos-del-canton-duran-guayas\/","title":{"rendered":"MAE entreg\u00f3 estudio de Pre- inversi\u00f3n para Gesti\u00f3n Integral de Desechos S\u00f3lidos del cant\u00f3n Dur\u00e1n (Guayas)"},"content":{"rendered":"<p style=\"text-align: justify;\">En el Ecuador se generan alrededor de 11.341 toneladas diarias de residuo, es decir, un aproximado de 4`139.512 tm\/a\u00f1o, de los cuales 61,4% son org\u00e1nicos, papel + cart\u00f3n 9.4%, pl\u00e1stico 11%, vidrio 2.6%, chatarra 2.2%, y otros 13.3% En la actualidad (al 2013) solo el 20% municipios cuentan con rellenos sanitarios, el 80% restante disponen de botaderos.<\/p>\n<p style=\"text-align: justify;\">Ante esta situaci\u00f3n el Ministerio del Ambiente (MAE), a trav\u00e9s del Programa Nacional para la Gesti\u00f3n Integral de Desechos S\u00f3lidos (PNGIDS), trabaja con\u00a0 el objetivo primordial de impulsar la gesti\u00f3n de los residuos s\u00f3lidos en los municipios del Ecuador. Por esta raz\u00f3n, el jueves 4 de julio del 2013, la Gerenta del PNGIDS-MAE Paula Guerra, realiz\u00f3 la entrega de los Estudios de Pre-Inversi\u00f3n y Dise\u00f1os Definitivos al Alcalde del Gobierno Aut\u00f3nomo Descentralizado de Dur\u00e1n, Dalt\u00f3n Narv\u00e1ez.<\/p>\n<p style=\"text-align: justify;\">Dur\u00e1n, con una poblaci\u00f3n aproximada de 235 769 habitantes, genera alrededor de\u00a0 168.34 toneladas de residuos s\u00f3lidos al d\u00eda. Los estudios de Pre-Inversi\u00f3n y Dise\u00f1os Definitivos contratados por el PNGIDS-MAE consideran caracter\u00edsticas geogr\u00e1ficas, poblacionales, de generaci\u00f3n y caracterizaci\u00f3n de los residuos.<\/p>\n<p style=\"text-align: justify;\">El estudio cont\u00f3 con un presupuesto de $120 mil, el cual\u00a0 presenta resultados y recomendaciones para separaci\u00f3n en la fuente, recolecci\u00f3n diferenciada, planta de separaci\u00f3n de residuos inorg\u00e1nicos, elaboraci\u00f3n de compostaje, celdas para residuos comunes, celdas para residuos especiales y peligrosos, sistema de auto-clavado para residuos hospitalarios, as\u00ed como tambi\u00e9n,\u00a0 el Plan de cierre t\u00e9cnico para la celda clausurada y la actual celda en operaci\u00f3n del botadero de basura.<\/p>\n<p style=\"text-align: justify;\"><a href=\"http:\/\/www.ambienteyenergia.gob.ec\/ambiente\/wp-content\/uploads\/2013\/07\/DSC07181.jpg\"><img loading=\"lazy\" decoding=\"async\" class=\"aligncenter size-full wp-image-13137\" title=\"MAE entreg\u00f3 estudio de Pre- inversi\u00f3n para Gesti\u00f3n Integral de Desechos S\u00f3lidos del cant\u00f3n Dur\u00e1n (Guayas)\" src=\"http:\/\/www.ambienteyenergia.gob.ec\/ambiente\/wp-content\/uploads\/2013\/07\/DSC07181.jpg\" alt=\"\" width=\"650\" height=\"488\" srcset=\"https:\/\/www.ambienteyenergia.gob.ec\/ambiente\/wp-content\/uploads\/sites\/2\/2013\/07\/DSC07181.jpg 650w, https:\/\/www.ambienteyenergia.gob.ec\/ambiente\/wp-content\/uploads\/sites\/2\/2013\/07\/DSC07181-300x225.jpg 300w, https:\/\/www.ambienteyenergia.gob.ec\/ambiente\/wp-content\/uploads\/sites\/2\/2013\/07\/DSC07181-399x300.jpg 399w\" sizes=\"auto, (max-width: 650px) 100vw, 650px\" \/><\/a><\/p>\n<p style=\"text-align: justify;\"><a href=\"http:\/\/www.ambienteyenergia.gob.ec\/ambiente\/wp-content\/uploads\/2013\/07\/DSC07190.jpg\"><img loading=\"lazy\" decoding=\"async\" class=\"aligncenter size-full wp-image-13138\" title=\"MAE entreg\u00f3 estudio de Pre- inversi\u00f3n para Gesti\u00f3n Integral de Desechos S\u00f3lidos del cant\u00f3n Dur\u00e1n (Guayas)\" src=\"http:\/\/www.ambienteyenergia.gob.ec\/ambiente\/wp-content\/uploads\/2013\/07\/DSC07190.jpg\" alt=\"\" width=\"650\" height=\"488\" srcset=\"https:\/\/www.ambienteyenergia.gob.ec\/ambiente\/wp-content\/uploads\/sites\/2\/2013\/07\/DSC07190.jpg 650w, https:\/\/www.ambienteyenergia.gob.ec\/ambiente\/wp-content\/uploads\/sites\/2\/2013\/07\/DSC07190-300x225.jpg 300w, https:\/\/www.ambienteyenergia.gob.ec\/ambiente\/wp-content\/uploads\/sites\/2\/2013\/07\/DSC07190-399x300.jpg 399w\" sizes=\"auto, (max-width: 650px) 100vw, 650px\" \/><\/a><\/p>\n","protected":false},"excerpt":{"rendered":"<p class=\"excerpt\">En el Ecuador se generan alrededor de 11.341 toneladas diarias de residuo, es decir, un aproximado de 4`139.512 tm\/a\u00f1o, de los cuales 61,4% son org\u00e1nicos, papel + cart\u00f3n 9.4%, pl\u00e1stico 11%, vidrio 2.6%, chatarra 2.2%, y otros 13.3% En la actualidad (al 2013) solo el 20% municipios cuentan con rellenos sanitarios, el 80% restante disponen de botaderos. Ante esta situaci\u00f3n&hellip; <a href=\"https:\/\/www.ambienteyenergia.gob.ec\/ambiente\/mae-entrego-estudio-de-pre-inversion-para-gestion-integral-de-desechos-solidos-del-canton-duran-guayas\/\">Read more &rarr;<\/a><\/p>\n","protected":false},"author":13,"featured_media":13136,"comment_status":"open","ping_status":"open","sticky":false,"template":"","format":"standard","meta":{"footnotes":""},"categories":[16,4],"tags":[],"class_list":["post-13135","post","type-post","status-publish","format-standard","has-post-thumbnail","hentry","category-comunicamos","category-noticias","xfolkentry"],"_links":{"self":[{"href":"https:\/\/www.ambienteyenergia.gob.ec\/ambiente\/wp-json\/wp\/v2\/posts\/13135","targetHints":{"allow":["GET"]}}],"collection":[{"href":"https:\/\/www.ambienteyenergia.gob.ec\/ambiente\/wp-json\/wp\/v2\/posts"}],"about":[{"href":"https:\/\/www.ambienteyenergia.gob.ec\/ambiente\/wp-json\/wp\/v2\/types\/post"}],"author":[{"embeddable":true,"href":"https:\/\/www.ambienteyenergia.gob.ec\/ambiente\/wp-json\/wp\/v2\/users\/13"}],"replies":[{"embeddable":true,"href":"https:\/\/www.ambienteyenergia.gob.ec\/ambiente\/wp-json\/wp\/v2\/comments?post=13135"}],"version-history":[{"count":0,"href":"https:\/\/www.ambienteyenergia.gob.ec\/ambiente\/wp-json\/wp\/v2\/posts\/13135\/revisions"}],"wp:featuredmedia":[{"embeddable":true,"href":"https:\/\/www.ambienteyenergia.gob.ec\/ambiente\/wp-json\/wp\/v2\/media\/13136"}],"wp:attachment":[{"href":"https:\/\/www.ambienteyenergia.gob.ec\/ambiente\/wp-json\/wp\/v2\/media?parent=13135"}],"wp:term":[{"taxonomy":"category","embeddable":true,"href":"https:\/\/www.ambienteyenergia.gob.ec\/ambiente\/wp-json\/wp\/v2\/categories?post=13135"},{"taxonomy":"post_tag","embeddable":true,"href":"https:\/\/www.ambienteyenergia.gob.ec\/ambiente\/wp-json\/wp\/v2\/tags?post=13135"}],"curies":[{"name":"wp","href":"https:\/\/api.w.org\/{rel}","templated":true}]}}