{"id":13129,"date":"2013-07-11T13:25:45","date_gmt":"2013-07-11T18:25:45","guid":{"rendered":"http:\/\/www.ambiente.gob.ec\/?p=13129"},"modified":"2013-07-11T13:25:45","modified_gmt":"2013-07-11T18:25:45","slug":"aumentan-decomisos-de-arena-y-corales-en-aeropuerto-de-galapagos","status":"publish","type":"post","link":"https:\/\/www.ambienteyenergia.gob.ec\/ambiente\/aumentan-decomisos-de-arena-y-corales-en-aeropuerto-de-galapagos\/","title":{"rendered":"Aumentan decomisos de arena y corales en aeropuerto de Gal\u00e1pagos"},"content":{"rendered":"<p style=\"text-align: justify;\"><strong>La Autoridad Ambiental y Ecogal retuvieron 187 paquetes en tres meses de controles de equipajes de personas que viajaban hacia el Ecuador continental.<\/strong><\/p>\n<p style=\"text-align: justify;\">El Ministerio del Ambiente (MAE), a trav\u00e9s de la Direcci\u00f3n del Parque Nacional Gal\u00e1pagos (DPNG) y con el apoyo de Ecogal, decomis\u00f3 187 paquetes entre abril y junio de este a\u00f1o, en el aeropuerto ecol\u00f3gico de Baltra, Islas Gal\u00e1pagos. Estos controles de equipaje rutinarios previenen la extracci\u00f3n de recursos naturales y permiten la detecci\u00f3n de cualquier irregularidad.<\/p>\n<p style=\"text-align: justify;\">Gaspar Masaquiza, guardaparque de la DPNG, diariamente controla que los visitantes no transporten arena, corales, conchas o piedras de Gal\u00e1pagos dentro de sus equipajes. Reconoce que antes reten\u00edan uno o dos paquetes por d\u00eda y en ocasiones ninguno, pero en los \u00faltimos meses la cifra aument\u00f3 con un promedio de tres a cinco por d\u00eda.<\/p>\n<p style=\"text-align: justify;\">Con ayuda de una m\u00e1quina de rayos X, los guardaparques detectan los objetos y llaman al propietario para que abra el equipaje. Tras verificar el contenido se informa a los ciudadanos infractores, que est\u00e1 prohibido portar arena y corales y productos que son parte del entorno natural. Algunas personas indican que desconoc\u00edan la prohibici\u00f3n de llevarse ese tipo de \u201crecuerdos\u201d, como los llaman.<\/p>\n<p style=\"text-align: justify;\">Los elementos constitutivos del ecosistema generalmente son ocultados entre la ropa dentro de las maletas, con el fin de evitar que la m\u00e1quina de los rayos X las detecte.<\/p>\n<p style=\"text-align: justify;\">Peri\u00f3dicamente los materiales confiscados son devueltos al entorno natural del que fueron sustra\u00eddos. De acuerdo al \u00faltimo registro, los visitantes intentaron sacar de las islas piedras volc\u00e1nicas, corales negro y blanco, conchas, churos, arena blanca, negra y rosada; y caparazones de zayapa (especie de cangrejo).<\/p>\n<p style=\"text-align: justify;\">Los decomisos fueron realizados tanto a visitantes nacionales como extranjeros, por lo que la Autoridad Ambiental recuerda a las personas que no pueden alterar el ecosistema de Gal\u00e1pagos llev\u00e1ndose esos productos. De igual manera, el MAE solicita a los gu\u00edas naturalistas y operadores de turismo contribuyan informando a los turistas sobre la prohibici\u00f3n de transportar estos materiales.<\/p>\n<p style=\"text-align: justify;\">Los mejores recuerdos de su estancia en el archipi\u00e9lago los pueden conservar tanto en las fotograf\u00edas como filmaciones que realicen durante su paseo por los sitios de visita del Parque Nacional y la Reserva Marina de Gal\u00e1pagos.<\/p>\n<p style=\"text-align: justify;\"><a href=\"http:\/\/www.ambienteyenergia.gob.ec\/ambiente\/wp-content\/uploads\/2013\/07\/decomisos.jpg\"><img loading=\"lazy\" decoding=\"async\" class=\"aligncenter size-full wp-image-13131\" title=\"decomisos\" src=\"http:\/\/www.ambienteyenergia.gob.ec\/ambiente\/wp-content\/uploads\/2013\/07\/decomisos.jpg\" alt=\"\" width=\"650\" height=\"355\" srcset=\"https:\/\/www.ambienteyenergia.gob.ec\/ambiente\/wp-content\/uploads\/sites\/2\/2013\/07\/decomisos.jpg 650w, https:\/\/www.ambienteyenergia.gob.ec\/ambiente\/wp-content\/uploads\/sites\/2\/2013\/07\/decomisos-300x163.jpg 300w, https:\/\/www.ambienteyenergia.gob.ec\/ambiente\/wp-content\/uploads\/sites\/2\/2013\/07\/decomisos-500x273.jpg 500w\" sizes=\"auto, (max-width: 650px) 100vw, 650px\" \/><\/a><\/p>\n","protected":false},"excerpt":{"rendered":"<p class=\"excerpt\">La Autoridad Ambiental y Ecogal retuvieron 187 paquetes en tres meses de controles de equipajes de personas que viajaban hacia el Ecuador continental. El Ministerio del Ambiente (MAE), a trav\u00e9s de la Direcci\u00f3n del Parque Nacional Gal\u00e1pagos (DPNG) y con el apoyo de Ecogal, decomis\u00f3 187 paquetes entre abril y junio de este a\u00f1o, en el aeropuerto ecol\u00f3gico de Baltra,&hellip; <a href=\"https:\/\/www.ambienteyenergia.gob.ec\/ambiente\/aumentan-decomisos-de-arena-y-corales-en-aeropuerto-de-galapagos\/\">Read more &rarr;<\/a><\/p>\n","protected":false},"author":13,"featured_media":13130,"comment_status":"open","ping_status":"open","sticky":false,"template":"","format":"standard","meta":{"footnotes":""},"categories":[16,4],"tags":[],"class_list":["post-13129","post","type-post","status-publish","format-standard","has-post-thumbnail","hentry","category-comunicamos","category-noticias","xfolkentry"],"_links":{"self":[{"href":"https:\/\/www.ambienteyenergia.gob.ec\/ambiente\/wp-json\/wp\/v2\/posts\/13129","targetHints":{"allow":["GET"]}}],"collection":[{"href":"https:\/\/www.ambienteyenergia.gob.ec\/ambiente\/wp-json\/wp\/v2\/posts"}],"about":[{"href":"https:\/\/www.ambienteyenergia.gob.ec\/ambiente\/wp-json\/wp\/v2\/types\/post"}],"author":[{"embeddable":true,"href":"https:\/\/www.ambienteyenergia.gob.ec\/ambiente\/wp-json\/wp\/v2\/users\/13"}],"replies":[{"embeddable":true,"href":"https:\/\/www.ambienteyenergia.gob.ec\/ambiente\/wp-json\/wp\/v2\/comments?post=13129"}],"version-history":[{"count":0,"href":"https:\/\/www.ambienteyenergia.gob.ec\/ambiente\/wp-json\/wp\/v2\/posts\/13129\/revisions"}],"wp:featuredmedia":[{"embeddable":true,"href":"https:\/\/www.ambienteyenergia.gob.ec\/ambiente\/wp-json\/wp\/v2\/media\/13130"}],"wp:attachment":[{"href":"https:\/\/www.ambienteyenergia.gob.ec\/ambiente\/wp-json\/wp\/v2\/media?parent=13129"}],"wp:term":[{"taxonomy":"category","embeddable":true,"href":"https:\/\/www.ambienteyenergia.gob.ec\/ambiente\/wp-json\/wp\/v2\/categories?post=13129"},{"taxonomy":"post_tag","embeddable":true,"href":"https:\/\/www.ambienteyenergia.gob.ec\/ambiente\/wp-json\/wp\/v2\/tags?post=13129"}],"curies":[{"name":"wp","href":"https:\/\/api.w.org\/{rel}","templated":true}]}}