{"id":13126,"date":"2013-07-11T11:05:37","date_gmt":"2013-07-11T16:05:37","guid":{"rendered":"http:\/\/www.ambiente.gob.ec\/?p=13126"},"modified":"2013-07-11T11:05:37","modified_gmt":"2013-07-11T16:05:37","slug":"el-objetivo-guayaquil-ecologico-es-entregar-a-la-ciudad-un-estero-salado-restaurado-con-areas-naturales-para-que-la-poblacion-disfrute-bajo-un-concepto-de-orden","status":"publish","type":"post","link":"https:\/\/www.ambienteyenergia.gob.ec\/ambiente\/el-objetivo-guayaquil-ecologico-es-entregar-a-la-ciudad-un-estero-salado-restaurado-con-areas-naturales-para-que-la-poblacion-disfrute-bajo-un-concepto-de-orden\/","title":{"rendered":"\u00abEl objetivo Guayaquil Ecol\u00f3gico es entregar a la ciudad un Estero Salado restaurado, con \u00e1reas naturales para que la poblaci\u00f3n disfrute bajo un concepto de orden\u00bb"},"content":{"rendered":"<p style=\"text-align: justify;\">Alrededor de 500 familias reubicadas, 8,6 hect\u00e1reas reforestadas,\u00a0 20 mil personas capacitadas, a trav\u00e9s de campa\u00f1as de educaci\u00f3n ambiental,\u00a0 y la inversi\u00f3n de $70 millones, de un total de $120 millones destinados al proyecto Guayaquil Ecol\u00f3gico, son parte de las acciones emprendidas por el Ministerio del Ambiente (MAE) en pro de la recuperaci\u00f3n del Estero Salado, un sitio que se convertir\u00e1 en una vasta extensi\u00f3n natural para el beneficio de los habitantes del puerto principal.<\/p>\n<p style=\"text-align: justify;\">\u00abEste es un proyecto hist\u00f3rico,\u00a0 que parte de una decisi\u00f3n tomada por el Gobierno Nacional para recuperar un sitio emblem\u00e1tico para\u00a0 los guayaquile\u00f1os. Han pasado much\u00edsimos a\u00f1os sin que las autoridades competentes hayan priorizado esta zona. Sin embargo, el Gobierno Central, y en particular el Ministerio del Ambiente, trabaja para defender este sitio\u00a0 que ha sido contaminado por d\u00e9cadas\u00bb, indic\u00f3 la M\u00e1xima Autoridad Ambiental, Lorena Tapia.<\/p>\n<p style=\"text-align: justify;\">En una entrevista realizada en la ciudad de Guayaquil, la Ministra del Ambiente inform\u00f3 sobre los ejes, objetivos\u00a0 y avances en la recuperaci\u00f3n del Estero Saldado, componente del proyecto Guayaquil Ecol\u00f3gico. \u00abEl trabajo se ha divido en dos ejes. El primero tiene que ver con la educaci\u00f3n ambiental y social, En segundo lugar, est\u00e1 la cuesti\u00f3n t\u00e9cnica y ecol\u00f3gica\u00bb.<\/p>\n<p style=\"text-align: justify;\">Sobre las campa\u00f1as de educaci\u00f3n ambiental, Tapia indic\u00f3 que\u00a0 se ha trabajado con 20 mil personas aproximadamente, lo que es parte de un proyecto de concienciaci\u00f3n que lleva a cabo el MAE a nivel nacional, como una de sus l\u00edneas estrat\u00e9gicas. \u00abTrabajamos concienciando a la ciudadan\u00eda sobre la importancia de las buenas pr\u00e1cticas frente a la contaminaci\u00f3n para involucrarla activamente en el cambio de cultura en materia ambiental\u00bb.<\/p>\n<p style=\"text-align: justify;\">En ese sentido, comunic\u00f3 que se ha progresado en manejo de desechos s\u00f3lidos,\u00a0 a trav\u00e9s del Programa Nacional para Gesti\u00f3n Integral de Desechos S\u00f3lidos (PNGIDS). \u00abSe han generado campa\u00f1as\u00a0 y mingas de recolecci\u00f3n, y se han entregado tachos para promover la separaci\u00f3n en la fuente y triciclos para reciclaje\u00bb.<\/p>\n<p style=\"text-align: justify;\">Asimismo, inform\u00f3 que la cuesti\u00f3n t\u00e9cnica y ecol\u00f3gica se refiere a todos los criterios de investigaci\u00f3n que permitieron levantar la l\u00ednea base de la situaci\u00f3n actual del Estero, en cuento a niveles de contaminaci\u00f3n. \u00abParte de las acciones han sido\u00a0 la instalaci\u00f3n de lagunas de oxigenaci\u00f3n, desalojo de chancheras, lo que se ha hecho en orden y con la colaboraci\u00f3n de\u00a0 los involucrados, y reubicaci\u00f3n 500 familias (de un total de 8 000), actividad que ejecuta el Ministerio de Desarrollo Urbano y Vivienda (Miduvi) para despejar la zona que luego es limpiada por el MAE.<\/p>\n<p style=\"text-align: justify;\">Sin embargo, la Secretaria de Estado aclar\u00f3 que \u00abesas son acciones paliativas pues la causa principal de contaminaci\u00f3n son las descargas dom\u00e9sticas e industriales, con base en las\u00a0 cueles interviene la decisi\u00f3n pol\u00edtica y la voluntad hist\u00f3rica de este Gobierno para solucionar de manera definitiva la situaci\u00f3n actual del Estero\u00bb.<\/p>\n<p style=\"text-align: justify;\">Por esa raz\u00f3n, se ha notificado a 600 empresas que se encuentra dentro del \u00e1rea de influencia, aproximadamente. El MAE ha empezado proceso de validaci\u00f3n en campo para identificar cu\u00e1ntas y en qu\u00e9 nivel contaminan.<\/p>\n<p style=\"text-align: justify;\">El objetivo &#8211; dijo Tapia- es que este proceso\u00a0 termine en cuatro meses, de forma progresiva. Algunas empresas ya est\u00e1n en proceso de sanci\u00f3n de car\u00e1cter administrativo. El MAE ha pedido al sector industrial que act\u00fae responsablemente, si esto no se produce, la autoridad ambiental actuar\u00e1 en el marco de sus competencias administrativa y de da\u00f1o ambiental. Es decir, sanciones en lo civil y penal como se registra en el normativa ecuatoriana vigente. La posibilidad de clausura se contemple en la ley, pero, m\u00e1s all\u00e1 de las sanciones, se espera que la poblaci\u00f3n contribuya en el proceso.<\/p>\n<p style=\"text-align: justify;\">En cuanto a las descargas dom\u00e9sticas, indic\u00f3 que pese a que para alrededor de 70 mil personas que habitan en la zona, existe\u00a0 la\u00a0 infraestructura, no se han hecho las conexiones a la red de alcantarillado,\u00a0 y por otro lado\u00a0 35 mil familias que no tiene infraestructura. \u00abTengo que decirle a la ciudadan\u00eda guayaquile\u00f1a que han pasado a\u00f1os sin que las autoridades competentes, enti\u00e9ndase Municipio de Guayaquil y la empresa Interagua,\u00a0 hayan priorizado el \u00e1rea de influencia del Estero Salado.<\/p>\n<p style=\"text-align: justify;\">Por otro lado, inform\u00f3 que se ha logrado declarar la zona como\u00a0 \u00c1rea Protegida que incluye\u00a0 los ramales internos del Estero. \u00abEsto es primordial porque nos permitir\u00e1 mejorar el manejo y control en materia de recuperaci\u00f3n del sitio en el que luego esta Cartera de Estado reforesta\u00bb.<\/p>\n<p style=\"text-align: justify;\">Finalmente, la Ministra comunic\u00f3 que ha planificado el trabajo para que el proyecto se concluya en 2017 y pidi\u00f3 la colaboraci\u00f3n de los guayaquile\u00f1os. \u00abEl objetivo final es devolverle a Guayaquil este espacio restaurado con \u00e1reas naturales para que la poblaci\u00f3n se empodere bajo un concepto de orden para que todos lo aprovechemos. Invito a la ciudadan\u00eda a mirar hacia el futuro, y \u00a0a fomentar la constituci\u00f3n una ciudad\u00a0 que respeta su entorno y se compromete con sus recursos, para que ello sea motivo de orgullo\u00bb.<\/p>\n","protected":false},"excerpt":{"rendered":"<p class=\"excerpt\">Alrededor de 500 familias reubicadas, 8,6 hect\u00e1reas reforestadas,\u00a0 20 mil personas capacitadas, a trav\u00e9s de campa\u00f1as de educaci\u00f3n ambiental,\u00a0 y la inversi\u00f3n de $70 millones, de un total de $120 millones destinados al proyecto Guayaquil Ecol\u00f3gico, son parte de las acciones emprendidas por el Ministerio del Ambiente (MAE) en pro de la recuperaci\u00f3n del Estero Salado, un sitio que se&hellip; <a href=\"https:\/\/www.ambienteyenergia.gob.ec\/ambiente\/el-objetivo-guayaquil-ecologico-es-entregar-a-la-ciudad-un-estero-salado-restaurado-con-areas-naturales-para-que-la-poblacion-disfrute-bajo-un-concepto-de-orden\/\">Read more &rarr;<\/a><\/p>\n","protected":false},"author":13,"featured_media":13127,"comment_status":"open","ping_status":"open","sticky":false,"template":"","format":"standard","meta":{"footnotes":""},"categories":[16,4],"tags":[],"class_list":["post-13126","post","type-post","status-publish","format-standard","has-post-thumbnail","hentry","category-comunicamos","category-noticias","xfolkentry"],"_links":{"self":[{"href":"https:\/\/www.ambienteyenergia.gob.ec\/ambiente\/wp-json\/wp\/v2\/posts\/13126","targetHints":{"allow":["GET"]}}],"collection":[{"href":"https:\/\/www.ambienteyenergia.gob.ec\/ambiente\/wp-json\/wp\/v2\/posts"}],"about":[{"href":"https:\/\/www.ambienteyenergia.gob.ec\/ambiente\/wp-json\/wp\/v2\/types\/post"}],"author":[{"embeddable":true,"href":"https:\/\/www.ambienteyenergia.gob.ec\/ambiente\/wp-json\/wp\/v2\/users\/13"}],"replies":[{"embeddable":true,"href":"https:\/\/www.ambienteyenergia.gob.ec\/ambiente\/wp-json\/wp\/v2\/comments?post=13126"}],"version-history":[{"count":0,"href":"https:\/\/www.ambienteyenergia.gob.ec\/ambiente\/wp-json\/wp\/v2\/posts\/13126\/revisions"}],"wp:featuredmedia":[{"embeddable":true,"href":"https:\/\/www.ambienteyenergia.gob.ec\/ambiente\/wp-json\/wp\/v2\/media\/13127"}],"wp:attachment":[{"href":"https:\/\/www.ambienteyenergia.gob.ec\/ambiente\/wp-json\/wp\/v2\/media?parent=13126"}],"wp:term":[{"taxonomy":"category","embeddable":true,"href":"https:\/\/www.ambienteyenergia.gob.ec\/ambiente\/wp-json\/wp\/v2\/categories?post=13126"},{"taxonomy":"post_tag","embeddable":true,"href":"https:\/\/www.ambienteyenergia.gob.ec\/ambiente\/wp-json\/wp\/v2\/tags?post=13126"}],"curies":[{"name":"wp","href":"https:\/\/api.w.org\/{rel}","templated":true}]}}