{"id":13107,"date":"2013-07-10T16:58:41","date_gmt":"2013-07-10T21:58:41","guid":{"rendered":"http:\/\/www.ambiente.gob.ec\/?p=13107"},"modified":"2013-07-11T08:22:35","modified_gmt":"2013-07-11T13:22:35","slug":"charla-sobre-el-oso-andino-se-impartio-a-pobladores-del-canton-patate","status":"publish","type":"post","link":"https:\/\/www.ambienteyenergia.gob.ec\/ambiente\/charla-sobre-el-oso-andino-se-impartio-a-pobladores-del-canton-patate\/","title":{"rendered":"Charla sobre oso andino se imparti\u00f3 a pobladores del cant\u00f3n Patate"},"content":{"rendered":"<p style=\"text-align: justify;\">Ayer, el Ministerio del Ambiente (MAE), en coordinaci\u00f3n con representantes de la Fundaci\u00f3n del Oso Andino, imparti\u00f3 una charla ilustrativa sobre el comportamiento de este mam\u00edfero, en el caser\u00edo Poatug del cant\u00f3n Patate, provincia de Tungurahua.<\/p>\n<p style=\"text-align: justify;\">Alrededor de 60 pobladores de la localidad asistieron al taller, en el que se trataron temas como el manejo de esta especie y el peligro que corre en manos de cazadores.<\/p>\n<p style=\"text-align: justify;\">Armando Castellanos, \u00a0presidente de la Fundaci\u00f3n del Oso Andino y especialista en investigaciones para la conservaci\u00f3n, manejo y monitoreo de este animal, expuso diapositivas con fotograf\u00edas de las experiencias en el campo investigativo, que ha realizado a favor de esta especie.<\/p>\n<p style=\"text-align: justify;\">Asimismo, los pobladores de esta zona expresaron que el principal conflicto es que los osos atacan al ganado. \u201cMis animales (vacas) han sido atacados varias veces por los osos de anteojos que habitan los p\u00e1ramos del Parque Nacional Llanganates y ese es mi mayor temor\u201d, expres\u00f3 Fredy Robalino, ganadero del sector.<\/p>\n<p style=\"text-align: justify;\">En la capacitaci\u00f3n, tambi\u00e9n, estuvieron presentes representantes del Banco Nacional de Fomento, quienes hablaron de alternativas crediticias para fortalecer las actividades pecuarias como propuesta para retirar definitivamente el ganado de la zona del Parque Nacional Llanganates.<\/p>\n<p style=\"text-align: justify;\">En las \u00faltimas semanas los guardaparques y t\u00e9cnicos del \u00e1rea\u00a0 han realizado patrullajes en el p\u00e1ramo para tratar de identificar al oso que provoca los ataques, pero su localizaci\u00f3n y monitoreo es dif\u00edcil. Por esta raz\u00f3n se busc\u00f3 apoyo de la Fundaci\u00f3n del Oso Andino, expertos en el tema, quienes proporcionaron recomendaciones y estrategias para controlar los ataques del Oso al ganado.<\/p>\n<p style=\"text-align: justify;\">Castellanos, adem\u00e1s, comparti\u00f3 varias recomendaciones para evitar que incidentes como estos se repitan. Entre ellas, est\u00e1n:<\/p>\n<p style=\"text-align: justify;\">1.- Mantener el ganado vigilado y en zonas no muy alejadas.<\/p>\n<p style=\"text-align: justify;\">2.- Si es posible, usar cercas el\u00e9ctricas.<\/p>\n<p style=\"text-align: justify;\">3.- Contar con perros de tama\u00f1o mediano para que alerten y ahuyenten al oso.<\/p>\n<p style=\"text-align: justify;\">4.- Propiciar la reforestaci\u00f3n con especies nativas\u00a0 que provean de alimento al oso.<\/p>\n<p style=\"text-align: justify;\">5.- No ocupar zonas donde el oso se desplaza o frecuenta para conseguir alimento.<\/p>\n<p style=\"text-align: justify;\">6.- Conservar los bosques andinos y respetar las \u00e1reas protegidas y su biodiversidad.<\/p>\n<p style=\"text-align: justify;\">\n<p>&nbsp;<\/p>\n<p>&nbsp;<\/p>\n","protected":false},"excerpt":{"rendered":"<p class=\"excerpt\">Ayer, el Ministerio del Ambiente (MAE), en coordinaci\u00f3n con representantes de la Fundaci\u00f3n del Oso Andino, imparti\u00f3 una charla ilustrativa sobre el comportamiento de este mam\u00edfero, en el caser\u00edo Poatug del cant\u00f3n Patate, provincia de Tungurahua. Alrededor de 60 pobladores de la localidad asistieron al taller, en el que se trataron temas como el manejo de esta especie y el&hellip; <a href=\"https:\/\/www.ambienteyenergia.gob.ec\/ambiente\/charla-sobre-el-oso-andino-se-impartio-a-pobladores-del-canton-patate\/\">Read more &rarr;<\/a><\/p>\n","protected":false},"author":13,"featured_media":13108,"comment_status":"open","ping_status":"open","sticky":false,"template":"","format":"standard","meta":{"footnotes":""},"categories":[16,4],"tags":[],"class_list":["post-13107","post","type-post","status-publish","format-standard","has-post-thumbnail","hentry","category-comunicamos","category-noticias","xfolkentry"],"_links":{"self":[{"href":"https:\/\/www.ambienteyenergia.gob.ec\/ambiente\/wp-json\/wp\/v2\/posts\/13107","targetHints":{"allow":["GET"]}}],"collection":[{"href":"https:\/\/www.ambienteyenergia.gob.ec\/ambiente\/wp-json\/wp\/v2\/posts"}],"about":[{"href":"https:\/\/www.ambienteyenergia.gob.ec\/ambiente\/wp-json\/wp\/v2\/types\/post"}],"author":[{"embeddable":true,"href":"https:\/\/www.ambienteyenergia.gob.ec\/ambiente\/wp-json\/wp\/v2\/users\/13"}],"replies":[{"embeddable":true,"href":"https:\/\/www.ambienteyenergia.gob.ec\/ambiente\/wp-json\/wp\/v2\/comments?post=13107"}],"version-history":[{"count":0,"href":"https:\/\/www.ambienteyenergia.gob.ec\/ambiente\/wp-json\/wp\/v2\/posts\/13107\/revisions"}],"wp:featuredmedia":[{"embeddable":true,"href":"https:\/\/www.ambienteyenergia.gob.ec\/ambiente\/wp-json\/wp\/v2\/media\/13108"}],"wp:attachment":[{"href":"https:\/\/www.ambienteyenergia.gob.ec\/ambiente\/wp-json\/wp\/v2\/media?parent=13107"}],"wp:term":[{"taxonomy":"category","embeddable":true,"href":"https:\/\/www.ambienteyenergia.gob.ec\/ambiente\/wp-json\/wp\/v2\/categories?post=13107"},{"taxonomy":"post_tag","embeddable":true,"href":"https:\/\/www.ambienteyenergia.gob.ec\/ambiente\/wp-json\/wp\/v2\/tags?post=13107"}],"curies":[{"name":"wp","href":"https:\/\/api.w.org\/{rel}","templated":true}]}}