{"id":13094,"date":"2013-07-10T14:20:10","date_gmt":"2013-07-10T19:20:10","guid":{"rendered":"http:\/\/www.ambiente.gob.ec\/?p=13094"},"modified":"2013-07-11T08:37:27","modified_gmt":"2013-07-11T13:37:27","slug":"cuatro-excursionistas-fueron-rescatados-en-paramos-del-antisana","status":"publish","type":"post","link":"https:\/\/www.ambienteyenergia.gob.ec\/ambiente\/cuatro-excursionistas-fueron-rescatados-en-paramos-del-antisana\/","title":{"rendered":"Cuatro excursionistas fueron rescatados en p\u00e1ramos del Antisana"},"content":{"rendered":"<p style=\"text-align: justify;\">Funcionarios del Ministerio del Ambiente (MAE) se sumaron a las acciones de rescate de un grupo de j\u00f3venes extraviados el pasado 6 de julio en los p\u00e1ramos del Antisana. Los cuatro excursionistas, entre ellos, un colombiano, un peruano y dos ecuatorianas, fueron encontrados la tarde de ayer en la zona aleda\u00f1a a la comunidad El Tambo, en la parroquia de Papallacta, provincia de Napo. Las condiciones clim\u00e1ticas afectaron su salud, dos de ellos, presentaron principios de hipotermia.<\/p>\n<p style=\"text-align: justify;\">Seg\u00fan los informes preliminares, los monta\u00f1istas iniciaron su recorrido sin ning\u00fan gu\u00eda especializado. Se presume que ingresaron por los predios que pertenecen a la Empresa Metropolitana de Agua Potable de Quito.<\/p>\n<p style=\"text-align: justify;\">Para el <em>Grupo de Intervenci\u00f3n y Rescate (<\/em><em>GIR), <\/em>el<em> <\/em><em>Grupo de Operaciones Especiales (<\/em>GOE) y los Bomberos de Quito y Quijos, el apoyo de los guardaparques de la Reserva Ecol\u00f3gica Antisana fue indispensable, pues como conocen m\u00e1s el sector, sirvieron de gu\u00edas y trazaron la ruta de rescate.<\/p>\n<p style=\"text-align: justify;\">Cabe aclarar, que la pr\u00e1ctica de deportes extremos como el monta\u00f1ismo o el turismo con fines de recreaci\u00f3n, requiere de ciertas medidas de seguridad. Para lo cual, las personas que ingresen a las \u00e1reas protegidas sin ninguna operadora tur\u00edstica o gu\u00eda especializado, debe presentar un carnet o certificado que corresponda a una asociaci\u00f3n, club, federaci\u00f3n, escuela o grupo legalmente constituido, que garantice la pr\u00e1ctica contin\u00faa de esta modalidad, con el fin de evitar.<\/p>\n<p style=\"text-align: justify;\">El MAE, como principal Autoridad Ambiental, hace un llamado de atenci\u00f3n a la ciudadan\u00eda para que colabore con las medidas de control y prevenci\u00f3n, con el fin de evitar accidentes dentro de las reservas.<\/p>\n<p style=\"text-align: justify;\">En ese sentido, esta Cartera de Estado trabaja en un instructivo de visitas para las \u00e1reas protegidas, bajo las modalidades de aventura con el objetivo es garantizar la seguridad de los visitantes.<\/p>\n<p>\u00a0<a href=\"http:\/\/www.ambienteyenergia.gob.ec\/ambiente\/wp-content\/uploads\/2013\/07\/MG_6910.jpg\"><img loading=\"lazy\" decoding=\"async\" class=\"aligncenter size-full wp-image-13096\" title=\"Antisana\" src=\"http:\/\/www.ambienteyenergia.gob.ec\/ambiente\/wp-content\/uploads\/2013\/07\/MG_6910.jpg\" alt=\"\" width=\"650\" height=\"433\" srcset=\"https:\/\/www.ambienteyenergia.gob.ec\/ambiente\/wp-content\/uploads\/sites\/2\/2013\/07\/MG_6910.jpg 650w, https:\/\/www.ambienteyenergia.gob.ec\/ambiente\/wp-content\/uploads\/sites\/2\/2013\/07\/MG_6910-300x199.jpg 300w, https:\/\/www.ambienteyenergia.gob.ec\/ambiente\/wp-content\/uploads\/sites\/2\/2013\/07\/MG_6910-450x300.jpg 450w\" sizes=\"auto, (max-width: 650px) 100vw, 650px\" \/><\/a><a href=\"http:\/\/www.ambienteyenergia.gob.ec\/ambiente\/wp-content\/uploads\/2013\/07\/MG_6940.jpg\"><img loading=\"lazy\" decoding=\"async\" class=\"aligncenter size-full wp-image-13097\" title=\"Antisana\" src=\"http:\/\/www.ambienteyenergia.gob.ec\/ambiente\/wp-content\/uploads\/2013\/07\/MG_6940.jpg\" alt=\"\" width=\"650\" height=\"433\" srcset=\"https:\/\/www.ambienteyenergia.gob.ec\/ambiente\/wp-content\/uploads\/sites\/2\/2013\/07\/MG_6940.jpg 650w, https:\/\/www.ambienteyenergia.gob.ec\/ambiente\/wp-content\/uploads\/sites\/2\/2013\/07\/MG_6940-300x199.jpg 300w, https:\/\/www.ambienteyenergia.gob.ec\/ambiente\/wp-content\/uploads\/sites\/2\/2013\/07\/MG_6940-450x300.jpg 450w\" sizes=\"auto, (max-width: 650px) 100vw, 650px\" \/><\/a><\/p>\n<p>&nbsp;<\/p>\n<p>&nbsp;<\/p>\n","protected":false},"excerpt":{"rendered":"<p class=\"excerpt\">Funcionarios del Ministerio del Ambiente (MAE) se sumaron a las acciones de rescate de un grupo de j\u00f3venes extraviados el pasado 6 de julio en los p\u00e1ramos del Antisana. Los cuatro excursionistas, entre ellos, un colombiano, un peruano y dos ecuatorianas, fueron encontrados la tarde de ayer en la zona aleda\u00f1a a la comunidad El Tambo, en la parroquia de&hellip; <a href=\"https:\/\/www.ambienteyenergia.gob.ec\/ambiente\/cuatro-excursionistas-fueron-rescatados-en-paramos-del-antisana\/\">Read more &rarr;<\/a><\/p>\n","protected":false},"author":13,"featured_media":13095,"comment_status":"open","ping_status":"open","sticky":false,"template":"","format":"standard","meta":{"footnotes":""},"categories":[16,4],"tags":[],"class_list":["post-13094","post","type-post","status-publish","format-standard","has-post-thumbnail","hentry","category-comunicamos","category-noticias","xfolkentry"],"_links":{"self":[{"href":"https:\/\/www.ambienteyenergia.gob.ec\/ambiente\/wp-json\/wp\/v2\/posts\/13094","targetHints":{"allow":["GET"]}}],"collection":[{"href":"https:\/\/www.ambienteyenergia.gob.ec\/ambiente\/wp-json\/wp\/v2\/posts"}],"about":[{"href":"https:\/\/www.ambienteyenergia.gob.ec\/ambiente\/wp-json\/wp\/v2\/types\/post"}],"author":[{"embeddable":true,"href":"https:\/\/www.ambienteyenergia.gob.ec\/ambiente\/wp-json\/wp\/v2\/users\/13"}],"replies":[{"embeddable":true,"href":"https:\/\/www.ambienteyenergia.gob.ec\/ambiente\/wp-json\/wp\/v2\/comments?post=13094"}],"version-history":[{"count":0,"href":"https:\/\/www.ambienteyenergia.gob.ec\/ambiente\/wp-json\/wp\/v2\/posts\/13094\/revisions"}],"wp:featuredmedia":[{"embeddable":true,"href":"https:\/\/www.ambienteyenergia.gob.ec\/ambiente\/wp-json\/wp\/v2\/media\/13095"}],"wp:attachment":[{"href":"https:\/\/www.ambienteyenergia.gob.ec\/ambiente\/wp-json\/wp\/v2\/media?parent=13094"}],"wp:term":[{"taxonomy":"category","embeddable":true,"href":"https:\/\/www.ambienteyenergia.gob.ec\/ambiente\/wp-json\/wp\/v2\/categories?post=13094"},{"taxonomy":"post_tag","embeddable":true,"href":"https:\/\/www.ambienteyenergia.gob.ec\/ambiente\/wp-json\/wp\/v2\/tags?post=13094"}],"curies":[{"name":"wp","href":"https:\/\/api.w.org\/{rel}","templated":true}]}}