{"id":13084,"date":"2013-07-10T13:27:35","date_gmt":"2013-07-10T18:27:35","guid":{"rendered":"http:\/\/www.ambiente.gob.ec\/?p=13084"},"modified":"2013-07-12T10:51:28","modified_gmt":"2013-07-12T15:51:28","slug":"mae-participara-en-ii-edicion-de-cima-la-plataforma-de-reflexion-ambiental-mas-importante-de-america-latina","status":"publish","type":"post","link":"https:\/\/www.ambienteyenergia.gob.ec\/ambiente\/mae-participara-en-ii-edicion-de-cima-la-plataforma-de-reflexion-ambiental-mas-importante-de-america-latina\/","title":{"rendered":"MAE participar\u00e1 en II edici\u00f3n de CIMA, la plataforma de reflexi\u00f3n ambiental m\u00e1s importante de Am\u00e9rica Latina"},"content":{"rendered":"<p style=\"text-align: justify;\">Del 15 al 18 de julio del a\u00f1o 2013, en la ciudad de Guayaquil, esta Cartera de Estado, como principal organismo rector ambiental del pa\u00eds, participar\u00e1 en la segunda edici\u00f3n de la Cumbre Internacional de Medio Ambiente (CIMA), misma que est\u00e1 considerada como la plataforma de reflexi\u00f3n m\u00e1s importante de Am\u00e9rica Latina. En este espacio se busca fomentar la integraci\u00f3n entre negocios y medio ambiente, sirviendo de motor para que los actuales y futuros l\u00edderes de la regi\u00f3n se comprometan a trabajar en pro de un desarrollo econ\u00f3mico sostenible, orientado a la conservaci\u00f3n de los recursos naturales.<\/p>\n<p style=\"text-align: justify;\">Durante los cuatro d\u00edas de este evento, que \u00a0ser\u00e1 difundido internacionalmente, se realizar\u00e1n Foros Acad\u00e9micos, dirigidos a mujeres l\u00edderes, empresarios visionarios y a aquellos que tienen en sus manos el poder\u00a0 de crear pol\u00edticas y leyes alrededor de la preservaci\u00f3n de la naturaleza; Rueda de Negocios, Expo Innova Verde, Concurso de Bio-ideas para planes de negocio, y los Premios Latinoam\u00e9rica Verde.<\/p>\n<p style=\"text-align: justify;\"><strong>Foros Acad\u00e9micos<\/strong><\/p>\n<p style=\"text-align: justify;\">El Ministerio del Ambiente (MAE) participar\u00e1 el Foro para mujeres l\u00edderes y la sostenibilidad, y el Foro Ambiental Tributario con la intervenci\u00f3n de la Ministra del Ambiente, Lorena Tapia. Adem\u00e1s, en el Foro de Gesti\u00f3n de Manejo de Desechos S\u00f3lidos, a trav\u00e9s de su Programa Nacional de Gesti\u00f3n Integral de Desechos S\u00f3lidos (PNGIDS), incentivando a los municipios y sectores estrat\u00e9gicos a participar; Foro de Ecobanca, \u00a0Foro de Bio-Comercio y Foro Forestal. \u00a0Con estos talleres, este a\u00f1o se prev\u00e9 capacitar a 2 000 asistentes de todo el pa\u00eds, aproximadamente.<\/p>\n<p style=\"text-align: justify;\"><strong>Expo Innova Verde<\/strong><\/p>\n<p style=\"text-align: justify;\">En la Expo <strong>Innova Verde<\/strong> se exhibir\u00e1n los proyectos \u00edconos de diferentes industrias, as\u00ed como las \u00faltimas innovaciones tecnol\u00f3gicas para la conservaci\u00f3n del medio ambiente, educaci\u00f3n ambiental, desarrollo rural, sostenibilidad, entre otros. Adem\u00e1s, se promover\u00e1n los programas de responsabilidad social que se gestiona a favor del ambiente y la comunidad.<\/p>\n<p style=\"text-align: justify;\">El MAE tendr\u00e1 el stand principal, en el cual presentar\u00e1 a la ciudadan\u00eda sus programas de educaci\u00f3n ambiental, creando una ense\u00f1anza din\u00e1mica y vivencial.<\/p>\n<p style=\"text-align: justify;\"><strong>Rueda de Negocios<\/strong><\/p>\n<p style=\"text-align: justify;\">CIMA fomenta el intercambio comercial entre ofertantes y demandantes de bienes y servicios nacionales e internacionales. Uno de los ejes principales de la rueda ser\u00e1 generar oportunidades para el manejo de desechos s\u00f3lidos y saneamiento ambiental, liderado por el MAE y con la participaci\u00f3n de los Municipios del pa\u00eds.<\/p>\n<p style=\"text-align: justify;\"><strong>Concurso de Bio-ideas \u2013 Planes de Negocio<\/strong><\/p>\n<p style=\"text-align: justify;\">El Concurso de Bio\u2013ideas est\u00e1 dise\u00f1ado para apoyar a j\u00f3venes con esp\u00edritu emprendedor que tengan una clara iniciativa de negocio\u00a0 que incluyan la producci\u00f3n de bienes o servicios derivados de la biodiversidad nativa bajo pr\u00e1cticas de sostenibilidad en ejes como: Ingredientes Naturales para la Industria Farmac\u00e9utica y Cosm\u00e9tica, Ingredientes Naturales para la Industria Alimenticia y Turismo Sostenible. Las tres primeras ideas ganadoras recibir\u00e1n fondos no reembolsables\u00a0 del Proyecto de Biocomercio GEF \u2013 CAF.<\/p>\n<p style=\"text-align: justify;\"><strong>Premios Latinoam\u00e9rica Verde<\/strong><\/p>\n<p style=\"text-align: justify;\">Los Premios Latinoam\u00e9rica Verde se llevar\u00e1n a cabo en el marco de CIMA\u00a0 2013. Es\u00a0 un espacio donde se reconocer\u00e1 p\u00fablicamente el trabajo de aquellos que desde su labor profesional o personal contribuyen a la preservaci\u00f3n del medio ambiente.<\/p>\n<p style=\"text-align: justify;\">Las categor\u00edas son:<\/p>\n<ol style=\"text-align: justify;\" start=\"1\">\n<li>Mejor Proyecto P\u00fablico Verde<\/li>\n<li>Mejor Comunicador Verde<\/li>\n<li>Mejor Estrategia de Responsabilidad Social<\/li>\n<li>Mejor Emprendimiento Verde<\/li>\n<li>Mejor Programa Educativo Verde<\/li>\n<li>Mejor Proyecto Arquitect\u00f3nico Sustentable<\/li>\n<li>Mejor Programa Comunitario Verde<\/li>\n<\/ol>\n<p><a href=\"http:\/\/www.ambienteyenergia.gob.ec\/ambiente\/wp-content\/uploads\/2013\/07\/Invitaci\u00f3n-RN-CIMA-1.jpeg\"><img loading=\"lazy\" decoding=\"async\" class=\"aligncenter size-full wp-image-13111\" title=\"Invitaci\u00f3n RN CIMA \" src=\"http:\/\/www.ambienteyenergia.gob.ec\/ambiente\/wp-content\/uploads\/2013\/07\/Invitaci\u00f3n-RN-CIMA-1.jpeg\" alt=\"\" width=\"817\" height=\"1280\" srcset=\"https:\/\/www.ambienteyenergia.gob.ec\/ambiente\/wp-content\/uploads\/sites\/2\/2013\/07\/Invitaci\u00f3n-RN-CIMA-1.jpeg 817w, https:\/\/www.ambienteyenergia.gob.ec\/ambiente\/wp-content\/uploads\/sites\/2\/2013\/07\/Invitaci\u00f3n-RN-CIMA-1-191x300.jpeg 191w, https:\/\/www.ambienteyenergia.gob.ec\/ambiente\/wp-content\/uploads\/sites\/2\/2013\/07\/Invitaci\u00f3n-RN-CIMA-1-653x1024.jpeg 653w\" sizes=\"auto, (max-width: 817px) 100vw, 817px\" \/><\/a><\/p>\n<p style=\"text-align: justify;\">\n","protected":false},"excerpt":{"rendered":"<p class=\"excerpt\">Del 15 al 18 de julio del a\u00f1o 2013, en la ciudad de Guayaquil, esta Cartera de Estado, como principal organismo rector ambiental del pa\u00eds, participar\u00e1 en la segunda edici\u00f3n de la Cumbre Internacional de Medio Ambiente (CIMA), misma que est\u00e1 considerada como la plataforma de reflexi\u00f3n m\u00e1s importante de Am\u00e9rica Latina. En este espacio se busca fomentar la integraci\u00f3n&hellip; <a href=\"https:\/\/www.ambienteyenergia.gob.ec\/ambiente\/mae-participara-en-ii-edicion-de-cima-la-plataforma-de-reflexion-ambiental-mas-importante-de-america-latina\/\">Read more &rarr;<\/a><\/p>\n","protected":false},"author":13,"featured_media":13086,"comment_status":"open","ping_status":"open","sticky":false,"template":"","format":"standard","meta":{"footnotes":""},"categories":[16,4],"tags":[],"class_list":["post-13084","post","type-post","status-publish","format-standard","has-post-thumbnail","hentry","category-comunicamos","category-noticias","xfolkentry"],"_links":{"self":[{"href":"https:\/\/www.ambienteyenergia.gob.ec\/ambiente\/wp-json\/wp\/v2\/posts\/13084","targetHints":{"allow":["GET"]}}],"collection":[{"href":"https:\/\/www.ambienteyenergia.gob.ec\/ambiente\/wp-json\/wp\/v2\/posts"}],"about":[{"href":"https:\/\/www.ambienteyenergia.gob.ec\/ambiente\/wp-json\/wp\/v2\/types\/post"}],"author":[{"embeddable":true,"href":"https:\/\/www.ambienteyenergia.gob.ec\/ambiente\/wp-json\/wp\/v2\/users\/13"}],"replies":[{"embeddable":true,"href":"https:\/\/www.ambienteyenergia.gob.ec\/ambiente\/wp-json\/wp\/v2\/comments?post=13084"}],"version-history":[{"count":0,"href":"https:\/\/www.ambienteyenergia.gob.ec\/ambiente\/wp-json\/wp\/v2\/posts\/13084\/revisions"}],"wp:featuredmedia":[{"embeddable":true,"href":"https:\/\/www.ambienteyenergia.gob.ec\/ambiente\/wp-json\/wp\/v2\/media\/13086"}],"wp:attachment":[{"href":"https:\/\/www.ambienteyenergia.gob.ec\/ambiente\/wp-json\/wp\/v2\/media?parent=13084"}],"wp:term":[{"taxonomy":"category","embeddable":true,"href":"https:\/\/www.ambienteyenergia.gob.ec\/ambiente\/wp-json\/wp\/v2\/categories?post=13084"},{"taxonomy":"post_tag","embeddable":true,"href":"https:\/\/www.ambienteyenergia.gob.ec\/ambiente\/wp-json\/wp\/v2\/tags?post=13084"}],"curies":[{"name":"wp","href":"https:\/\/api.w.org\/{rel}","templated":true}]}}