{"id":13078,"date":"2013-07-10T10:17:34","date_gmt":"2013-07-10T15:17:34","guid":{"rendered":"http:\/\/www.ambiente.gob.ec\/?p=13078"},"modified":"2013-07-11T08:48:14","modified_gmt":"2013-07-11T13:48:14","slug":"mae-tomo-11-muestras-del-tratamiento-de-residuos-en-granjas-porcinas-de-santo-domingo","status":"publish","type":"post","link":"https:\/\/www.ambienteyenergia.gob.ec\/ambiente\/mae-tomo-11-muestras-del-tratamiento-de-residuos-en-granjas-porcinas-de-santo-domingo\/","title":{"rendered":"MAE tom\u00f3 11 muestras del tratamiento de residuos en granjas porcinas de Santo Domingo"},"content":{"rendered":"<p style=\"text-align: justify;\">La Subsecretar\u00eda de Calidad Ambiental del Ministerio del Ambiente (MAE), sin previo aviso, realiz\u00f3 el pasado 4 de julio una inspecci\u00f3n de control en tres instalaciones productivas de Pronaca, ubicadas en la provincia de Santo Domingo de los Ts\u00e1chilas. El MAE, junto con el laboratorio acreditado LASA, realiz\u00f3 la toma de 11 muestras de agua para comprobar se encuentre dentro de los l\u00edmites m\u00e1ximos permisibles.<\/p>\n<p style=\"text-align: justify;\">Juan Carlos Soria, Subsecretario de Calidad Ambiental del MAE, manifest\u00f3 que \u201cestos controles peri\u00f3dicos siempre son fruct\u00edferos, pues a trav\u00e9s de ellos se evidencia si los procesos productivos se desarrollan eficientemente y si se respetan los par\u00e1metros ambientales de acuerdo a la normativa legal\u201d. As\u00ed lo hace el MAE a nivel nacional como una estrategia de rutina para prevenir focos de contaminaci\u00f3n en diversas zonas.<\/p>\n<p style=\"text-align: justify;\">Los an\u00e1lisis que solicit\u00f3 el MAE para determinar la calidad del agua se basaban, principalmente, en medir la carga org\u00e1nica de contaminantes. Cada par\u00e1metro solicitado tiene su t\u00e9cnica distinta y un tiempo de maduraci\u00f3n. En campo se hizo la medici\u00f3n de temperatura y\u00a0 ph del agua, el resto de estudios son m\u00e1s complejos y necesitan hacerse en el laboratorio.<\/p>\n<p style=\"text-align: justify;\">\u201cTomamos las muestras que son colocadas en hielo hasta que lleguen al laboratorio. Una vez ah\u00ed, se examinan una por una con mucho cuidado y precisi\u00f3n. Al final, los resultados son entregados al Ministerio del Ambiente para que notifique a la empresa\u201d, aclar\u00f3 Leysi Jim\u00e9nez, especialista del laboratorio certificado.<\/p>\n<p style=\"text-align: justify;\">El recorrido de la Autoridad Ambiental inici\u00f3 en la zona del biodigestor (contenedor herm\u00e9tico e impermeable donde se puede depositar material org\u00e1nico para fermentar, en este caso, excremento) de la granja porcina El Para\u00edso. Este sistema de canalizaci\u00f3n recibe descargas de desechos org\u00e1nicos de 38 000 animales (chanchos y pollos), que provienen de tres haciendas (Toachi 1, Toachi 2 y El Para\u00edso). La t\u00e9cnica de degradaci\u00f3n permite una descomposici\u00f3n org\u00e1nica de la materia y el posterior tratamiento de las aguas.<\/p>\n<p style=\"text-align: justify;\">Estas aguas, una vez finalizado el proceso, se destinan al riego de 23 hect\u00e1reas, asignadas al pastoreo, en una hacienda cercana. Este proceso se elabora con un aspersor que tiene una distancia m\u00e1xima de riego de 50 metros y es cambiado cada dos horas, para que el suelo no exceda en nutrientes, ni se sobresature de humedad.<\/p>\n<p style=\"text-align: justify;\">Patricio Eg\u00fcez, propietario de la finca donde desembocan las aguas residuales de Pronaca, asegura que este convenio es beneficioso en el sentido agropecuario. \u201cLo com\u00fan en la zona es tener dos vacas por hect\u00e1rea, yo alcanzo f\u00e1cilmente metas de ocho y nueve\u201d, afirm\u00f3. Asimismo, dijo tener la seguridad de que no le va a faltar producci\u00f3n tanto de leche como de carne, porque siempre cuenta con agua de riego, incluso en temporada de sequ\u00eda.<\/p>\n<p style=\"text-align: justify;\">El Subsecretario de Calidad Ambiental tambi\u00e9n visit\u00f3 el criadero La Plata 1, en donde se\u00a0 inspeccion\u00f3 la zona de crianza de cerdos y las dos piscinas inhabilitadas (que antes eran usadas para colocar aguas residuales) de las que se tomaron varias muestras.<\/p>\n<p style=\"text-align: justify;\">Finalmente, se constat\u00f3 el funcionamiento de la planta de tratamiento de agua, estructura que reduce los contaminantes y caracter\u00edsticas no deseables de las aguas residuales del faenamiento, para reutilizarlas, principalmente, en la limpieza interna.<\/p>\n<p style=\"text-align: justify;\">\u201cEn el recorrido constatamos que las tres plantas visitadas tienen su respectivo proceso ambiental en cuanto a descargas. Asimismo, se han tomado muestras para confirmar el estado de las aguas y estaremos a la espera de los resultados\u201d, recalc\u00f3 Soria.<\/p>\n<p style=\"text-align: justify;\"><strong>Competencias de la Direcci\u00f3n Provincial en control<\/strong><\/p>\n<p style=\"text-align: justify;\">Seg\u00fan los informes semestrales de monitoreo de agua de descarga presentados por la empresa, los par\u00e1metros se encuentran dentro de lo permitido. Pero si existe un incumplimiento, el MAE solicitar\u00e1 planes emergentes con un plazo perentorio, en el cual deber\u00e1n cumplir a cabalidad con lo que exige la normativa ambiental vigente, de no ser as\u00ed, se iniciar\u00e1n procesos administrativos con las respectivas sanciones<em style=\"text-align: justify;\">.<\/em><\/p>\n<p style=\"text-align: justify;\"><em style=\"text-align: justify;\"> Por su parte, l<\/em>a Direcci\u00f3n Provincial del Ambiente de Santo Domingo realiza inspecciones peri\u00f3dicas de control a las actividades de las empresas porcinas en su jurisdicci\u00f3n.<\/p>\n<p style=\"text-align: justify;\">\u00a0<a href=\"http:\/\/www.ambienteyenergia.gob.ec\/ambiente\/wp-content\/uploads\/2013\/07\/MG_81401.jpg\"><img loading=\"lazy\" decoding=\"async\" class=\"aligncenter size-full wp-image-13081\" title=\"Pronaca\" src=\"http:\/\/www.ambienteyenergia.gob.ec\/ambiente\/wp-content\/uploads\/2013\/07\/MG_81401.jpg\" alt=\"\" width=\"650\" height=\"433\" srcset=\"https:\/\/www.ambienteyenergia.gob.ec\/ambiente\/wp-content\/uploads\/sites\/2\/2013\/07\/MG_81401.jpg 650w, https:\/\/www.ambienteyenergia.gob.ec\/ambiente\/wp-content\/uploads\/sites\/2\/2013\/07\/MG_81401-300x199.jpg 300w, https:\/\/www.ambienteyenergia.gob.ec\/ambiente\/wp-content\/uploads\/sites\/2\/2013\/07\/MG_81401-450x300.jpg 450w\" sizes=\"auto, (max-width: 650px) 100vw, 650px\" \/><\/a><a href=\"http:\/\/www.ambienteyenergia.gob.ec\/ambiente\/wp-content\/uploads\/2013\/07\/MG_80331.jpg\"><img loading=\"lazy\" decoding=\"async\" class=\"aligncenter size-full wp-image-13080\" title=\"Pronaca\" src=\"http:\/\/www.ambienteyenergia.gob.ec\/ambiente\/wp-content\/uploads\/2013\/07\/MG_80331.jpg\" alt=\"\" width=\"650\" height=\"433\" srcset=\"https:\/\/www.ambienteyenergia.gob.ec\/ambiente\/wp-content\/uploads\/sites\/2\/2013\/07\/MG_80331.jpg 650w, https:\/\/www.ambienteyenergia.gob.ec\/ambiente\/wp-content\/uploads\/sites\/2\/2013\/07\/MG_80331-300x199.jpg 300w, https:\/\/www.ambienteyenergia.gob.ec\/ambiente\/wp-content\/uploads\/sites\/2\/2013\/07\/MG_80331-450x300.jpg 450w\" sizes=\"auto, (max-width: 650px) 100vw, 650px\" \/><\/a><\/p>\n<p style=\"text-align: justify;\">\n","protected":false},"excerpt":{"rendered":"<p class=\"excerpt\">La Subsecretar\u00eda de Calidad Ambiental del Ministerio del Ambiente (MAE), sin previo aviso, realiz\u00f3 el pasado 4 de julio una inspecci\u00f3n de control en tres instalaciones productivas de Pronaca, ubicadas en la provincia de Santo Domingo de los Ts\u00e1chilas. El MAE, junto con el laboratorio acreditado LASA, realiz\u00f3 la toma de 11 muestras de agua para comprobar se encuentre dentro&hellip; <a href=\"https:\/\/www.ambienteyenergia.gob.ec\/ambiente\/mae-tomo-11-muestras-del-tratamiento-de-residuos-en-granjas-porcinas-de-santo-domingo\/\">Read more &rarr;<\/a><\/p>\n","protected":false},"author":13,"featured_media":13079,"comment_status":"open","ping_status":"open","sticky":false,"template":"","format":"standard","meta":{"footnotes":""},"categories":[16,4],"tags":[],"class_list":["post-13078","post","type-post","status-publish","format-standard","has-post-thumbnail","hentry","category-comunicamos","category-noticias","xfolkentry"],"_links":{"self":[{"href":"https:\/\/www.ambienteyenergia.gob.ec\/ambiente\/wp-json\/wp\/v2\/posts\/13078","targetHints":{"allow":["GET"]}}],"collection":[{"href":"https:\/\/www.ambienteyenergia.gob.ec\/ambiente\/wp-json\/wp\/v2\/posts"}],"about":[{"href":"https:\/\/www.ambienteyenergia.gob.ec\/ambiente\/wp-json\/wp\/v2\/types\/post"}],"author":[{"embeddable":true,"href":"https:\/\/www.ambienteyenergia.gob.ec\/ambiente\/wp-json\/wp\/v2\/users\/13"}],"replies":[{"embeddable":true,"href":"https:\/\/www.ambienteyenergia.gob.ec\/ambiente\/wp-json\/wp\/v2\/comments?post=13078"}],"version-history":[{"count":0,"href":"https:\/\/www.ambienteyenergia.gob.ec\/ambiente\/wp-json\/wp\/v2\/posts\/13078\/revisions"}],"wp:featuredmedia":[{"embeddable":true,"href":"https:\/\/www.ambienteyenergia.gob.ec\/ambiente\/wp-json\/wp\/v2\/media\/13079"}],"wp:attachment":[{"href":"https:\/\/www.ambienteyenergia.gob.ec\/ambiente\/wp-json\/wp\/v2\/media?parent=13078"}],"wp:term":[{"taxonomy":"category","embeddable":true,"href":"https:\/\/www.ambienteyenergia.gob.ec\/ambiente\/wp-json\/wp\/v2\/categories?post=13078"},{"taxonomy":"post_tag","embeddable":true,"href":"https:\/\/www.ambienteyenergia.gob.ec\/ambiente\/wp-json\/wp\/v2\/tags?post=13078"}],"curies":[{"name":"wp","href":"https:\/\/api.w.org\/{rel}","templated":true}]}}