{"id":13061,"date":"2013-07-09T11:03:26","date_gmt":"2013-07-09T16:03:26","guid":{"rendered":"http:\/\/www.ambiente.gob.ec\/?p=13061"},"modified":"2013-07-09T14:59:37","modified_gmt":"2013-07-09T19:59:37","slug":"mae-dicto-conferencia-permisos-e-incentivos-ambientales-hacia-el-sector-productivo-y-de-servicios-para-empresarios-en-guayaquil","status":"publish","type":"post","link":"https:\/\/www.ambienteyenergia.gob.ec\/ambiente\/mae-dicto-conferencia-permisos-e-incentivos-ambientales-hacia-el-sector-productivo-y-de-servicios-para-empresarios-en-guayaquil\/","title":{"rendered":"MAE dict\u00f3 conferencia \u00abPermisos e incentivos ambientales hacia el sector productivo y de servicios\u00bb para empresarios en Guayaquil"},"content":{"rendered":"<p style=\"text-align: justify;\">\u00abEsta Cartera de Estado, como principal rectora en el manejo ambiental, insta a las empresas de producci\u00f3n y servicios a regularizarse como una actividad preventiva y de impacto ambiental positivo. Los permisos, as\u00ed como los incentivos representan, para el Ministerio del Ambiente (MAE), un proceso que va m\u00e1s all\u00e1 del cumplimiento legal\u00bb, indic\u00f3 esta ma\u00f1ana, M\u00f3nica Hidalgo, Viceministra del Ambiente, en la\u00a0conferencia \u00a8Permisos e incentivos ambientales hacia el sector productivo y de servicios\u00a8, organizada por las C\u00e1maras Binacionales Brit\u00e1nica, Canadiense y Espa\u00f1ola.<\/p>\n<p style=\"text-align: justify;\">En este evento, realizado en la ciudad de Guayaquil con la asistencia de alrededor de 140 representantes de industrias, empresas e instituciones , Hidalgo abord\u00f3 temas como Desarrollo Sostenible, sector productivo, producci\u00f3n y consumo sustentable, y procedimientos para la obtenci\u00f3n de permisos e incentivos ambientales; mismos que, en la actualidad, se ejecutan on-line, optimizando tiempo y recursos.<\/p>\n<p style=\"text-align: justify;\">\u00abEn el \u00e1mbito nacional y mundial se insiste en la transversalidad y el equilibrio que deben tener los ejes del desarrollo social, econ\u00f3mico y ambiental. Es importante destacar que el crecimiento econ\u00f3mico y social no debe basarse en la degradaci\u00f3n ambiental\u00bb, comunic\u00f3 la Autoridad Ambiental.<\/p>\n<p style=\"text-align: justify;\">En ese sentido, manifest\u00f3 que si bien el sector privado tiene intereses de tipo econ\u00f3mico, de mercado, calidad y convertirse en una empresa competitiva a nivel nacional, regional y mundial, el MAE trabaja para configurar estrategias conjuntas que hagan efectiva la gesti\u00f3n ambiental y que reduzcan la contaminaci\u00f3n del aire, suelo y agua; con el objetivo de aportar en el Desarrollo Sostenible y el nuevo paradigma nacional el Buen Vivir o Sumak Kawsay.<\/p>\n<p style=\"text-align: justify;\">Asimismo, inform\u00f3 que este Ministerio enfoca la sinergia de Producci\u00f3n Limpia y Consumo Sustentable en una Unidad, con la misi\u00f3n de crear instrumentos que permitan generar a nivel nacional, el cambio de patrones actuales de producci\u00f3n y consumo en el marco del Buen Vivir. \u00abProducci\u00f3n Limpia tiene como principio la prevenci\u00f3n, es decir evitar contaminar o gastar los recursos naturales de forma desmedida, como eje fundamental el uso de tecnolog\u00edas limpias y como objetivo reducir la contaminaci\u00f3n. En Consumo Sostenible se debe informar al consumidor qu\u00e9 est\u00e1n consumiendo, considerando el impacto ambiental. Con la presencia del consumidor responsable, llamado en conjunto bio-sociedad, se espera la reducci\u00f3n de la contaminaci\u00f3n, en un proceso-producto-consumidor\u00bb.<\/p>\n<p style=\"text-align: justify;\">Para fomentar esos elementos, el MAE otorga el reconocimiento \u00abPunto Verde\u00bb, mismo incentiva a las empresas de producci\u00f3n y servicios del Ecuador a implementar estrategias para producci\u00f3n m\u00e1s limpia como una herramienta de mejoramiento del desempe\u00f1o ambiental; y posicionamiento competitivo de las empresas en el mercado nacional, regional e internacional.<\/p>\n<p style=\"text-align: justify;\">Seg\u00fan Ulf Eichner, presidente de Ecoltec, la ponencia su fue positiva en varias aspectos. \u00abPuede apreciar que el Ministerio tiene ideas claras de c\u00f3mo avanzar en el cuidado del ambiente. Es un proceso que ya ha iniciado. El otorgamiento de \u00abPunto Verde\u00bb es interesante e importante, las industrias tienen la necesidad de este tipo de incentivos para aplicar las medidas de producci\u00f3n amigable con el planeta \u00ab.<\/p>\n<p style=\"text-align: justify;\">Con ello coincidi\u00f3 el ingeniero Marco Ronquillo de TransmarEcuador, para quien la conferencia fue un espacio para que empresarios e industriales se involucren en las estrategias que desarrolla en MAE y se interesen por ejecutarlas. \u00abEsperamos que m\u00e1s empresas se sumen a esta propuesta en pro de la protecci\u00f3n y conservaci\u00f3n de la naturaleza. Estamos comprometidos con el tema. Por ello, representantes de las \u00e1reas m\u00e1s importantes de la empresa asistieron para conocer, comprender y saber c\u00f3mo aplicar la normativa ambiental\u00bb.<\/p>\n<p style=\"text-align: justify;\">Una vez terminada la ponencia, se realiz\u00f3 una ronda de preguntas en la que los participantes pudieron aclarar dudas e interactuar con la autoridad.<\/p>\n<p>&nbsp;<\/p>\n","protected":false},"excerpt":{"rendered":"<p class=\"excerpt\">\u00abEsta Cartera de Estado, como principal rectora en el manejo ambiental, insta a las empresas de producci\u00f3n y servicios a regularizarse como una actividad preventiva y de impacto ambiental positivo. Los permisos, as\u00ed como los incentivos representan, para el Ministerio del Ambiente (MAE), un proceso que va m\u00e1s all\u00e1 del cumplimiento legal\u00bb, indic\u00f3 esta ma\u00f1ana, M\u00f3nica Hidalgo, Viceministra del Ambiente,&hellip; <a href=\"https:\/\/www.ambienteyenergia.gob.ec\/ambiente\/mae-dicto-conferencia-permisos-e-incentivos-ambientales-hacia-el-sector-productivo-y-de-servicios-para-empresarios-en-guayaquil\/\">Read more &rarr;<\/a><\/p>\n","protected":false},"author":13,"featured_media":13062,"comment_status":"open","ping_status":"open","sticky":false,"template":"","format":"standard","meta":{"footnotes":""},"categories":[16,4,10],"tags":[],"class_list":["post-13061","post","type-post","status-publish","format-standard","has-post-thumbnail","hentry","category-comunicamos","category-noticias","category-noticias-destacadas","xfolkentry"],"_links":{"self":[{"href":"https:\/\/www.ambienteyenergia.gob.ec\/ambiente\/wp-json\/wp\/v2\/posts\/13061","targetHints":{"allow":["GET"]}}],"collection":[{"href":"https:\/\/www.ambienteyenergia.gob.ec\/ambiente\/wp-json\/wp\/v2\/posts"}],"about":[{"href":"https:\/\/www.ambienteyenergia.gob.ec\/ambiente\/wp-json\/wp\/v2\/types\/post"}],"author":[{"embeddable":true,"href":"https:\/\/www.ambienteyenergia.gob.ec\/ambiente\/wp-json\/wp\/v2\/users\/13"}],"replies":[{"embeddable":true,"href":"https:\/\/www.ambienteyenergia.gob.ec\/ambiente\/wp-json\/wp\/v2\/comments?post=13061"}],"version-history":[{"count":0,"href":"https:\/\/www.ambienteyenergia.gob.ec\/ambiente\/wp-json\/wp\/v2\/posts\/13061\/revisions"}],"wp:featuredmedia":[{"embeddable":true,"href":"https:\/\/www.ambienteyenergia.gob.ec\/ambiente\/wp-json\/wp\/v2\/media\/13062"}],"wp:attachment":[{"href":"https:\/\/www.ambienteyenergia.gob.ec\/ambiente\/wp-json\/wp\/v2\/media?parent=13061"}],"wp:term":[{"taxonomy":"category","embeddable":true,"href":"https:\/\/www.ambienteyenergia.gob.ec\/ambiente\/wp-json\/wp\/v2\/categories?post=13061"},{"taxonomy":"post_tag","embeddable":true,"href":"https:\/\/www.ambienteyenergia.gob.ec\/ambiente\/wp-json\/wp\/v2\/tags?post=13061"}],"curies":[{"name":"wp","href":"https:\/\/api.w.org\/{rel}","templated":true}]}}