{"id":13040,"date":"2013-07-08T15:17:13","date_gmt":"2013-07-08T20:17:13","guid":{"rendered":"http:\/\/www.ambiente.gob.ec\/?p=13040"},"modified":"2013-07-09T09:51:21","modified_gmt":"2013-07-09T14:51:21","slug":"tortuga-sami-fue-trasladada-al-acuario-valdivia","status":"publish","type":"post","link":"https:\/\/www.ambienteyenergia.gob.ec\/ambiente\/tortuga-sami-fue-trasladada-al-acuario-valdivia\/","title":{"rendered":"Tortuga Sami fue trasladada al acuario Valdivia"},"content":{"rendered":"<p style=\"text-align: justify;\">Sami, una tortuga hembra juvenil de aproximadamente 7 a\u00f1os, \u00a0fue rescatada por los guardaparques y bi\u00f3logos del Refugio de Vida Silvestre y Marino Costera (RVSMC) Pacoche, del Ministerio del Ambiente (MAE). Luego de ser rehabilitada tras la amputaci\u00f3n de una de sus aletas, fue trasladada hacia el Acuario Valdivia en la Provincia de Santa Elena.<\/p>\n<p style=\"text-align: justify;\">Luciano Ponce, responsable del Refugio de Vida Silvestre Pacoche, inform\u00f3, que en el pasado 16 de enero, encontraron a la tortuga marina, \u00a0perteneciente a \u00a0especie Golfina (Lepidochelys olivaea), varada en la playa de San Lorenzo. Ese ejemplar de 45 cent\u00edmetros, ten\u00eda una de sus aletas fracturadas, misma que fue amputada debido a que estaba enredada en una malla de pescadores, y le dificultaba \u00a0nadar.<\/p>\n<p style=\"text-align: justify;\">En el proceso de rehabilitaci\u00f3n de aproximadamente seis \u00a0meses, \u00a0\u00a0fue necesaria la aplicaci\u00f3n de antibi\u00f3ticos. Cada d\u00eda se la colocaba en un recipiente con agua de mar para que pueda ambientarse, debido a que ya no se la puede reinsertar a su h\u00e1bitat. El Acuario de Valdivia cuenta con un \u00e1rea donde Sami podr\u00e1 vivir monitoreada por personal\u00a0 que ha sido capacitado para este tipo de eventualidades.<\/p>\n<p style=\"text-align: justify;\"><strong>Datos importantes:<\/strong><\/p>\n<ul style=\"text-align: justify;\">\n<li>La tortuga Golfina, es considerada como vulnerable en la lista de las especies en peligro de extinci\u00f3n de la Uni\u00f3n Internacional para la Conservaci\u00f3n de la Naturaleza (UICN). De esos espec\u00edmenes, se \u00a0registran \u00a0aproximadamente 135 nidos en el sector desde junio del a\u00f1o pasado.<\/li>\n<li>Los guardaparques y bi\u00f3logos de la instituci\u00f3n tienen a su cargo el cuidado y monitoreo de estas especies, desde que est\u00e1n en los nidos.<\/li>\n<li>El refugio de Pacoche se cre\u00f3 en septiembre del 2008, mediante el Acuerdo Ministerial numero 131, en la jurisdicci\u00f3n de \u00a0los cantones Manta y Montecristi con \u00a0una extensi\u00f3n de 13.545 hect\u00e1reas, divididas en \u00a0\u00a05.045 de bosque h\u00famedo tropical y bosque seco tropical y 8.500 \u00a0del \u00e1rea marino costera, en el lugar hay otras especies marinas, como los peces de arrecife.<\/li>\n<\/ul>\n<p style=\"text-align: justify;\">\n","protected":false},"excerpt":{"rendered":"<p class=\"excerpt\">Sami, una tortuga hembra juvenil de aproximadamente 7 a\u00f1os, \u00a0fue rescatada por los guardaparques y bi\u00f3logos del Refugio de Vida Silvestre y Marino Costera (RVSMC) Pacoche, del Ministerio del Ambiente (MAE). Luego de ser rehabilitada tras la amputaci\u00f3n de una de sus aletas, fue trasladada hacia el Acuario Valdivia en la Provincia de Santa Elena. Luciano Ponce, responsable del Refugio&hellip; <a href=\"https:\/\/www.ambienteyenergia.gob.ec\/ambiente\/tortuga-sami-fue-trasladada-al-acuario-valdivia\/\">Read more &rarr;<\/a><\/p>\n","protected":false},"author":13,"featured_media":13055,"comment_status":"open","ping_status":"open","sticky":false,"template":"","format":"standard","meta":{"footnotes":""},"categories":[16,4],"tags":[],"class_list":["post-13040","post","type-post","status-publish","format-standard","has-post-thumbnail","hentry","category-comunicamos","category-noticias","xfolkentry"],"_links":{"self":[{"href":"https:\/\/www.ambienteyenergia.gob.ec\/ambiente\/wp-json\/wp\/v2\/posts\/13040","targetHints":{"allow":["GET"]}}],"collection":[{"href":"https:\/\/www.ambienteyenergia.gob.ec\/ambiente\/wp-json\/wp\/v2\/posts"}],"about":[{"href":"https:\/\/www.ambienteyenergia.gob.ec\/ambiente\/wp-json\/wp\/v2\/types\/post"}],"author":[{"embeddable":true,"href":"https:\/\/www.ambienteyenergia.gob.ec\/ambiente\/wp-json\/wp\/v2\/users\/13"}],"replies":[{"embeddable":true,"href":"https:\/\/www.ambienteyenergia.gob.ec\/ambiente\/wp-json\/wp\/v2\/comments?post=13040"}],"version-history":[{"count":0,"href":"https:\/\/www.ambienteyenergia.gob.ec\/ambiente\/wp-json\/wp\/v2\/posts\/13040\/revisions"}],"wp:featuredmedia":[{"embeddable":true,"href":"https:\/\/www.ambienteyenergia.gob.ec\/ambiente\/wp-json\/wp\/v2\/media\/13055"}],"wp:attachment":[{"href":"https:\/\/www.ambienteyenergia.gob.ec\/ambiente\/wp-json\/wp\/v2\/media?parent=13040"}],"wp:term":[{"taxonomy":"category","embeddable":true,"href":"https:\/\/www.ambienteyenergia.gob.ec\/ambiente\/wp-json\/wp\/v2\/categories?post=13040"},{"taxonomy":"post_tag","embeddable":true,"href":"https:\/\/www.ambienteyenergia.gob.ec\/ambiente\/wp-json\/wp\/v2\/tags?post=13040"}],"curies":[{"name":"wp","href":"https:\/\/api.w.org\/{rel}","templated":true}]}}