{"id":13032,"date":"2013-07-08T14:00:26","date_gmt":"2013-07-08T19:00:26","guid":{"rendered":"http:\/\/www.ambiente.gob.ec\/?p=13032"},"modified":"2013-07-09T14:47:52","modified_gmt":"2013-07-09T19:47:52","slug":"con-ciencia-arte-y-cultura-se-conmemoro-el-dia-nacional-del-condor-andino","status":"publish","type":"post","link":"https:\/\/www.ambienteyenergia.gob.ec\/ambiente\/con-ciencia-arte-y-cultura-se-conmemoro-el-dia-nacional-del-condor-andino\/","title":{"rendered":"Con&#8230; ciencia, arte y cultura, se conmemor\u00f3 el D\u00eda Nacional del C\u00f3ndor Andino"},"content":{"rendered":"<p style=\"text-align: justify;\">El Ministerio del Ambiente (MAE), conmemor\u00f3 hoy, el D\u00eda Nacional del C\u00f3ndor en la Reserva Ecol\u00f3gica Antisana, uno de sus h\u00e1bitats naturales. El objetivo del evento fue concienciar a la poblaci\u00f3n sobre la conservaci\u00f3n de esta ave, s\u00edmbolo de los andes ecuatorianos y dar a conocer la importancia que tiene su rol dentro del ecosistema.<\/p>\n<p style=\"text-align: justify;\">Con m\u00fasica y danzas art\u00edsticas se dio inicio a esta importante fecha. Al acto asistieron autoridades y representantes de instituciones p\u00fablicas y privadas, adem\u00e1s de organizaciones relacionadas con la conservaci\u00f3n.<\/p>\n<p style=\"text-align: justify;\">En el Ecuador existen 50 c\u00f3ndores en estado silvestre y 18 c\u00f3ndores en cautiverio, seg\u00fan el \u00faltimo censo realizado en el 2009. La mayor parte de la poblaci\u00f3n se ubica en la parte centro y norte del Ecuador, pero en los \u00faltimos a\u00f1os ha disminuido notablemente. Las principales causas de su desaparici\u00f3n son sus caracter\u00edsticas fisiol\u00f3gicas (es una especie mon\u00f3gama y pone un solo huevo que tarda alrededor de 60 \u2013 65 d\u00edas en eclosionar), la continua p\u00e9rdida de su h\u00e1bitat, la disminuci\u00f3n de especies silvestres y las malas pr\u00e1cticas humanas.<\/p>\n<p style=\"text-align: justify;\">Conscientes de la fragilidad de la especie, el MAE elabor\u00f3 la Estrategia Nacional para la Conservaci\u00f3n del c\u00f3ndor andino (en vigencia desde el 2009), la cual comprende campa\u00f1as de sensibilizaci\u00f3n y educaci\u00f3n ambiental en zonas de avistamiento, gu\u00eda para el mantenimiento ex situ del ave, control y monitoreo, y la realizaci\u00f3n de investigaciones sobre ecolog\u00eda, biolog\u00eda y comportamiento del c\u00f3ndor.<\/p>\n<p style=\"text-align: justify;\">La Ministra del Ambiente, Lorena Tapia, en su discurso afirm\u00f3 que el Ministerio lidera y brinda apoyo a especialistas que han propuesto censos de c\u00f3ndores silvestres y cautivos, y apoya el estudio para la colocaci\u00f3n de rastreadores satelitales. \u201cEstas y otras iniciativas se suman al trabajo que realiza el MAE para\u00a0 preservar y conservar la fauna silvestre y, m\u00e1s a\u00fan, la del c\u00f3ndor andino\u201d, indic\u00f3.<\/p>\n<p style=\"text-align: justify;\">Pero pese a todos los esfuerzos del MAE en conservar su h\u00e1bitat, la poblaci\u00f3n silvestre de c\u00f3ndores \u00a0no ha podido ser restablecida \u00f3ptimamente. \u201cPor lo que se espera que los especialistas y el Estado sumen esfuerzos\u00a0 desde su \u00e1mbito de acci\u00f3n, sin escatimar recursos para que el c\u00f3ndor siga siendo el esp\u00edritu de los andes y continu\u00e9 siendo nuestro s\u00edmbolo patrio\u201d, sostuvo Tapia.<\/p>\n<p style=\"text-align: justify;\">Por otro lado, Mauricio Castillo, Director Nacional de Biodiversidad, habl\u00f3 de los incontables esfuerzos que realiza esta Cartera de Estado para la protecci\u00f3n y conservaci\u00f3n de la vida silvestre y los ecosistemas naturales del pa\u00eds. \u201cLa Vida Silvestre es un recurso estrat\u00e9gico del pa\u00eds, que nos ofrece varios servicios ambientales indispensables para la supervivencia de la humanidad, por ello la importancia de conservarla y manejarla sosteniblemente\u201d, expres\u00f3.<\/p>\n<p style=\"text-align: justify;\"><strong>Rescate del c\u00f3ndor Felipe <\/strong><\/p>\n<p style=\"text-align: justify;\">El MAE si bien es cierto, condena las atrocidades en contra de la vida silvestre, pero as\u00ed tambi\u00e9n, felicita actitudes que apoyan a la conservaci\u00f3n, como fue el caso del rescate del c\u00f3ndor \u201cFelipe\u201d, especie rescatada por la comunidad y el Ministerio.<\/p>\n<p style=\"text-align: justify;\">Por ello, precisamente en este evento se entreg\u00f3 un reconocimiento a Cleopatra Otero, quien alert\u00f3 al MAE de la presencia de un c\u00f3ndor que se presume perdi\u00f3 el rumbo del vuelo y a Felipe Farinango, un ciudadano consciente y preocupado qui\u00e9n rescat\u00f3 al animal en la Parroquia Borja, provincia de Napo. El c\u00f3ndor fue bautizado como \u201cFelipe\u201d en honor a su protector y rescatista.<\/p>\n<p style=\"text-align: justify;\">Este caso emblem\u00e1tico, \u201cmarca un precedente y un hito en el trabajo coordinado del Ministerio del Ambiente y la comunidad. Trabajemos juntos por una misma causa, proteger y\u00a0 cuidar nuestro entorno y a la vida que alberga\u201d, ratific\u00f3 la Ministra Lorena Tapia.<\/p>\n<p style=\"text-align: justify;\"><strong>Caso del c\u00f3ndor asesinado en Azuay<\/strong><\/p>\n<p style=\"text-align: justify;\">El pasado 28 de abril, tras una denuncia recibida desde las redes sociales, el \u00a0Ministerio del Ambiente activ\u00f3 todo su contingente para investigar el delito cometido contra un c\u00f3ndor, en el Bosque Protector Irquis \u2013Yanuncay, provincia del Azuay. Inmediatamente, se levant\u00f3 un proceso administrativo y legal en contra del presunto implicado, pero pese a la brevedad con la que actu\u00f3 esta Cartera de Estado, el sospechoso logr\u00f3 escapar.<\/p>\n<p style=\"text-align: justify;\">El implicado sigue pr\u00f3fugo, pero se encuentra entre los delincuentes m\u00e1s buscados. El MAE, como principal rector ambiental del pa\u00eds, permanecer\u00e1 vigilante de este proceso, con la finalidad que velar por el cumplimiento de las normativas vigentes, garantizando el respeto de la naturaleza y todos los seres vivos como lo establece la Constituci\u00f3n Pol\u00edtica del Ecuador.<\/p>\n<p style=\"text-align: justify;\"><strong>Datos importantes<\/strong><\/p>\n<ul>\n<li style=\"text-align: justify;\"><strong>El c\u00f3ndor andino m<\/strong>ide alrededor de 140 cm de altura y entre 2.70 y 3.30 cm de envergadura de sus alas. <strong>En <\/strong>machos su peso fluct\u00faa entre 11 a 15kg y en las hembras de 8 a 11 kg.<strong><\/strong><\/li>\n<li style=\"text-align: justify;\"><strong><\/strong><strong>El plumaje<\/strong> en c\u00f3ndores juveniles es marr\u00f3n; en adultos es negro-azulado, adem\u00e1s tiene una ancha banda blanca en el dorso de las alas y un collar blanco en su cuello.<strong><\/strong><\/li>\n<li style=\"text-align: justify;\">El c\u00f3ndor andino se encuentra categorizado como: Peligro cr\u00edtico (la especie enfrenta un riesgo extremadamente alto de extinci\u00f3n en estado silvestre)<\/li>\n<li style=\"text-align: justify;\">Est\u00e1 prohibida su comercializaci\u00f3n a nivel mundial por encontrarse en el Ap\u00e9ndice I de la Convenci\u00f3n sobre el Comercio Internacional de Especies Amenazadas de Fauna y Flora Silvestres (CITES).<\/li>\n<li style=\"text-align: justify;\">La inversi\u00f3n en protecci\u00f3n de h\u00e1bitat en el 2012 fue de 23.4 millones de d\u00f3lares, de los cuales el 83% cubre el Estado ecuatoriano a trav\u00e9s del MAE. Lo que significa hist\u00f3ricamente 7 millones m\u00e1s que el 2011 y 11 veces m\u00e1s del valor invertido hace 10 a\u00f1os.<\/li>\n<\/ul>\n","protected":false},"excerpt":{"rendered":"<p class=\"excerpt\">El Ministerio del Ambiente (MAE), conmemor\u00f3 hoy, el D\u00eda Nacional del C\u00f3ndor en la Reserva Ecol\u00f3gica Antisana, uno de sus h\u00e1bitats naturales. El objetivo del evento fue concienciar a la poblaci\u00f3n sobre la conservaci\u00f3n de esta ave, s\u00edmbolo de los andes ecuatorianos y dar a conocer la importancia que tiene su rol dentro del ecosistema. Con m\u00fasica y danzas art\u00edsticas&hellip; <a href=\"https:\/\/www.ambienteyenergia.gob.ec\/ambiente\/con-ciencia-arte-y-cultura-se-conmemoro-el-dia-nacional-del-condor-andino\/\">Read more &rarr;<\/a><\/p>\n","protected":false},"author":13,"featured_media":13050,"comment_status":"open","ping_status":"open","sticky":false,"template":"","format":"standard","meta":{"footnotes":""},"categories":[16,4,10],"tags":[],"class_list":["post-13032","post","type-post","status-publish","format-standard","has-post-thumbnail","hentry","category-comunicamos","category-noticias","category-noticias-destacadas","xfolkentry"],"_links":{"self":[{"href":"https:\/\/www.ambienteyenergia.gob.ec\/ambiente\/wp-json\/wp\/v2\/posts\/13032","targetHints":{"allow":["GET"]}}],"collection":[{"href":"https:\/\/www.ambienteyenergia.gob.ec\/ambiente\/wp-json\/wp\/v2\/posts"}],"about":[{"href":"https:\/\/www.ambienteyenergia.gob.ec\/ambiente\/wp-json\/wp\/v2\/types\/post"}],"author":[{"embeddable":true,"href":"https:\/\/www.ambienteyenergia.gob.ec\/ambiente\/wp-json\/wp\/v2\/users\/13"}],"replies":[{"embeddable":true,"href":"https:\/\/www.ambienteyenergia.gob.ec\/ambiente\/wp-json\/wp\/v2\/comments?post=13032"}],"version-history":[{"count":0,"href":"https:\/\/www.ambienteyenergia.gob.ec\/ambiente\/wp-json\/wp\/v2\/posts\/13032\/revisions"}],"wp:featuredmedia":[{"embeddable":true,"href":"https:\/\/www.ambienteyenergia.gob.ec\/ambiente\/wp-json\/wp\/v2\/media\/13050"}],"wp:attachment":[{"href":"https:\/\/www.ambienteyenergia.gob.ec\/ambiente\/wp-json\/wp\/v2\/media?parent=13032"}],"wp:term":[{"taxonomy":"category","embeddable":true,"href":"https:\/\/www.ambienteyenergia.gob.ec\/ambiente\/wp-json\/wp\/v2\/categories?post=13032"},{"taxonomy":"post_tag","embeddable":true,"href":"https:\/\/www.ambienteyenergia.gob.ec\/ambiente\/wp-json\/wp\/v2\/tags?post=13032"}],"curies":[{"name":"wp","href":"https:\/\/api.w.org\/{rel}","templated":true}]}}