{"id":13026,"date":"2013-07-07T11:21:05","date_gmt":"2013-07-07T16:21:05","guid":{"rendered":"http:\/\/www.ambiente.gob.ec\/?p=13026"},"modified":"2013-07-07T11:21:05","modified_gmt":"2013-07-07T16:21:05","slug":"equipo-contingente-de-mae-controla-incendio-en-quindialo-tungurahua-pero-se-mantiene-vigilante","status":"publish","type":"post","link":"https:\/\/www.ambienteyenergia.gob.ec\/ambiente\/equipo-contingente-de-mae-controla-incendio-en-quindialo-tungurahua-pero-se-mantiene-vigilante\/","title":{"rendered":"Equipo contingente de MAE controla incendio en Quindial\u00f3 (Tungurahua), pero se mantiene vigilante"},"content":{"rendered":"<p style=\"text-align: justify;\">Luego activar su equipo de contingencia y apagar por completo el incendio en la zona de Quindial\u00f3 (Tungurahua), El Ministerio del Ambiente (MAE), a trav\u00e9s de la Direcci\u00f3n Provincial de Tungurahua, se mantiene en comunicaci\u00f3n directa con autoridades provinciales, con la finalidad de evitar un nuevo brote de fuego.<\/p>\n<p style=\"text-align: justify;\">Desde esta ma\u00f1ana, el MAE coordina actividades con la Gobernaci\u00f3n y la Direcci\u00f3n de Subsecretar\u00eda de Riesgos de la provincia. Ellos a su vez se contactaron con Autoridades Institucionales a nivel nacional (Subsecretaria de Respuesta y Coordinaci\u00f3n del Cuerpo de Bomberos).<\/p>\n<p>Ayer, aproximadamente a las 17:15, el incendio en la parte alta del sector de Quindial\u00f3 fue \u00a0controlado. En la parte baja se realizaron actividades \u00a0manuales, debido a la dificultad que presenta por ser una zona agreste, de dif\u00edcil acceso, y vegetaci\u00f3n seca. Al momento no se requiere m\u00e1s personal. Sin embargo, la Subsecretar\u00eda de Riesgos ha coordinado con la Comandancia Provincial de Bomberos, el env\u00edo de apoyo en el caso de ser necesario.<\/p>\n<p style=\"text-align: justify;\">A las 21:00, el incendio fue apagado por completo. Sin embargo, ma\u00f1ana, personal de la Direcci\u00f3n Ambiental de Tungurahua, se movilizar\u00e1 al lugar ma\u00f1ana para a verificar que no exista posibilidad de que alg\u00fan elemento haya quedado prendido.<\/p>\n","protected":false},"excerpt":{"rendered":"<p class=\"excerpt\">Luego activar su equipo de contingencia y apagar por completo el incendio en la zona de Quindial\u00f3 (Tungurahua), El Ministerio del Ambiente (MAE), a trav\u00e9s de la Direcci\u00f3n Provincial de Tungurahua, se mantiene en comunicaci\u00f3n directa con autoridades provinciales, con la finalidad de evitar un nuevo brote de fuego. Desde esta ma\u00f1ana, el MAE coordina actividades con la Gobernaci\u00f3n y&hellip; <a href=\"https:\/\/www.ambienteyenergia.gob.ec\/ambiente\/equipo-contingente-de-mae-controla-incendio-en-quindialo-tungurahua-pero-se-mantiene-vigilante\/\">Read more &rarr;<\/a><\/p>\n","protected":false},"author":13,"featured_media":12919,"comment_status":"open","ping_status":"open","sticky":false,"template":"","format":"standard","meta":{"footnotes":""},"categories":[16,4],"tags":[320,319,53,54,102],"class_list":["post-13026","post","type-post","status-publish","format-standard","has-post-thumbnail","hentry","category-comunicamos","category-noticias","tag-ambato","tag-incendio-quindialo","tag-mae","tag-ministerio-del-ambiente","tag-tungurahua","xfolkentry"],"_links":{"self":[{"href":"https:\/\/www.ambienteyenergia.gob.ec\/ambiente\/wp-json\/wp\/v2\/posts\/13026","targetHints":{"allow":["GET"]}}],"collection":[{"href":"https:\/\/www.ambienteyenergia.gob.ec\/ambiente\/wp-json\/wp\/v2\/posts"}],"about":[{"href":"https:\/\/www.ambienteyenergia.gob.ec\/ambiente\/wp-json\/wp\/v2\/types\/post"}],"author":[{"embeddable":true,"href":"https:\/\/www.ambienteyenergia.gob.ec\/ambiente\/wp-json\/wp\/v2\/users\/13"}],"replies":[{"embeddable":true,"href":"https:\/\/www.ambienteyenergia.gob.ec\/ambiente\/wp-json\/wp\/v2\/comments?post=13026"}],"version-history":[{"count":0,"href":"https:\/\/www.ambienteyenergia.gob.ec\/ambiente\/wp-json\/wp\/v2\/posts\/13026\/revisions"}],"wp:featuredmedia":[{"embeddable":true,"href":"https:\/\/www.ambienteyenergia.gob.ec\/ambiente\/wp-json\/wp\/v2\/media\/12919"}],"wp:attachment":[{"href":"https:\/\/www.ambienteyenergia.gob.ec\/ambiente\/wp-json\/wp\/v2\/media?parent=13026"}],"wp:term":[{"taxonomy":"category","embeddable":true,"href":"https:\/\/www.ambienteyenergia.gob.ec\/ambiente\/wp-json\/wp\/v2\/categories?post=13026"},{"taxonomy":"post_tag","embeddable":true,"href":"https:\/\/www.ambienteyenergia.gob.ec\/ambiente\/wp-json\/wp\/v2\/tags?post=13026"}],"curies":[{"name":"wp","href":"https:\/\/api.w.org\/{rel}","templated":true}]}}