{"id":13006,"date":"2013-07-06T16:13:53","date_gmt":"2013-07-06T21:13:53","guid":{"rendered":"http:\/\/www.ambiente.gob.ec\/?p=13006"},"modified":"2013-07-06T19:02:55","modified_gmt":"2013-07-07T00:02:55","slug":"primera-feria-compromiso-ambiental-en-el-sector-publico-y-privado-se-realizo-en-quito","status":"publish","type":"post","link":"https:\/\/www.ambienteyenergia.gob.ec\/ambiente\/primera-feria-compromiso-ambiental-en-el-sector-publico-y-privado-se-realizo-en-quito\/","title":{"rendered":"Primera Feria \u201cCompromiso ambiental en el sector p\u00fablico y privado\u201d se realiz\u00f3 en Quito"},"content":{"rendered":"<p style=\"text-align: justify;\">Cientos de ni\u00f1os y adultos\u00a0 participaron hoy en las diversas actividades l\u00fadicas y educativas realizadas en la Primera Feria \u201cCompromiso ambiental en el sector p\u00fablico y privado\u201d, organizada por el Ministerio del Ambiente (MAE), en coordinaci\u00f3n con la Secretar\u00eda Nacional de Admiraci\u00f3n P\u00fablica, con la finalidad de promover la aplicaci\u00f3n de buenas pr\u00e1cticas ambientales, como una pol\u00edtica p\u00fablica para proteger a los ecosistemas del Ecuador.<\/p>\n<p style=\"text-align: justify;\">A partir de las 9:00, en el Parque Bicentenario, la ciudadan\u00eda pudo visitar stands en los que Carteras de Estado e instituciones p\u00fablicas y privadas expusieron las actividades que ejecutan para contribuir a la conservaci\u00f3n y uso adecuado de los recursos naturales del pa\u00eds. Ello, en concordancia con el Art. 395 de la Constituci\u00f3n Pol\u00edtica, mismo que hace referencia a las pol\u00edticas de gesti\u00f3n ambiental y a su aplicaci\u00f3n en todos los niveles del Estado.<\/p>\n<p style=\"text-align: justify;\">En la inauguraci\u00f3n de la jornada, Lorena Tapia, Ministra del Ambiente, agradeci\u00f3 la participaci\u00f3n de la poblaci\u00f3n y las instituciones, e indic\u00f3 la importancia de la realizaci\u00f3n de la feria. \u201cEn primer lugar, la feria representa un hito en la historia, porque se ha reunido, por primera vez, a un buen n\u00famero\u00a0 de entidades p\u00fablicas y privadas con un solo objetivo, \u2018las Buenas Pr\u00e1cticas Ambientales\u2019, seg\u00fan lo estipulado en el Acuerdo Ministerial 131. De esta manera se ha demostrado\u00a0 su inter\u00e9s y trabajo para tener al interior de su gesti\u00f3n, actividades que optimizan el recurso natural y reducen la contaminaci\u00f3n ambiental\u201d.<\/p>\n<p style=\"text-align: justify;\">Asimismo, la M\u00e1xima Autoridad Ambiental visit\u00f3 los stands y recibi\u00f3 informaci\u00f3n sobre las acciones que se realizan en diferentes campos en pro de un ambiente saludable. Durante el recorrido, Tapia comparti\u00f3 con los asistentes y particip\u00f3 en actividades y juegos educativos organizados por las entidades participantes.<\/p>\n<p style=\"text-align: justify;\">Durante la jornada, artistas como AU-D, Gerardo Mor\u00e1n, la Banda Tapiar y Baby Smith incentivaron a ni\u00f1os y adultos para que se comprometan a fomentar y aplicar el cuidado ambiental como una forma de vida. Adem\u00e1s, la Polic\u00eda Nacional present\u00f3 un show con sus canes amaestrados.<\/p>\n<p style=\"text-align: justify;\">Para Daniel Oyola, asistente de la feria, este evento fue el espacio apropiado para que la ciudadan\u00eda en general aprenda a cuidar el planeta y conozca de una forma m\u00e1s cercana c\u00f3mo hacerlo. \u201cMe parece que esta iniciativa del Ministerio del Ambiente es fundamental. Hemos aprendido las maneras adecuadas de\u00a0 usar nuestros recursos. Los ni\u00f1os se divirtieron mientras aprend\u00edan y compart\u00edan con los padres\u201d.<\/p>\n<p style=\"text-align: justify;\">A trav\u00e9s de la organizaci\u00f3n de la feria, esta Cartera de Estado impulsa la conservaci\u00f3n y respeto de la naturaleza, recordando que los recursos naturales son agotables por lo que ahorrar y usarlos de forma eficiente permitir\u00e1 que futuras generaciones puedan satisfacer sus necesidades totalmente.<\/p>\n<p style=\"text-align: justify;\"><strong>Stand del Ministerio del Ambiente<\/strong><\/p>\n<p style=\"text-align: justify;\">En el stand del MAE, los asistentes pudieron aprender c\u00f3mo aportar a la conservaci\u00f3n y protecci\u00f3n de la naturaleza, a trav\u00e9s de juegos y actividades educativas y de recreaci\u00f3n como rompecabezas de \u00c1reas Protegidas y \u201ctres en raya\u201d de conocimiento ambiental, entre otras. Como parte del programa de educaci\u00f3n ambiental, se present\u00f3 la casita del buen vivir, una infraestructura enfocada en el reciclaje y ahorro de recursos. Los ni\u00f1os pudieron emitir sus mensajes en dibujos y pinturas.<\/p>\n<p style=\"text-align: justify;\">Adem\u00e1s, se instal\u00f3 un mini cine en el que se proyectaron videos de las \u00c1reas Protegidas del pa\u00eds. Funcionarios diferentes Direcciones y Proyectos del MAE explicar las acciones emprendidas en pro del cumplimiento de los objetivos que tiene esta Cartera de Estado, como principal rector ambiental del Ecuador.<\/p>\n<div id='gallery-1' class='gallery galleryid-13006 gallery-columns-4 gallery-size-thumbnail'><dl class='gallery-item'>\n\t\t\t<dt class='gallery-icon landscape'>\n\t\t\t\t<a href='https:\/\/www.ambienteyenergia.gob.ec\/ambiente\/primera-feria-compromiso-ambiental-en-el-sector-publico-y-privado-se-realizo-en-quito\/deter\/'><img loading=\"lazy\" decoding=\"async\" width=\"150\" height=\"150\" src=\"https:\/\/www.ambienteyenergia.gob.ec\/ambiente\/wp-content\/uploads\/sites\/2\/2013\/07\/DETER-150x150.jpg\" class=\"attachment-thumbnail size-thumbnail\" alt=\"\" \/><\/a>\n\t\t\t<\/dt><\/dl><dl class='gallery-item'>\n\t\t\t<dt class='gallery-icon landscape'>\n\t\t\t\t<a href='https:\/\/www.ambienteyenergia.gob.ec\/ambiente\/primera-feria-compromiso-ambiental-en-el-sector-publico-y-privado-se-realizo-en-quito\/banner-feria\/'><img loading=\"lazy\" decoding=\"async\" width=\"150\" height=\"150\" src=\"https:\/\/www.ambienteyenergia.gob.ec\/ambiente\/wp-content\/uploads\/sites\/2\/2013\/07\/BANNER-FERIA-150x150.jpg\" class=\"attachment-thumbnail size-thumbnail\" alt=\"\" \/><\/a>\n\t\t\t<\/dt><\/dl><dl class='gallery-item'>\n\t\t\t<dt class='gallery-icon landscape'>\n\t\t\t\t<a href='https:\/\/www.ambienteyenergia.gob.ec\/ambiente\/primera-feria-compromiso-ambiental-en-el-sector-publico-y-privado-se-realizo-en-quito\/min-3\/'><img loading=\"lazy\" decoding=\"async\" width=\"150\" height=\"150\" src=\"https:\/\/www.ambienteyenergia.gob.ec\/ambiente\/wp-content\/uploads\/sites\/2\/2013\/07\/Min-150x150.jpg\" class=\"attachment-thumbnail size-thumbnail\" alt=\"\" \/><\/a>\n\t\t\t<\/dt><\/dl><dl class='gallery-item'>\n\t\t\t<dt class='gallery-icon portrait'>\n\t\t\t\t<a href='https:\/\/www.ambienteyenergia.gob.ec\/ambiente\/primera-feria-compromiso-ambiental-en-el-sector-publico-y-privado-se-realizo-en-quito\/_mg_8371\/'><img loading=\"lazy\" decoding=\"async\" width=\"150\" height=\"150\" src=\"https:\/\/www.ambienteyenergia.gob.ec\/ambiente\/wp-content\/uploads\/sites\/2\/2013\/07\/MG_8371-150x150.jpg\" class=\"attachment-thumbnail size-thumbnail\" alt=\"\" \/><\/a>\n\t\t\t<\/dt><\/dl><br style=\"clear: both\" \/><dl class='gallery-item'>\n\t\t\t<dt class='gallery-icon landscape'>\n\t\t\t\t<a href='https:\/\/www.ambienteyenergia.gob.ec\/ambiente\/primera-feria-compromiso-ambiental-en-el-sector-publico-y-privado-se-realizo-en-quito\/_mg_8543\/'><img loading=\"lazy\" decoding=\"async\" width=\"150\" height=\"150\" src=\"https:\/\/www.ambienteyenergia.gob.ec\/ambiente\/wp-content\/uploads\/sites\/2\/2013\/07\/MG_8543-150x150.jpg\" class=\"attachment-thumbnail size-thumbnail\" alt=\"\" \/><\/a>\n\t\t\t<\/dt><\/dl><dl class='gallery-item'>\n\t\t\t<dt class='gallery-icon landscape'>\n\t\t\t\t<a href='https:\/\/www.ambienteyenergia.gob.ec\/ambiente\/primera-feria-compromiso-ambiental-en-el-sector-publico-y-privado-se-realizo-en-quito\/_mg_8579\/'><img loading=\"lazy\" decoding=\"async\" width=\"150\" height=\"150\" src=\"https:\/\/www.ambienteyenergia.gob.ec\/ambiente\/wp-content\/uploads\/sites\/2\/2013\/07\/MG_8579-150x150.jpg\" class=\"attachment-thumbnail size-thumbnail\" alt=\"\" \/><\/a>\n\t\t\t<\/dt><\/dl><dl class='gallery-item'>\n\t\t\t<dt class='gallery-icon landscape'>\n\t\t\t\t<a href='https:\/\/www.ambienteyenergia.gob.ec\/ambiente\/primera-feria-compromiso-ambiental-en-el-sector-publico-y-privado-se-realizo-en-quito\/_mg_8639\/'><img loading=\"lazy\" decoding=\"async\" width=\"150\" height=\"150\" src=\"https:\/\/www.ambienteyenergia.gob.ec\/ambiente\/wp-content\/uploads\/sites\/2\/2013\/07\/MG_8639-150x150.jpg\" class=\"attachment-thumbnail size-thumbnail\" alt=\"\" \/><\/a>\n\t\t\t<\/dt><\/dl><dl class='gallery-item'>\n\t\t\t<dt class='gallery-icon landscape'>\n\t\t\t\t<a href='https:\/\/www.ambienteyenergia.gob.ec\/ambiente\/primera-feria-compromiso-ambiental-en-el-sector-publico-y-privado-se-realizo-en-quito\/_mg_8662\/'><img loading=\"lazy\" decoding=\"async\" width=\"150\" height=\"150\" src=\"https:\/\/www.ambienteyenergia.gob.ec\/ambiente\/wp-content\/uploads\/sites\/2\/2013\/07\/MG_8662-150x150.jpg\" class=\"attachment-thumbnail size-thumbnail\" alt=\"\" \/><\/a>\n\t\t\t<\/dt><\/dl><br style=\"clear: both\" \/><dl class='gallery-item'>\n\t\t\t<dt class='gallery-icon landscape'>\n\t\t\t\t<a href='https:\/\/www.ambienteyenergia.gob.ec\/ambiente\/primera-feria-compromiso-ambiental-en-el-sector-publico-y-privado-se-realizo-en-quito\/_mg_8250\/'><img loading=\"lazy\" decoding=\"async\" width=\"150\" height=\"150\" src=\"https:\/\/www.ambienteyenergia.gob.ec\/ambiente\/wp-content\/uploads\/sites\/2\/2013\/07\/MG_8250-150x150.jpg\" class=\"attachment-thumbnail size-thumbnail\" alt=\"\" \/><\/a>\n\t\t\t<\/dt><\/dl><dl class='gallery-item'>\n\t\t\t<dt class='gallery-icon landscape'>\n\t\t\t\t<a href='https:\/\/www.ambienteyenergia.gob.ec\/ambiente\/primera-feria-compromiso-ambiental-en-el-sector-publico-y-privado-se-realizo-en-quito\/_mg_8494\/'><img loading=\"lazy\" decoding=\"async\" width=\"150\" height=\"150\" src=\"https:\/\/www.ambienteyenergia.gob.ec\/ambiente\/wp-content\/uploads\/sites\/2\/2013\/07\/MG_8494-150x150.jpg\" class=\"attachment-thumbnail size-thumbnail\" alt=\"\" \/><\/a>\n\t\t\t<\/dt><\/dl><dl class='gallery-item'>\n\t\t\t<dt class='gallery-icon landscape'>\n\t\t\t\t<a href='https:\/\/www.ambienteyenergia.gob.ec\/ambiente\/primera-feria-compromiso-ambiental-en-el-sector-publico-y-privado-se-realizo-en-quito\/_mg_8503\/'><img loading=\"lazy\" decoding=\"async\" width=\"150\" height=\"150\" src=\"https:\/\/www.ambienteyenergia.gob.ec\/ambiente\/wp-content\/uploads\/sites\/2\/2013\/07\/MG_8503-150x150.jpg\" class=\"attachment-thumbnail size-thumbnail\" alt=\"\" \/><\/a>\n\t\t\t<\/dt><\/dl><dl class='gallery-item'>\n\t\t\t<dt class='gallery-icon landscape'>\n\t\t\t\t<a href='https:\/\/www.ambienteyenergia.gob.ec\/ambiente\/primera-feria-compromiso-ambiental-en-el-sector-publico-y-privado-se-realizo-en-quito\/_mg_8482\/'><img loading=\"lazy\" decoding=\"async\" width=\"150\" height=\"150\" src=\"https:\/\/www.ambienteyenergia.gob.ec\/ambiente\/wp-content\/uploads\/sites\/2\/2013\/07\/MG_8482-150x150.jpg\" class=\"attachment-thumbnail size-thumbnail\" alt=\"\" \/><\/a>\n\t\t\t<\/dt><\/dl><br style=\"clear: both\" \/>\n\t\t<\/div>\n\n<p>&nbsp;<\/p>\n<p>&nbsp;<\/p>\n<p>&nbsp;<\/p>\n","protected":false},"excerpt":{"rendered":"<p class=\"excerpt\">Cientos de ni\u00f1os y adultos\u00a0 participaron hoy en las diversas actividades l\u00fadicas y educativas realizadas en la Primera Feria \u201cCompromiso ambiental en el sector p\u00fablico y privado\u201d, organizada por el Ministerio del Ambiente (MAE), en coordinaci\u00f3n con la Secretar\u00eda Nacional de Admiraci\u00f3n P\u00fablica, con la finalidad de promover la aplicaci\u00f3n de buenas pr\u00e1cticas ambientales, como una pol\u00edtica p\u00fablica para proteger&hellip; <a href=\"https:\/\/www.ambienteyenergia.gob.ec\/ambiente\/primera-feria-compromiso-ambiental-en-el-sector-publico-y-privado-se-realizo-en-quito\/\">Read more &rarr;<\/a><\/p>\n","protected":false},"author":13,"featured_media":13009,"comment_status":"open","ping_status":"open","sticky":false,"template":"","format":"standard","meta":{"footnotes":""},"categories":[16,4],"tags":[317,316,53,54,318],"class_list":["post-13006","post","type-post","status-publish","format-standard","has-post-thumbnail","hentry","category-comunicamos","category-noticias","tag-buenas-practicas-ambientales","tag-feria","tag-mae","tag-ministerio-del-ambiente","tag-parque-bicentenario","xfolkentry"],"_links":{"self":[{"href":"https:\/\/www.ambienteyenergia.gob.ec\/ambiente\/wp-json\/wp\/v2\/posts\/13006","targetHints":{"allow":["GET"]}}],"collection":[{"href":"https:\/\/www.ambienteyenergia.gob.ec\/ambiente\/wp-json\/wp\/v2\/posts"}],"about":[{"href":"https:\/\/www.ambienteyenergia.gob.ec\/ambiente\/wp-json\/wp\/v2\/types\/post"}],"author":[{"embeddable":true,"href":"https:\/\/www.ambienteyenergia.gob.ec\/ambiente\/wp-json\/wp\/v2\/users\/13"}],"replies":[{"embeddable":true,"href":"https:\/\/www.ambienteyenergia.gob.ec\/ambiente\/wp-json\/wp\/v2\/comments?post=13006"}],"version-history":[{"count":0,"href":"https:\/\/www.ambienteyenergia.gob.ec\/ambiente\/wp-json\/wp\/v2\/posts\/13006\/revisions"}],"wp:featuredmedia":[{"embeddable":true,"href":"https:\/\/www.ambienteyenergia.gob.ec\/ambiente\/wp-json\/wp\/v2\/media\/13009"}],"wp:attachment":[{"href":"https:\/\/www.ambienteyenergia.gob.ec\/ambiente\/wp-json\/wp\/v2\/media?parent=13006"}],"wp:term":[{"taxonomy":"category","embeddable":true,"href":"https:\/\/www.ambienteyenergia.gob.ec\/ambiente\/wp-json\/wp\/v2\/categories?post=13006"},{"taxonomy":"post_tag","embeddable":true,"href":"https:\/\/www.ambienteyenergia.gob.ec\/ambiente\/wp-json\/wp\/v2\/tags?post=13006"}],"curies":[{"name":"wp","href":"https:\/\/api.w.org\/{rel}","templated":true}]}}