{"id":13000,"date":"2013-07-05T16:37:35","date_gmt":"2013-07-05T21:37:35","guid":{"rendered":"http:\/\/www.ambiente.gob.ec\/?p=13000"},"modified":"2013-07-05T16:37:35","modified_gmt":"2013-07-05T21:37:35","slug":"mae-capacito-a-policias-de-proteccion-ambiental-en-tratamiento-adecuado-de-vida-silvestre","status":"publish","type":"post","link":"https:\/\/www.ambienteyenergia.gob.ec\/ambiente\/mae-capacito-a-policias-de-proteccion-ambiental-en-tratamiento-adecuado-de-vida-silvestre\/","title":{"rendered":"MAE capacit\u00f3 a polic\u00edas de protecci\u00f3n ambiental en tratamiento adecuado de vida silvestre"},"content":{"rendered":"<p style=\"text-align: justify;\">El Ministerio del Ambiente (MAE), a trav\u00e9s de la Direcci\u00f3n Provincial de Pichincha, realiz\u00f3 un curso de capacitaci\u00f3n en temas de calidad ambiental, aplicaci\u00f3n de la normativa legal en tr\u00e1fico y tenencia de especies forestales y de fauna silvestre, y t\u00e9cnicas de manejo de especies, dirigido al personal de la Unidad de Protecci\u00f3n de Medio Ambiente (UPMA) de la Polic\u00eda Nacional.<\/p>\n<p style=\"text-align: justify;\">\u00abEl MAE estructur\u00f3 las capacitaciones para los efectivos policiales, quienes trabajan en coordinaci\u00f3n con funcionarios de esta Cartera de Estado, en concordancia con sus ejes y objetivos de protecci\u00f3n y conservaci\u00f3n de la biodiversidad del pa\u00eds. Ello, con la finalidad de lograr que los resultados de los operativos ambientales sean \u00f3ptimos y positivos, en beneficio de la poblaci\u00f3n y todos los seres vivos\u00bb, indic\u00f3 Paulina Rodr\u00edguez, abogada del departamento jur\u00eddico de la Direcci\u00f3n Ambiental de Pichincha.<\/p>\n<p style=\"text-align: justify;\">En estos tallares, efectuados de 3 al 5 de julio en las instalaciones del Hospital Docente de Especialidades Veterinarias de la Universidad San Francisco de Quito (USF), alrededor de 40 polic\u00edas aprendieron c\u00f3mo levantar informaci\u00f3n, diferenciar entre espec\u00edmenes de vida silvestre y elementos constitutivos (pieles, esqueletos, dientes, etc.),\u00a0 t\u00e9cnicas de manejo de animales, de acuerdo con la especie y la aplicaci\u00f3n de sanciones contempladas en el Texto Unificado de Legislaci\u00f3n Ambiental Secundaria (TULAS), Ley Forestal y dem\u00e1s normativa vigente.<\/p>\n<p style=\"text-align: justify;\">Para el Cabo primero William Vivas, polic\u00eda de la UPMA de la provincia de Manab\u00ed, estos cursos son fundamentales en el ejercicio de sus labores. \u00abEs importante que conozcamos la manera correcta de proceder en los operativo, tanto con las personas implicadas como con los animales. De esa manera, nuestro trabajo ser\u00e1 adecuado y eficiente\u00bb.<\/p>\n<p style=\"text-align: justify;\">Estas capacitaciones fueron dictadas por funcionarios del departamento jur\u00eddico y bi\u00f3logos del MAE, y el docente de medicina veterinaria, fauna silvestre y ex\u00f3tica de la USF, Andr\u00e9s Ortega, qui\u00e9n explic\u00f3 a los asistentes c\u00f3mo tratar a los animales, tomando en cuenta las diferencias taxon\u00f3micas y el estado de salud. \u00abNo es lo mismo trabajar con mam\u00edferos que con reptiles o aves. Cada esp\u00e9cimen debe tener un tratamiento diferente, seg\u00fan sus caracter\u00edsticas y el estado en el que sean encontrados. A veces, las primeras atenciones que recibe un animal son decisivas\u00bb.<\/p>\n<p style=\"text-align: justify;\">Adem\u00e1s, junto con Javier Cueva, bi\u00f3logo de la Unidad de Patrimonio Natural de Pichincha del MAE, Ortega indic\u00f3 la importancia del uso de la nomenclatura y nombre cient\u00edficos de las especias porque esa forma, se puede aplicar un tratamiento m\u00e9dico correcto y la Autoridad Ambiental podr\u00e1 abrir procesos administrativos, si el caso requiere. Con esa informaci\u00f3n, se determina el nivel de peligro del animal y las sanciones que implican su tenencia o tr\u00e1fico.<\/p>\n<p style=\"text-align: justify;\">\u00abEstas capacitaciones llevadas a cabo por este Ministerio son primordiales. En cada operativo, las personas y los animales corren cierto riesgo, es importante que quienes trabajan en esta materia aprendan c\u00f3mo proceder, para que tanto ellos como los animales no sufran da\u00f1os\u00bb, afirm\u00f3 el docente.<\/p>\n<p style=\"text-align: justify;\">Seg\u00fan Freddy Aguilar, sargento segundo la UPMA de El\u00a0 Oro, los talleres fueron espacios para que los agentes policiales y funcionarios del MAE intercambien informaci\u00f3n y coordinen la ejecuci\u00f3n de las acciones que se emprenden en pro de la eliminaci\u00f3n de pr\u00e1cticas ilegales respecto al ambiente.<\/p>\n<p style=\"text-align: justify;\">Durante esas jornadas, los uniformados compartieron experiencias y pidieron asesor\u00eda para actuar apropiadamente, de acuerdo con los diferentes casos que enfrentan. En l\u00edneas generales, los consejos fueron que todas las acciones deben estar enfocadas en el cumplimiento de la ley y en garantizar el bienestar de la poblaci\u00f3n y la fauna silvestre.<\/p>\n<p style=\"text-align: justify;\">Esta Cartera de Estado, como principal rector ambiental del pa\u00eds, continuar\u00e1 realizando estas actividades para que, junto con las campa\u00f1as de concienciaci\u00f3n que ejecuta, se elimine la tenencia y tr\u00e1fico ilegal de vida silvestre, parte esencial de la biodiversidad del Ecuador.<\/p>\n<p><a href=\"http:\/\/www.ambienteyenergia.gob.ec\/ambiente\/wp-content\/uploads\/2013\/07\/MG_8222.jpg\"><img loading=\"lazy\" decoding=\"async\" class=\"aligncenter size-full wp-image-13002\" title=\"MAE capacit\u00f3 a polic\u00edas de protecci\u00f3n ambiental en tratamiento adecuado de vida silvestre\" src=\"http:\/\/www.ambienteyenergia.gob.ec\/ambiente\/wp-content\/uploads\/2013\/07\/MG_8222.jpg\" alt=\"\" width=\"650\" height=\"433\" srcset=\"https:\/\/www.ambienteyenergia.gob.ec\/ambiente\/wp-content\/uploads\/sites\/2\/2013\/07\/MG_8222.jpg 650w, https:\/\/www.ambienteyenergia.gob.ec\/ambiente\/wp-content\/uploads\/sites\/2\/2013\/07\/MG_8222-300x199.jpg 300w, https:\/\/www.ambienteyenergia.gob.ec\/ambiente\/wp-content\/uploads\/sites\/2\/2013\/07\/MG_8222-450x300.jpg 450w\" sizes=\"auto, (max-width: 650px) 100vw, 650px\" \/><\/a><\/p>\n","protected":false},"excerpt":{"rendered":"<p class=\"excerpt\">El Ministerio del Ambiente (MAE), a trav\u00e9s de la Direcci\u00f3n Provincial de Pichincha, realiz\u00f3 un curso de capacitaci\u00f3n en temas de calidad ambiental, aplicaci\u00f3n de la normativa legal en tr\u00e1fico y tenencia de especies forestales y de fauna silvestre, y t\u00e9cnicas de manejo de especies, dirigido al personal de la Unidad de Protecci\u00f3n de Medio Ambiente (UPMA) de la Polic\u00eda&hellip; <a href=\"https:\/\/www.ambienteyenergia.gob.ec\/ambiente\/mae-capacito-a-policias-de-proteccion-ambiental-en-tratamiento-adecuado-de-vida-silvestre\/\">Read more &rarr;<\/a><\/p>\n","protected":false},"author":13,"featured_media":13002,"comment_status":"open","ping_status":"open","sticky":false,"template":"","format":"standard","meta":{"footnotes":""},"categories":[16,4],"tags":[],"class_list":["post-13000","post","type-post","status-publish","format-standard","has-post-thumbnail","hentry","category-comunicamos","category-noticias","xfolkentry"],"_links":{"self":[{"href":"https:\/\/www.ambienteyenergia.gob.ec\/ambiente\/wp-json\/wp\/v2\/posts\/13000","targetHints":{"allow":["GET"]}}],"collection":[{"href":"https:\/\/www.ambienteyenergia.gob.ec\/ambiente\/wp-json\/wp\/v2\/posts"}],"about":[{"href":"https:\/\/www.ambienteyenergia.gob.ec\/ambiente\/wp-json\/wp\/v2\/types\/post"}],"author":[{"embeddable":true,"href":"https:\/\/www.ambienteyenergia.gob.ec\/ambiente\/wp-json\/wp\/v2\/users\/13"}],"replies":[{"embeddable":true,"href":"https:\/\/www.ambienteyenergia.gob.ec\/ambiente\/wp-json\/wp\/v2\/comments?post=13000"}],"version-history":[{"count":0,"href":"https:\/\/www.ambienteyenergia.gob.ec\/ambiente\/wp-json\/wp\/v2\/posts\/13000\/revisions"}],"wp:featuredmedia":[{"embeddable":true,"href":"https:\/\/www.ambienteyenergia.gob.ec\/ambiente\/wp-json\/wp\/v2\/media\/13002"}],"wp:attachment":[{"href":"https:\/\/www.ambienteyenergia.gob.ec\/ambiente\/wp-json\/wp\/v2\/media?parent=13000"}],"wp:term":[{"taxonomy":"category","embeddable":true,"href":"https:\/\/www.ambienteyenergia.gob.ec\/ambiente\/wp-json\/wp\/v2\/categories?post=13000"},{"taxonomy":"post_tag","embeddable":true,"href":"https:\/\/www.ambienteyenergia.gob.ec\/ambiente\/wp-json\/wp\/v2\/tags?post=13000"}],"curies":[{"name":"wp","href":"https:\/\/api.w.org\/{rel}","templated":true}]}}