{"id":12956,"date":"2013-07-04T22:21:22","date_gmt":"2013-07-05T03:21:22","guid":{"rendered":"http:\/\/www.ambiente.gob.ec\/?p=12956"},"modified":"2013-07-04T22:21:22","modified_gmt":"2013-07-05T03:21:22","slug":"30-dias-de-plazo-para-regulacion-ambiental-al-gad-de-manta","status":"publish","type":"post","link":"https:\/\/www.ambienteyenergia.gob.ec\/ambiente\/30-dias-de-plazo-para-regulacion-ambiental-al-gad-de-manta\/","title":{"rendered":"30 d\u00edas de plazo para regulaci\u00f3n ambiental al GAD de Manta"},"content":{"rendered":"<p style=\"text-align: justify;\">El Ministerio del Ambiente (MAE), a trav\u00e9s de la Direcci\u00f3n Provincial de Manab\u00ed, realiz\u00f3 una inspecci\u00f3n sobre la contaminaci\u00f3n ambiental en el barrio Los Esteros de Manta, luego de un pedido efectuado por los directivos de la Junta C\u00edvica del cant\u00f3n, el pasado 27 de mayo.<\/p>\n<p style=\"text-align: justify;\">La labor, la realizaron los t\u00e9cnicos de la entidad acompa\u00f1ados de funcionarios del GAD de Manta donde se evidenci\u00f3 el deterioro ambiental en todo el cauce del R\u00edo Muerto, la que afecta a los componentes eco sist\u00e9micos incluida la poblaci\u00f3n humana que directa e indirectamente se ubica en el \u00e1rea de influencia, lo que pone en riesgo la estabilidad del ecosistema y la salud de los habitantes del sector, el olor desagradable, adem\u00e1s del color y la presencia de materia org\u00e1nica en descomposici\u00f3n indican procesos de contaminaci\u00f3n ambiental y evidencia un tratamiento y manejo no adecuado de los procesos productivos y sociales en esta zona incluido una extensi\u00f3n considerable de \u00e1rea marina donde desemboca esta agua.<\/p>\n<p style=\"text-align: justify;\">Luego de la inspecci\u00f3n y con los argumentos validos, se comunic\u00f3 al Alcalde de Manta, Jaime Estrada, que de acuerdo al Art. 46 literal b) de la Ley de Gesti\u00f3n Ambiental y el Art. 125 del Sistema \u00danico de Manejo Ambiental tipificado en el Texto Unificado de Legislaci\u00f3n Ambiental Secundaria (TULAS), tiene un tiempo m\u00e1ximo e improrrogable de 30 d\u00edas para presentar un Plan de Acci\u00f3n Emergente para mitigar, compensar y remediar el impacto ambiental generados en su territorio por donde se encauza el R\u00edo Muerto el mismo que deber\u00e1 contar con su respectivo cronograma y presupuesto de aplicaci\u00f3n.<\/p>\n<p style=\"text-align: justify;\">Adem\u00e1s, formular y presentar un catastro de todas las Urbanizaciones Privadas que se ubican en las jurisdicciones territoriales de Manta para hacer seguimiento a sus procesos de regulaci\u00f3n ambiental, el que deber\u00e1 incluir detalles de nombres y direcciones de los representantes legales, permisos de construcci\u00f3n avalados por la Municipalidad, y dem\u00e1s documentos que sustenten este catastro.<\/p>\n<p style=\"text-align: justify;\">Asimismo, formular y presentar en esta Cartera de Estado un catastro de todas las industrias procesadoras de mariscos que est\u00e9n instaladas en la urbe, para continuar el proceso de regulaci\u00f3n ambiental.<\/p>\n<p style=\"text-align: justify;\">En caso de incumplir las presentes disposiciones requeridas dentro del tiempo establecido, se proceder\u00e1 conforme lo establece la normativa ambiental vigente.<\/p>\n<p style=\"text-align: justify;\">\n<p style=\"text-align: justify;\">\n<p>&nbsp;<\/p>\n<p>&nbsp;<\/p>\n<p>&nbsp;<\/p>\n","protected":false},"excerpt":{"rendered":"<p class=\"excerpt\">El Ministerio del Ambiente (MAE), a trav\u00e9s de la Direcci\u00f3n Provincial de Manab\u00ed, realiz\u00f3 una inspecci\u00f3n sobre la contaminaci\u00f3n ambiental en el barrio Los Esteros de Manta, luego de un pedido efectuado por los directivos de la Junta C\u00edvica del cant\u00f3n, el pasado 27 de mayo. La labor, la realizaron los t\u00e9cnicos de la entidad acompa\u00f1ados de funcionarios del GAD&hellip; <a href=\"https:\/\/www.ambienteyenergia.gob.ec\/ambiente\/30-dias-de-plazo-para-regulacion-ambiental-al-gad-de-manta\/\">Read more &rarr;<\/a><\/p>\n","protected":false},"author":13,"featured_media":12919,"comment_status":"open","ping_status":"open","sticky":false,"template":"","format":"standard","meta":{"footnotes":""},"categories":[16,4],"tags":[],"class_list":["post-12956","post","type-post","status-publish","format-standard","has-post-thumbnail","hentry","category-comunicamos","category-noticias","xfolkentry"],"_links":{"self":[{"href":"https:\/\/www.ambienteyenergia.gob.ec\/ambiente\/wp-json\/wp\/v2\/posts\/12956","targetHints":{"allow":["GET"]}}],"collection":[{"href":"https:\/\/www.ambienteyenergia.gob.ec\/ambiente\/wp-json\/wp\/v2\/posts"}],"about":[{"href":"https:\/\/www.ambienteyenergia.gob.ec\/ambiente\/wp-json\/wp\/v2\/types\/post"}],"author":[{"embeddable":true,"href":"https:\/\/www.ambienteyenergia.gob.ec\/ambiente\/wp-json\/wp\/v2\/users\/13"}],"replies":[{"embeddable":true,"href":"https:\/\/www.ambienteyenergia.gob.ec\/ambiente\/wp-json\/wp\/v2\/comments?post=12956"}],"version-history":[{"count":0,"href":"https:\/\/www.ambienteyenergia.gob.ec\/ambiente\/wp-json\/wp\/v2\/posts\/12956\/revisions"}],"wp:featuredmedia":[{"embeddable":true,"href":"https:\/\/www.ambienteyenergia.gob.ec\/ambiente\/wp-json\/wp\/v2\/media\/12919"}],"wp:attachment":[{"href":"https:\/\/www.ambienteyenergia.gob.ec\/ambiente\/wp-json\/wp\/v2\/media?parent=12956"}],"wp:term":[{"taxonomy":"category","embeddable":true,"href":"https:\/\/www.ambienteyenergia.gob.ec\/ambiente\/wp-json\/wp\/v2\/categories?post=12956"},{"taxonomy":"post_tag","embeddable":true,"href":"https:\/\/www.ambienteyenergia.gob.ec\/ambiente\/wp-json\/wp\/v2\/tags?post=12956"}],"curies":[{"name":"wp","href":"https:\/\/api.w.org\/{rel}","templated":true}]}}