{"id":12953,"date":"2013-07-04T22:18:51","date_gmt":"2013-07-05T03:18:51","guid":{"rendered":"http:\/\/www.ambiente.gob.ec\/?p=12953"},"modified":"2013-07-05T11:31:59","modified_gmt":"2013-07-05T16:31:59","slug":"mae-organiza-foro-sobre-biotecnologia-y-bioseguridad-para-autoridades-y-tomadores-de-decision","status":"publish","type":"post","link":"https:\/\/www.ambienteyenergia.gob.ec\/ambiente\/mae-organiza-foro-sobre-biotecnologia-y-bioseguridad-para-autoridades-y-tomadores-de-decision\/","title":{"rendered":"MAE organiza foro sobre biotecnolog\u00eda y bioseguridad para autoridades y tomadores de decisi\u00f3n"},"content":{"rendered":"<p style=\"text-align: justify;\">El Ministerio de Ambiente (MAE), como entidad competente para la regulaci\u00f3n de la bioseguridad conforme a la legislaci\u00f3n nacional y como ente ejecutor del proyecto Implementaci\u00f3n del Marco Nacional de Bioseguridad (IMNB) se encuentra desarrollando una serie de propuestas dirigidas a gestionar de manera segura la Biotecnolog\u00eda, en particular los organismos gen\u00e9ticamente modificados, considerando aspectos normativos, de institucionalidad, de capacitaci\u00f3n a entidades competentes y en el incremento del conocimiento de la sociedad civil en temas de Bioseguridad.<\/p>\n<p style=\"text-align: justify;\">En este contexto y en colaboraci\u00f3n con el Instituto Interamericano de Cooperaci\u00f3n para la Agricultura (IICA), el d\u00eda 3 de julio del a\u00f1o en curso, en el Centro de Convenciones \u201cEugenio Espejo\u201d se llev\u00f3 a cabo el foro sobre Biotecnolog\u00eda y Bioseguridad para autoridades y tomadores de decisi\u00f3n. Este evento fue inaugurado por Christian Ter\u00e1n, Subsecretario de Patrimonio Natural del MAE, y cont\u00f3 con la disertaci\u00f3n del Dr. Gutemberg De Souza, miembro de la Comisi\u00f3n T\u00e9cnica Nacional de Bioseguridad de Brasil (CTNBIO), la participaci\u00f3n de funcionarios de entidades p\u00fablicas como: el Ministerio Coordinador de la Producci\u00f3n, Empleo y Competitividad (MCPEC), el Ministerio de Agricultura, Ganader\u00eda, Acuacultura y Pesca (MAGAP), el Ministerio de Relaciones Exteriores y Movilidad Humana, el Ministerio de Comercio Exterior, el Ministerio de Salud P\u00fablica (MSP), la Secretar\u00eda Nacional de Educaci\u00f3n Superior, Ciencia, Tecnolog\u00eda e Innovaci\u00f3n (SENESCYT), la Secretaria Nacional de Gesti\u00f3n de la Pol\u00edtica, la Agencia Ecuatoriana de Aseguramiento de la Calidad del Agro (AGROCALIDAD), la Agencia de Regulaci\u00f3n, Control y Vigilancia Sanitaria (ARCSA), el Instituto Nacional Aut\u00f3nomo de Investigaciones Agropecuarias (INIAP) y el Instituto Nacional de Investigaci\u00f3n en Salud P\u00fablica (INSPI).<\/p>\n<p style=\"text-align: justify;\">Esta actividad tuvo como finalidad conocer la experiencia de Brasil en temas de Bioseguridad, y plantear una hoja de ruta que permita analizar y consensuar los contenidos de propuestas legales para la conformaci\u00f3n del Sistema Nacional de Bioseguridad, con el objetivo de avanzar en el cumplimiento del compromiso presidencial 19357, relativo a preparar la normativa para organismos gen\u00e9ticamente modificados, con base en el trabajo coordinado de las Instituciones del Estado, el fortalecimiento de las capacidades humanas e institucionales, y la participaci\u00f3n informada de la sociedad civil en los procesos de consulta.<\/p>\n<div id='gallery-1' class='gallery galleryid-12953 gallery-columns-4 gallery-size-thumbnail'><dl class='gallery-item'>\n\t\t\t<dt class='gallery-icon landscape'>\n\t\t\t\t<a href='https:\/\/www.ambienteyenergia.gob.ec\/ambiente\/mae-organiza-foro-sobre-biotecnologia-y-bioseguridad-para-autoridades-y-tomadores-de-decision\/expositor\/'><img loading=\"lazy\" decoding=\"async\" width=\"150\" height=\"150\" src=\"https:\/\/www.ambienteyenergia.gob.ec\/ambiente\/wp-content\/uploads\/sites\/2\/2013\/07\/Expositor-150x150.jpg\" class=\"attachment-thumbnail size-thumbnail\" alt=\"\" \/><\/a>\n\t\t\t<\/dt><\/dl><dl class='gallery-item'>\n\t\t\t<dt class='gallery-icon landscape'>\n\t\t\t\t<a href='https:\/\/www.ambienteyenergia.gob.ec\/ambiente\/mae-organiza-foro-sobre-biotecnologia-y-bioseguridad-para-autoridades-y-tomadores-de-decision\/a1\/'><img loading=\"lazy\" decoding=\"async\" width=\"150\" height=\"150\" src=\"https:\/\/www.ambienteyenergia.gob.ec\/ambiente\/wp-content\/uploads\/sites\/2\/2013\/07\/a1-150x150.jpg\" class=\"attachment-thumbnail size-thumbnail\" alt=\"\" \/><\/a>\n\t\t\t<\/dt><\/dl><dl class='gallery-item'>\n\t\t\t<dt class='gallery-icon landscape'>\n\t\t\t\t<a href='https:\/\/www.ambienteyenergia.gob.ec\/ambiente\/mae-organiza-foro-sobre-biotecnologia-y-bioseguridad-para-autoridades-y-tomadores-de-decision\/a2\/'><img loading=\"lazy\" decoding=\"async\" width=\"150\" height=\"150\" src=\"https:\/\/www.ambienteyenergia.gob.ec\/ambiente\/wp-content\/uploads\/sites\/2\/2013\/07\/a2-150x150.jpg\" class=\"attachment-thumbnail size-thumbnail\" alt=\"\" \/><\/a>\n\t\t\t<\/dt><\/dl><dl class='gallery-item'>\n\t\t\t<dt class='gallery-icon landscape'>\n\t\t\t\t<a href='https:\/\/www.ambienteyenergia.gob.ec\/ambiente\/mae-organiza-foro-sobre-biotecnologia-y-bioseguridad-para-autoridades-y-tomadores-de-decision\/a3-2\/'><img loading=\"lazy\" decoding=\"async\" width=\"150\" height=\"150\" src=\"https:\/\/www.ambienteyenergia.gob.ec\/ambiente\/wp-content\/uploads\/sites\/2\/2013\/07\/a31-150x150.jpg\" class=\"attachment-thumbnail size-thumbnail\" alt=\"\" \/><\/a>\n\t\t\t<\/dt><\/dl><br style=\"clear: both\" \/>\n\t\t<\/div>\n\n<p>&nbsp;<\/p>\n<p>&nbsp;<\/p>\n","protected":false},"excerpt":{"rendered":"<p class=\"excerpt\">El Ministerio de Ambiente (MAE), como entidad competente para la regulaci\u00f3n de la bioseguridad conforme a la legislaci\u00f3n nacional y como ente ejecutor del proyecto Implementaci\u00f3n del Marco Nacional de Bioseguridad (IMNB) se encuentra desarrollando una serie de propuestas dirigidas a gestionar de manera segura la Biotecnolog\u00eda, en particular los organismos gen\u00e9ticamente modificados, considerando aspectos normativos, de institucionalidad, de capacitaci\u00f3n&hellip; <a href=\"https:\/\/www.ambienteyenergia.gob.ec\/ambiente\/mae-organiza-foro-sobre-biotecnologia-y-bioseguridad-para-autoridades-y-tomadores-de-decision\/\">Read more &rarr;<\/a><\/p>\n","protected":false},"author":13,"featured_media":12988,"comment_status":"open","ping_status":"open","sticky":false,"template":"","format":"standard","meta":{"footnotes":""},"categories":[16,4],"tags":[],"class_list":["post-12953","post","type-post","status-publish","format-standard","has-post-thumbnail","hentry","category-comunicamos","category-noticias","xfolkentry"],"_links":{"self":[{"href":"https:\/\/www.ambienteyenergia.gob.ec\/ambiente\/wp-json\/wp\/v2\/posts\/12953","targetHints":{"allow":["GET"]}}],"collection":[{"href":"https:\/\/www.ambienteyenergia.gob.ec\/ambiente\/wp-json\/wp\/v2\/posts"}],"about":[{"href":"https:\/\/www.ambienteyenergia.gob.ec\/ambiente\/wp-json\/wp\/v2\/types\/post"}],"author":[{"embeddable":true,"href":"https:\/\/www.ambienteyenergia.gob.ec\/ambiente\/wp-json\/wp\/v2\/users\/13"}],"replies":[{"embeddable":true,"href":"https:\/\/www.ambienteyenergia.gob.ec\/ambiente\/wp-json\/wp\/v2\/comments?post=12953"}],"version-history":[{"count":0,"href":"https:\/\/www.ambienteyenergia.gob.ec\/ambiente\/wp-json\/wp\/v2\/posts\/12953\/revisions"}],"wp:featuredmedia":[{"embeddable":true,"href":"https:\/\/www.ambienteyenergia.gob.ec\/ambiente\/wp-json\/wp\/v2\/media\/12988"}],"wp:attachment":[{"href":"https:\/\/www.ambienteyenergia.gob.ec\/ambiente\/wp-json\/wp\/v2\/media?parent=12953"}],"wp:term":[{"taxonomy":"category","embeddable":true,"href":"https:\/\/www.ambienteyenergia.gob.ec\/ambiente\/wp-json\/wp\/v2\/categories?post=12953"},{"taxonomy":"post_tag","embeddable":true,"href":"https:\/\/www.ambienteyenergia.gob.ec\/ambiente\/wp-json\/wp\/v2\/tags?post=12953"}],"curies":[{"name":"wp","href":"https:\/\/api.w.org\/{rel}","templated":true}]}}