{"id":12947,"date":"2013-07-04T21:59:51","date_gmt":"2013-07-05T02:59:51","guid":{"rendered":"http:\/\/www.ambiente.gob.ec\/?p=12947"},"modified":"2013-07-04T23:42:23","modified_gmt":"2013-07-05T04:42:23","slug":"parque-nacional-galapagos-primera-area-protegida-del-ecuador-celebro-54-anos-de-vida-institucional","status":"publish","type":"post","link":"https:\/\/www.ambienteyenergia.gob.ec\/ambiente\/parque-nacional-galapagos-primera-area-protegida-del-ecuador-celebro-54-anos-de-vida-institucional\/","title":{"rendered":"Parque Nacional Gal\u00e1pagos, primera \u00c1rea Protegida del Ecuador, celebr\u00f3 54 a\u00f1os de vida institucional"},"content":{"rendered":"<p style=\"text-align: justify;\">Hoy, el Ministerio del Ambiente (MAE), a trav\u00e9s de la Direcci\u00f3n del Parque Nacional Gal\u00e1pagos (DPNG, realiz\u00f3 una Sesi\u00f3n Solemne en conmemoraci\u00f3n al quincuag\u00e9simo aniversario de la creaci\u00f3n del Parque Nacional Gal\u00e1pagos. En este evento se present\u00f3 el \u201cInforme Gal\u00e1pagos\u201d, el cual contiene informaci\u00f3n sobre gesti\u00f3n en la Provincia; y una estampilla postal del \u201cSolitario George\u201d, como un homenaje efectuado por la Empresa P\u00fablica Correos del Ecuador.<\/p>\n<p style=\"text-align: justify;\">La Viceministra del Ambiente, M\u00f3nica Hidalgo, destac\u00f3 que el Gobierno Ecuatoriano se ha propuesto hacer de Gal\u00e1pagos un ejemplo del Buen Vivir, felicit\u00f3 la labor de la DPNG y anunci\u00f3 que se continuar\u00e1 con el fortalecimiento de esa instituci\u00f3n.<\/p>\n<p style=\"text-align: justify;\">Por su parte, el Director del Parque Nacional Gal\u00e1pagos, Edwin Naula, destac\u00f3 el trabajo realizado por la instituci\u00f3n en el \u00faltimo a\u00f1o, a trav\u00e9s de los guardapaques. Entre los principales logros est\u00e1 la restauraci\u00f3n de las islas Pinz\u00f3n y Plazas Sur, en las que se erradicaron roedores introducidos (Rattus rattus y Mus musculus).<\/p>\n<p style=\"text-align: justify;\">El \u00e9xito alcanzado permiti\u00f3 convertir a Pinz\u00f3n en la isla m\u00e1s grande de Sudam\u00e9rica libre de ratas. Como efecto de estas acciones, la DPNG realiz\u00f3 la primera repatriaci\u00f3n de 118 tortuguitas a la isla mencionada, las cuales permanecieron cuatros a\u00f1os en el Centro de Crianza Fausto Llerena.<\/p>\n<p style=\"text-align: justify;\">Un trabajo similar fue realizado con nueve tortuguitas que nacieron en el Centro de Crianza Jacinto Gordillo, en la isla San Crist\u00f3bal, estos individuos fueron repatriados a la zona de reserva de tortugas terrestres ubicada al noreste de la isla.<\/p>\n<p style=\"text-align: justify;\">En los viveros forestales de la instituci\u00f3n en Isabela, Santa Cruz y San Crist\u00f3bal fueron reproducidas 75 mil. pl\u00e1ntulas nativas y end\u00e9micas, una parte de las cuales ha sido replantada en 25 hect\u00e1reas. En Colaboraci\u00f3n con el MAGAP y el INIAP inici\u00f3 la reproducci\u00f3n de 6 000 patrones de c\u00edtricos, que ser\u00e1n plantados en 14,5 hect\u00e1reas de la zona agr\u00edcola de Gal\u00e1pagos.<\/p>\n<p style=\"text-align: justify;\">Junto con la Agencia de Regulaci\u00f3n y Control de la Bioseguridad y Cuarentena para Gal\u00e1pagos, la DPNG trabaja para eliminar la plaga del caracol africano gigante, que causa un gran perjuicio a la flora end\u00e9mica y nativa. Los programas de control y erradicaci\u00f3n en \u00e1reas protegidas y urbanas permitieron la recolecci\u00f3n de 50 mil individuos.<\/p>\n<p style=\"text-align: justify;\"><strong>En lo social<\/strong><\/p>\n<p style=\"text-align: justify;\">Como ayuda al sector pesquero, la DPNG suscribi\u00f3 un convenio con 16 embarcaciones de pesca para impulsar el \u201cPlan Piloto de pesca de altura con empate oce\u00e1nico modificado\u201d, para probar su efectividad en pesca blanca e incidencia sobre otras especies que no son objeto de pesca.<\/p>\n<p style=\"text-align: justify;\">Para la regulaci\u00f3n de las operaciones tur\u00edsticas, en este per\u00edodo se desarrollo el concurso p\u00fablico para el otorgamiento de Autorizaciones de Operaci\u00f3n Tur\u00edstica en las modalidades Tour Diario de Buceo y Tour de Bah\u00eda. En este proceso fueron calificadas 25 propuestas que acceden a este beneficio, que permite ordenar las actividades no reguladas, as\u00ed como incentivar emprendimientos y peque\u00f1as empresas.<\/p>\n<p style=\"text-align: justify;\"><strong>Sello Postal<\/strong><\/p>\n<p style=\"text-align: justify;\">El Director General de Correos del Ecuador, Roberto Cavanna, present\u00f3 una postal que conmemora al \u201cSolitario George\u201d. En su intervenci\u00f3n, agradeci\u00f3 al director del Parque Nacional Gal\u00e1pagos, Edwin Naula, por su colaboraci\u00f3n en este trabajo realizado durante un a\u00f1o.<\/p>\n<p style=\"text-align: justify;\">Por las caracter\u00edsticas de la postal, Cavanna indic\u00f3 que este hecho constituye un hito hist\u00f3rico porque por primera vez se realiz\u00f3 una impresi\u00f3n con tinta de piedra volc\u00e1nica ecuatoriana, proceso realizado en Francia. La Empresa P\u00fablica Correos del Ecuador realiz\u00f3 la emisi\u00f3n de 200 mil estampillas, de las cuales 150 mil se quedar\u00e1n en Gal\u00e1pagos y el resto ser\u00e1n enviadas al Ecuador Continental.<\/p>\n<div id='gallery-1' class='gallery galleryid-12947 gallery-columns-4 gallery-size-thumbnail'><dl class='gallery-item'>\n\t\t\t<dt class='gallery-icon landscape'>\n\t\t\t\t<a href='https:\/\/www.ambienteyenergia.gob.ec\/ambiente\/parque-nacional-galapagos-primera-area-protegida-del-ecuador-celebro-54-anos-de-vida-institucional\/dsc_8144\/'><img loading=\"lazy\" decoding=\"async\" width=\"150\" height=\"150\" src=\"https:\/\/www.ambienteyenergia.gob.ec\/ambiente\/wp-content\/uploads\/sites\/2\/2013\/07\/DSC_8144-150x150.jpg\" class=\"attachment-thumbnail size-thumbnail\" alt=\"\" \/><\/a>\n\t\t\t<\/dt><\/dl><dl class='gallery-item'>\n\t\t\t<dt class='gallery-icon landscape'>\n\t\t\t\t<a href='https:\/\/www.ambienteyenergia.gob.ec\/ambiente\/parque-nacional-galapagos-primera-area-protegida-del-ecuador-celebro-54-anos-de-vida-institucional\/dsc_8126\/'><img loading=\"lazy\" decoding=\"async\" width=\"150\" height=\"150\" src=\"https:\/\/www.ambienteyenergia.gob.ec\/ambiente\/wp-content\/uploads\/sites\/2\/2013\/07\/DSC_8126-150x150.jpg\" class=\"attachment-thumbnail size-thumbnail\" alt=\"\" \/><\/a>\n\t\t\t<\/dt><\/dl><dl class='gallery-item'>\n\t\t\t<dt class='gallery-icon landscape'>\n\t\t\t\t<a href='https:\/\/www.ambienteyenergia.gob.ec\/ambiente\/parque-nacional-galapagos-primera-area-protegida-del-ecuador-celebro-54-anos-de-vida-institucional\/dsc_8138\/'><img loading=\"lazy\" decoding=\"async\" width=\"150\" height=\"150\" src=\"https:\/\/www.ambienteyenergia.gob.ec\/ambiente\/wp-content\/uploads\/sites\/2\/2013\/07\/DSC_8138-150x150.jpg\" class=\"attachment-thumbnail size-thumbnail\" alt=\"\" \/><\/a>\n\t\t\t<\/dt><\/dl><dl class='gallery-item'>\n\t\t\t<dt class='gallery-icon landscape'>\n\t\t\t\t<a href='https:\/\/www.ambienteyenergia.gob.ec\/ambiente\/parque-nacional-galapagos-primera-area-protegida-del-ecuador-celebro-54-anos-de-vida-institucional\/dsc_8136\/'><img loading=\"lazy\" decoding=\"async\" width=\"150\" height=\"150\" src=\"https:\/\/www.ambienteyenergia.gob.ec\/ambiente\/wp-content\/uploads\/sites\/2\/2013\/07\/DSC_8136-150x150.jpg\" class=\"attachment-thumbnail size-thumbnail\" alt=\"\" \/><\/a>\n\t\t\t<\/dt><\/dl><br style=\"clear: both\" \/><dl class='gallery-item'>\n\t\t\t<dt class='gallery-icon landscape'>\n\t\t\t\t<a href='https:\/\/www.ambienteyenergia.gob.ec\/ambiente\/parque-nacional-galapagos-primera-area-protegida-del-ecuador-celebro-54-anos-de-vida-institucional\/dsc_8216\/'><img loading=\"lazy\" decoding=\"async\" width=\"150\" height=\"150\" src=\"https:\/\/www.ambienteyenergia.gob.ec\/ambiente\/wp-content\/uploads\/sites\/2\/2013\/07\/DSC_8216-150x150.jpg\" class=\"attachment-thumbnail size-thumbnail\" alt=\"\" \/><\/a>\n\t\t\t<\/dt><\/dl><dl class='gallery-item'>\n\t\t\t<dt class='gallery-icon landscape'>\n\t\t\t\t<a href='https:\/\/www.ambienteyenergia.gob.ec\/ambiente\/parque-nacional-galapagos-primera-area-protegida-del-ecuador-celebro-54-anos-de-vida-institucional\/dsc_8133\/'><img loading=\"lazy\" decoding=\"async\" width=\"150\" height=\"150\" src=\"https:\/\/www.ambienteyenergia.gob.ec\/ambiente\/wp-content\/uploads\/sites\/2\/2013\/07\/DSC_8133-150x150.jpg\" class=\"attachment-thumbnail size-thumbnail\" alt=\"\" \/><\/a>\n\t\t\t<\/dt><\/dl><dl class='gallery-item'>\n\t\t\t<dt class='gallery-icon landscape'>\n\t\t\t\t<a href='https:\/\/www.ambienteyenergia.gob.ec\/ambiente\/parque-nacional-galapagos-primera-area-protegida-del-ecuador-celebro-54-anos-de-vida-institucional\/gala-1\/'><img loading=\"lazy\" decoding=\"async\" width=\"150\" height=\"150\" src=\"https:\/\/www.ambienteyenergia.gob.ec\/ambiente\/wp-content\/uploads\/sites\/2\/2013\/07\/GALA-1-150x150.jpg\" class=\"attachment-thumbnail size-thumbnail\" alt=\"\" \/><\/a>\n\t\t\t<\/dt><\/dl><dl class='gallery-item'>\n\t\t\t<dt class='gallery-icon landscape'>\n\t\t\t\t<a href='https:\/\/www.ambienteyenergia.gob.ec\/ambiente\/parque-nacional-galapagos-primera-area-protegida-del-ecuador-celebro-54-anos-de-vida-institucional\/gala-2-3\/'><img loading=\"lazy\" decoding=\"async\" width=\"150\" height=\"150\" src=\"https:\/\/www.ambienteyenergia.gob.ec\/ambiente\/wp-content\/uploads\/sites\/2\/2013\/07\/GALA-2-150x150.jpg\" class=\"attachment-thumbnail size-thumbnail\" alt=\"\" \/><\/a>\n\t\t\t<\/dt><\/dl><br style=\"clear: both\" \/><dl class='gallery-item'>\n\t\t\t<dt class='gallery-icon landscape'>\n\t\t\t\t<a href='https:\/\/www.ambienteyenergia.gob.ec\/ambiente\/parque-nacional-galapagos-primera-area-protegida-del-ecuador-celebro-54-anos-de-vida-institucional\/s-5\/'><img loading=\"lazy\" decoding=\"async\" width=\"150\" height=\"150\" src=\"https:\/\/www.ambienteyenergia.gob.ec\/ambiente\/wp-content\/uploads\/sites\/2\/2013\/07\/DSC060732-150x150.jpg\" class=\"attachment-thumbnail size-thumbnail\" alt=\"\" \/><\/a>\n\t\t\t<\/dt><\/dl><dl class='gallery-item'>\n\t\t\t<dt class='gallery-icon landscape'>\n\t\t\t\t<a href='https:\/\/www.ambienteyenergia.gob.ec\/ambiente\/parque-nacional-galapagos-primera-area-protegida-del-ecuador-celebro-54-anos-de-vida-institucional\/dsc_8234-2\/'><img loading=\"lazy\" decoding=\"async\" width=\"150\" height=\"150\" src=\"https:\/\/www.ambienteyenergia.gob.ec\/ambiente\/wp-content\/uploads\/sites\/2\/2013\/07\/DSC_82341-150x150.jpg\" class=\"attachment-thumbnail size-thumbnail\" alt=\"\" \/><\/a>\n\t\t\t<\/dt><\/dl><dl class='gallery-item'>\n\t\t\t<dt class='gallery-icon landscape'>\n\t\t\t\t<a href='https:\/\/www.ambienteyenergia.gob.ec\/ambiente\/parque-nacional-galapagos-primera-area-protegida-del-ecuador-celebro-54-anos-de-vida-institucional\/s-3\/'><img loading=\"lazy\" decoding=\"async\" width=\"150\" height=\"150\" src=\"https:\/\/www.ambienteyenergia.gob.ec\/ambiente\/wp-content\/uploads\/sites\/2\/2013\/07\/DSC06036-150x150.jpg\" class=\"attachment-thumbnail size-thumbnail\" alt=\"\" \/><\/a>\n\t\t\t<\/dt><\/dl><dl class='gallery-item'>\n\t\t\t<dt class='gallery-icon landscape'>\n\t\t\t\t<a href='https:\/\/www.ambienteyenergia.gob.ec\/ambiente\/parque-nacional-galapagos-primera-area-protegida-del-ecuador-celebro-54-anos-de-vida-institucional\/dsc_8087\/'><img loading=\"lazy\" decoding=\"async\" width=\"150\" height=\"150\" src=\"https:\/\/www.ambienteyenergia.gob.ec\/ambiente\/wp-content\/uploads\/sites\/2\/2013\/07\/DSC_8087-150x150.jpg\" class=\"attachment-thumbnail size-thumbnail\" alt=\"\" \/><\/a>\n\t\t\t<\/dt><\/dl><br style=\"clear: both\" \/><dl class='gallery-item'>\n\t\t\t<dt class='gallery-icon landscape'>\n\t\t\t\t<a href='https:\/\/www.ambienteyenergia.gob.ec\/ambiente\/parque-nacional-galapagos-primera-area-protegida-del-ecuador-celebro-54-anos-de-vida-institucional\/dsc_8091\/'><img loading=\"lazy\" decoding=\"async\" width=\"150\" height=\"150\" src=\"https:\/\/www.ambienteyenergia.gob.ec\/ambiente\/wp-content\/uploads\/sites\/2\/2013\/07\/DSC_8091-150x150.jpg\" class=\"attachment-thumbnail size-thumbnail\" alt=\"\" \/><\/a>\n\t\t\t<\/dt><\/dl><dl class='gallery-item'>\n\t\t\t<dt class='gallery-icon landscape'>\n\t\t\t\t<a href='https:\/\/www.ambienteyenergia.gob.ec\/ambiente\/parque-nacional-galapagos-primera-area-protegida-del-ecuador-celebro-54-anos-de-vida-institucional\/dsc_8098\/'><img loading=\"lazy\" decoding=\"async\" width=\"150\" height=\"150\" src=\"https:\/\/www.ambienteyenergia.gob.ec\/ambiente\/wp-content\/uploads\/sites\/2\/2013\/07\/DSC_8098-150x150.jpg\" class=\"attachment-thumbnail size-thumbnail\" alt=\"\" \/><\/a>\n\t\t\t<\/dt><\/dl><dl class='gallery-item'>\n\t\t\t<dt class='gallery-icon landscape'>\n\t\t\t\t<a href='https:\/\/www.ambienteyenergia.gob.ec\/ambiente\/parque-nacional-galapagos-primera-area-protegida-del-ecuador-celebro-54-anos-de-vida-institucional\/dsc_8085\/'><img loading=\"lazy\" decoding=\"async\" width=\"150\" height=\"150\" src=\"https:\/\/www.ambienteyenergia.gob.ec\/ambiente\/wp-content\/uploads\/sites\/2\/2013\/07\/DSC_8085-150x150.jpg\" class=\"attachment-thumbnail size-thumbnail\" alt=\"\" \/><\/a>\n\t\t\t<\/dt><\/dl><dl class='gallery-item'>\n\t\t\t<dt class='gallery-icon landscape'>\n\t\t\t\t<a href='https:\/\/www.ambienteyenergia.gob.ec\/ambiente\/parque-nacional-galapagos-primera-area-protegida-del-ecuador-celebro-54-anos-de-vida-institucional\/s-2\/'><img loading=\"lazy\" decoding=\"async\" width=\"150\" height=\"150\" src=\"https:\/\/www.ambienteyenergia.gob.ec\/ambiente\/wp-content\/uploads\/sites\/2\/2013\/07\/DSC06106-150x150.jpg\" class=\"attachment-thumbnail size-thumbnail\" alt=\"\" \/><\/a>\n\t\t\t<\/dt><\/dl><br style=\"clear: both\" \/><dl class='gallery-item'>\n\t\t\t<dt class='gallery-icon landscape'>\n\t\t\t\t<a href='https:\/\/www.ambienteyenergia.gob.ec\/ambiente\/parque-nacional-galapagos-primera-area-protegida-del-ecuador-celebro-54-anos-de-vida-institucional\/dsc_8156\/'><img loading=\"lazy\" decoding=\"async\" width=\"150\" height=\"150\" src=\"https:\/\/www.ambienteyenergia.gob.ec\/ambiente\/wp-content\/uploads\/sites\/2\/2013\/07\/DSC_8156-150x150.jpg\" class=\"attachment-thumbnail size-thumbnail\" alt=\"\" \/><\/a>\n\t\t\t<\/dt><\/dl>\n\t\t\t<br style='clear: both' \/>\n\t\t<\/div>\n\n<p>&nbsp;<\/p>\n<p>&nbsp;<\/p>\n<p>&nbsp;<\/p>\n","protected":false},"excerpt":{"rendered":"<p class=\"excerpt\">Hoy, el Ministerio del Ambiente (MAE), a trav\u00e9s de la Direcci\u00f3n del Parque Nacional Gal\u00e1pagos (DPNG, realiz\u00f3 una Sesi\u00f3n Solemne en conmemoraci\u00f3n al quincuag\u00e9simo aniversario de la creaci\u00f3n del Parque Nacional Gal\u00e1pagos. En este evento se present\u00f3 el \u201cInforme Gal\u00e1pagos\u201d, el cual contiene informaci\u00f3n sobre gesti\u00f3n en la Provincia; y una estampilla postal del \u201cSolitario George\u201d, como un homenaje efectuado&hellip; <a href=\"https:\/\/www.ambienteyenergia.gob.ec\/ambiente\/parque-nacional-galapagos-primera-area-protegida-del-ecuador-celebro-54-anos-de-vida-institucional\/\">Read more &rarr;<\/a><\/p>\n","protected":false},"author":13,"featured_media":12974,"comment_status":"open","ping_status":"open","sticky":false,"template":"","format":"standard","meta":{"footnotes":""},"categories":[16,4],"tags":[],"class_list":["post-12947","post","type-post","status-publish","format-standard","has-post-thumbnail","hentry","category-comunicamos","category-noticias","xfolkentry"],"_links":{"self":[{"href":"https:\/\/www.ambienteyenergia.gob.ec\/ambiente\/wp-json\/wp\/v2\/posts\/12947","targetHints":{"allow":["GET"]}}],"collection":[{"href":"https:\/\/www.ambienteyenergia.gob.ec\/ambiente\/wp-json\/wp\/v2\/posts"}],"about":[{"href":"https:\/\/www.ambienteyenergia.gob.ec\/ambiente\/wp-json\/wp\/v2\/types\/post"}],"author":[{"embeddable":true,"href":"https:\/\/www.ambienteyenergia.gob.ec\/ambiente\/wp-json\/wp\/v2\/users\/13"}],"replies":[{"embeddable":true,"href":"https:\/\/www.ambienteyenergia.gob.ec\/ambiente\/wp-json\/wp\/v2\/comments?post=12947"}],"version-history":[{"count":0,"href":"https:\/\/www.ambienteyenergia.gob.ec\/ambiente\/wp-json\/wp\/v2\/posts\/12947\/revisions"}],"wp:featuredmedia":[{"embeddable":true,"href":"https:\/\/www.ambienteyenergia.gob.ec\/ambiente\/wp-json\/wp\/v2\/media\/12974"}],"wp:attachment":[{"href":"https:\/\/www.ambienteyenergia.gob.ec\/ambiente\/wp-json\/wp\/v2\/media?parent=12947"}],"wp:term":[{"taxonomy":"category","embeddable":true,"href":"https:\/\/www.ambienteyenergia.gob.ec\/ambiente\/wp-json\/wp\/v2\/categories?post=12947"},{"taxonomy":"post_tag","embeddable":true,"href":"https:\/\/www.ambienteyenergia.gob.ec\/ambiente\/wp-json\/wp\/v2\/tags?post=12947"}],"curies":[{"name":"wp","href":"https:\/\/api.w.org\/{rel}","templated":true}]}}