{"id":12940,"date":"2013-07-04T15:57:49","date_gmt":"2013-07-04T20:57:49","guid":{"rendered":"http:\/\/www.ambiente.gob.ec\/?p=12940"},"modified":"2013-07-04T16:13:11","modified_gmt":"2013-07-04T21:13:11","slug":"periodista-experto-en-temas-ambientales-dicto-conferencia-sobre-comunicacion-estrategica-en-cambio-climatico","status":"publish","type":"post","link":"https:\/\/www.ambienteyenergia.gob.ec\/ambiente\/periodista-experto-en-temas-ambientales-dicto-conferencia-sobre-comunicacion-estrategica-en-cambio-climatico\/","title":{"rendered":"Periodista experto en temas ambientales dicto conferencia sobre comunicaci\u00f3n estrat\u00e9gica en cambio clim\u00e1tico"},"content":{"rendered":"<p style=\"text-align: justify;\">Definir el prop\u00f3sito, el contenido, la narrativa y el mensaje, el p\u00fablico meta y el emisor, son los puntos clave que se deben tomar en cuenta antes de emitir informaci\u00f3n sobre temas fundamentales y complejos como el cambio clim\u00e1tico y dem\u00e1s cuestiones ambientales, seg\u00fan explic\u00f3 esta ma\u00f1ana, el periodista brit\u00e1nico experto en materia ambiental, James Painter, en una conferencia organizada por la Embajada Brit\u00e1nica y el Ministerio del Ambiente del Ecuador (MAE).<\/p>\n<p style=\"text-align: justify;\">En la ponencia \u201cLos Retos de la Comunicaci\u00f3n Estrat\u00e9gica Ambiental\u201d, dictada con el objetivo de promover una comunicaci\u00f3n m\u00e1s cercana y efectiva, Painter destac\u00f3 la importancia de que los generadores de informaci\u00f3n como cient\u00edficos, periodistas\u00a0 y tomadores de decisiones tomen en cuenta los puntos mencionados para lograr impactar de manera positiva a la sociedad en general.<\/p>\n<p style=\"text-align: justify;\">En esta ronda de conferencias magistrales, adem\u00e1s del periodista brit\u00e1nico, participaron Eduardo Noboa, Subsecretaria de Cambio Clim\u00e1tico del MAE, y Orlando P\u00e9rez, Director de Diario El Tel\u00e9grafo.<\/p>\n<p style=\"text-align: justify;\">Durante su intervenci\u00f3n, Noboa se\u00f1al\u00f3 que el di\u00e1logo permanente con los Gobiernos Aut\u00f3nomos Descentralizados y con las comunidades es un proceso continuo que busca, en primer lugar, generar conciencia sobre las implicaciones del cambio clim\u00e1tico, y en segundo lugar, impulsar la incorporaci\u00f3n de sus criterios en la planificaci\u00f3n y toma de decisiones para implementar medidas de adaptaci\u00f3n y mitigaci\u00f3n que aseguren el desarrollo sostenible de la poblaci\u00f3n.<\/p>\n<p style=\"text-align: justify;\">Para Orlando P\u00e9rez, los comunicadores y periodistas deben utilizar formas alternativas para generar informaci\u00f3n, sobre todo en materia ambiental, debido a que, en la actualidad,\u00a0 estos temas no son prioritarios en las agendas medi\u00e1ticas. Adem\u00e1s, indic\u00f3 que es fundamental buscar la manera para que los temas significativos se vuelvan interesantes, seg\u00fan el p\u00fablico meta. Por ejemplo, construyendo historias de la realidad de la gente, usando la investigaci\u00f3n y decodificando contenidos cient\u00edficos\u00a0 en lenguaje sencillo, pero cargados de informaci\u00f3n relevante.<\/p>\n<p style=\"text-align: justify;\">Los participantes de esta conferencia tuvieron la oportunidad de realizar preguntas a los expositores y retroalimentar la informaci\u00f3n recibida.<\/p>\n<p>\u00a0<a href=\"http:\/\/www.ambienteyenergia.gob.ec\/ambiente\/wp-content\/uploads\/2013\/07\/DSC04347.jpg\"><img loading=\"lazy\" decoding=\"async\" class=\"aligncenter size-full wp-image-12942\" title=\"DSC04347\" src=\"http:\/\/www.ambienteyenergia.gob.ec\/ambiente\/wp-content\/uploads\/2013\/07\/DSC04347.jpg\" alt=\"\" width=\"650\" height=\"488\" \/><\/a><\/p>\n<p>&nbsp;<\/p>\n<p>&nbsp;<\/p>\n","protected":false},"excerpt":{"rendered":"<p class=\"excerpt\">Definir el prop\u00f3sito, el contenido, la narrativa y el mensaje, el p\u00fablico meta y el emisor, son los puntos clave que se deben tomar en cuenta antes de emitir informaci\u00f3n sobre temas fundamentales y complejos como el cambio clim\u00e1tico y dem\u00e1s cuestiones ambientales, seg\u00fan explic\u00f3 esta ma\u00f1ana, el periodista brit\u00e1nico experto en materia ambiental, James Painter, en una conferencia organizada&hellip; <a href=\"https:\/\/www.ambienteyenergia.gob.ec\/ambiente\/periodista-experto-en-temas-ambientales-dicto-conferencia-sobre-comunicacion-estrategica-en-cambio-climatico\/\">Read more &rarr;<\/a><\/p>\n","protected":false},"author":13,"featured_media":12945,"comment_status":"open","ping_status":"open","sticky":false,"template":"","format":"standard","meta":{"footnotes":""},"categories":[16,4],"tags":[],"class_list":["post-12940","post","type-post","status-publish","format-standard","has-post-thumbnail","hentry","category-comunicamos","category-noticias","xfolkentry"],"_links":{"self":[{"href":"https:\/\/www.ambienteyenergia.gob.ec\/ambiente\/wp-json\/wp\/v2\/posts\/12940","targetHints":{"allow":["GET"]}}],"collection":[{"href":"https:\/\/www.ambienteyenergia.gob.ec\/ambiente\/wp-json\/wp\/v2\/posts"}],"about":[{"href":"https:\/\/www.ambienteyenergia.gob.ec\/ambiente\/wp-json\/wp\/v2\/types\/post"}],"author":[{"embeddable":true,"href":"https:\/\/www.ambienteyenergia.gob.ec\/ambiente\/wp-json\/wp\/v2\/users\/13"}],"replies":[{"embeddable":true,"href":"https:\/\/www.ambienteyenergia.gob.ec\/ambiente\/wp-json\/wp\/v2\/comments?post=12940"}],"version-history":[{"count":0,"href":"https:\/\/www.ambienteyenergia.gob.ec\/ambiente\/wp-json\/wp\/v2\/posts\/12940\/revisions"}],"wp:featuredmedia":[{"embeddable":true,"href":"https:\/\/www.ambienteyenergia.gob.ec\/ambiente\/wp-json\/wp\/v2\/media\/12945"}],"wp:attachment":[{"href":"https:\/\/www.ambienteyenergia.gob.ec\/ambiente\/wp-json\/wp\/v2\/media?parent=12940"}],"wp:term":[{"taxonomy":"category","embeddable":true,"href":"https:\/\/www.ambienteyenergia.gob.ec\/ambiente\/wp-json\/wp\/v2\/categories?post=12940"},{"taxonomy":"post_tag","embeddable":true,"href":"https:\/\/www.ambienteyenergia.gob.ec\/ambiente\/wp-json\/wp\/v2\/tags?post=12940"}],"curies":[{"name":"wp","href":"https:\/\/api.w.org\/{rel}","templated":true}]}}