{"id":12936,"date":"2013-07-04T11:13:29","date_gmt":"2013-07-04T16:13:29","guid":{"rendered":"http:\/\/www.ambiente.gob.ec\/?p=12936"},"modified":"2013-07-04T11:13:29","modified_gmt":"2013-07-04T16:13:29","slug":"proyecto-huella-ecologica-se-socializo-en-bolivar","status":"publish","type":"post","link":"https:\/\/www.ambienteyenergia.gob.ec\/ambiente\/proyecto-huella-ecologica-se-socializo-en-bolivar\/","title":{"rendered":"Proyecto Huella Ecol\u00f3gica se socializ\u00f3 en Bol\u00edvar"},"content":{"rendered":"<p style=\"text-align: justify;\">Hoy, el Ministerio del Ambiente (MAE) realiz\u00f3 un taller de socializaci\u00f3n sobre el proyecto Huella Ecol\u00f3gica, en la parroquia \u00c1ngel Polibio Ch\u00e1vez del cant\u00f3n Guaranda, provincia de Bol\u00edvar. El objetivo fue concientizar a los asistentes sobre su aporte para la disminuci\u00f3n de la huella ecol\u00f3gica.<a href=\"http:\/\/www.ambienteyenergia.gob.ec\/ambiente\/wp-content\/uploads\/2013\/07\/Taller-2.jpg\"><br \/>\n<\/a><\/p>\n<p style=\"text-align: justify;\">En la capacitaci\u00f3n participaron representantes de las diversas Instituciones P\u00fablicas del cant\u00f3n Guaranda y estudiantes de la Universidad Estatal de Bol\u00edvar. El acto se realiz\u00f3 en el Auditorio de la Direcci\u00f3n Provincial de Salud y dur\u00f3 aproximadamente 3 horas.<\/p>\n<p style=\"text-align: justify;\">Funcionarios del MAE expusieron los conceptos b\u00e1sicos de Huella Ecol\u00f3gica (HE) y las alternativas que se pueden adoptar con la finalidad de contribuir con el cuidado de los recursos naturales. Asimismo, se proporcionaron tips y consejos pr\u00e1cticos para reducir la HE personal.<\/p>\n<p style=\"text-align: justify;\">El MAE promueve este tipo de iniciativas con el fin de instar en la poblaci\u00f3n el consumo sostenible de los recursos que provee la naturaleza.<\/p>\n<p style=\"text-align: justify;\"><strong>\u00bfQu\u00e9 es la Huella Ecol\u00f3gica?<\/strong><\/p>\n<p style=\"text-align: justify;\">La Huella Ecol\u00f3gica es un indicador ambiental que permite medir y evaluar el impacto que generan los patrones de consumo de la poblaci\u00f3n en el Planeta frente a la disponibilidad de recursos naturales existentes.<\/p>\n<p style=\"text-align: justify;\"><a href=\"http:\/\/www.ambienteyenergia.gob.ec\/ambiente\/wp-content\/uploads\/2013\/07\/Taller-2.jpg\"><img loading=\"lazy\" decoding=\"async\" class=\"aligncenter size-full wp-image-12938\" title=\"Taller-2\" src=\"http:\/\/www.ambienteyenergia.gob.ec\/ambiente\/wp-content\/uploads\/2013\/07\/Taller-2.jpg\" alt=\"\" width=\"650\" height=\"488\" srcset=\"https:\/\/www.ambienteyenergia.gob.ec\/ambiente\/wp-content\/uploads\/sites\/2\/2013\/07\/Taller-2.jpg 650w, https:\/\/www.ambienteyenergia.gob.ec\/ambiente\/wp-content\/uploads\/sites\/2\/2013\/07\/Taller-2-300x225.jpg 300w, https:\/\/www.ambienteyenergia.gob.ec\/ambiente\/wp-content\/uploads\/sites\/2\/2013\/07\/Taller-2-399x300.jpg 399w\" sizes=\"auto, (max-width: 650px) 100vw, 650px\" \/><\/a><\/p>\n","protected":false},"excerpt":{"rendered":"<p class=\"excerpt\">Hoy, el Ministerio del Ambiente (MAE) realiz\u00f3 un taller de socializaci\u00f3n sobre el proyecto Huella Ecol\u00f3gica, en la parroquia \u00c1ngel Polibio Ch\u00e1vez del cant\u00f3n Guaranda, provincia de Bol\u00edvar. El objetivo fue concientizar a los asistentes sobre su aporte para la disminuci\u00f3n de la huella ecol\u00f3gica. En la capacitaci\u00f3n participaron representantes de las diversas Instituciones P\u00fablicas del cant\u00f3n Guaranda y estudiantes&hellip; <a href=\"https:\/\/www.ambienteyenergia.gob.ec\/ambiente\/proyecto-huella-ecologica-se-socializo-en-bolivar\/\">Read more &rarr;<\/a><\/p>\n","protected":false},"author":13,"featured_media":12937,"comment_status":"open","ping_status":"open","sticky":false,"template":"","format":"standard","meta":{"footnotes":""},"categories":[16,4],"tags":[],"class_list":["post-12936","post","type-post","status-publish","format-standard","has-post-thumbnail","hentry","category-comunicamos","category-noticias","xfolkentry"],"_links":{"self":[{"href":"https:\/\/www.ambienteyenergia.gob.ec\/ambiente\/wp-json\/wp\/v2\/posts\/12936","targetHints":{"allow":["GET"]}}],"collection":[{"href":"https:\/\/www.ambienteyenergia.gob.ec\/ambiente\/wp-json\/wp\/v2\/posts"}],"about":[{"href":"https:\/\/www.ambienteyenergia.gob.ec\/ambiente\/wp-json\/wp\/v2\/types\/post"}],"author":[{"embeddable":true,"href":"https:\/\/www.ambienteyenergia.gob.ec\/ambiente\/wp-json\/wp\/v2\/users\/13"}],"replies":[{"embeddable":true,"href":"https:\/\/www.ambienteyenergia.gob.ec\/ambiente\/wp-json\/wp\/v2\/comments?post=12936"}],"version-history":[{"count":0,"href":"https:\/\/www.ambienteyenergia.gob.ec\/ambiente\/wp-json\/wp\/v2\/posts\/12936\/revisions"}],"wp:featuredmedia":[{"embeddable":true,"href":"https:\/\/www.ambienteyenergia.gob.ec\/ambiente\/wp-json\/wp\/v2\/media\/12937"}],"wp:attachment":[{"href":"https:\/\/www.ambienteyenergia.gob.ec\/ambiente\/wp-json\/wp\/v2\/media?parent=12936"}],"wp:term":[{"taxonomy":"category","embeddable":true,"href":"https:\/\/www.ambienteyenergia.gob.ec\/ambiente\/wp-json\/wp\/v2\/categories?post=12936"},{"taxonomy":"post_tag","embeddable":true,"href":"https:\/\/www.ambienteyenergia.gob.ec\/ambiente\/wp-json\/wp\/v2\/tags?post=12936"}],"curies":[{"name":"wp","href":"https:\/\/api.w.org\/{rel}","templated":true}]}}