{"id":12924,"date":"2013-07-03T15:15:35","date_gmt":"2013-07-03T20:15:35","guid":{"rendered":"http:\/\/www.ambiente.gob.ec\/?p=12924"},"modified":"2013-07-03T15:15:35","modified_gmt":"2013-07-03T20:15:35","slug":"experto-britanico-en-temas-ambientales-dicto-conferencia-en-galapagos","status":"publish","type":"post","link":"https:\/\/www.ambienteyenergia.gob.ec\/ambiente\/experto-britanico-en-temas-ambientales-dicto-conferencia-en-galapagos\/","title":{"rendered":"Experto brit\u00e1nico en temas ambientales dict\u00f3 conferencia en Gal\u00e1pagos"},"content":{"rendered":"<p align=\"JUSTIFY\"><span style=\"color: #000000;\">El Ministerio del Ambiente (MAE) y la Embajada Brit\u00e1nica realizaron la conferencia-taller \u201cLos Retos de la Comunicaci\u00f3n Estrat\u00e9gica Ambiental\u201d, los d\u00edas 1 y 2 de julio, en la Isla Santa Cruz y Puerto Ayora, Provincia de Gal\u00e1pagos.<\/span><\/p>\n<p align=\"JUSTIFY\"><span style=\"color: #000000;\">Este evento se efectu\u00f3 con el objetivo de promover una comunicaci\u00f3n m\u00e1s efectiva sobre el cambio clim\u00e1tico y temas ambientales en el Ecuador. El taller fue dictado por el periodista brit\u00e1nico experto en temas ambientales, James Painter.<\/span><\/p>\n<p align=\"JUSTIFY\"><span style=\"color: #000000;\">James Painter destac\u00f3 en su exposici\u00f3n que es importante que los generadores de la informaci\u00f3n como cient\u00edficos, deben definir claramente el prop\u00f3sito, el mensaje y el p\u00fablico meta antes de emitir esa informaci\u00f3n, de esta manera lograr que sea m\u00e1s efectiva a la sociedad civil. <\/span><\/p>\n<p align=\"JUSTIFY\"><span style=\"color: #000000;\">Asimismo, Christian Parra, Director Nacional de Mitigaci\u00f3n de Cambio Clim\u00e1tico, acompa\u00f1ado de t\u00e9cnicos especialistas en el tema, expuso sobre la gesti\u00f3n del Gobierno Nacional en torno al cambo clim\u00e1tico y la responsabilidad de comunicarlo eficazmente.<\/span><\/p>\n<p align=\"JUSTIFY\"><span style=\"color: #000000;\">Este evento cont\u00f3 con el apoyo de diferentes organizaciones no gubernamentales como Alianza Clima y Desarrollo (CDKN por sus siglas en ingl\u00e9s), Fundaci\u00f3n Futuro Latinoamericano, Uni\u00f3n Europea, FUNDAR Gal\u00e1pagos y WWF.<\/span><\/p>\n<p align=\"JUSTIFY\"><strong><span style=\"color: #000000;\">El Dato<\/span><\/strong><\/p>\n<p align=\"JUSTIFY\"><span style=\"color: #000000;\"><span style=\"font-family: FreeSans;\"><span style=\"font-size: medium;\">Este evento se replicar\u00e1 el d\u00eda jueves 4 de julio en la ciudad de Quito y se llevar\u00e1 a cabo en el Hemiciclo de la FLACSO, desde las 8:30 a las 12:30<\/span><\/span><\/span><\/p>\n<p align=\"JUSTIFY\">\u00a0<a href=\"http:\/\/www.ambienteyenergia.gob.ec\/ambiente\/wp-content\/uploads\/2013\/07\/DSC01386.jpg\"><img loading=\"lazy\" decoding=\"async\" class=\"aligncenter size-full wp-image-12928\" title=\"James Painter\" src=\"http:\/\/www.ambienteyenergia.gob.ec\/ambiente\/wp-content\/uploads\/2013\/07\/DSC01386.jpg\" alt=\"\" width=\"650\" height=\"488\" srcset=\"https:\/\/www.ambienteyenergia.gob.ec\/ambiente\/wp-content\/uploads\/sites\/2\/2013\/07\/DSC01386.jpg 650w, https:\/\/www.ambienteyenergia.gob.ec\/ambiente\/wp-content\/uploads\/sites\/2\/2013\/07\/DSC01386-300x225.jpg 300w, https:\/\/www.ambienteyenergia.gob.ec\/ambiente\/wp-content\/uploads\/sites\/2\/2013\/07\/DSC01386-399x300.jpg 399w\" sizes=\"auto, (max-width: 650px) 100vw, 650px\" \/><\/a><a href=\"http:\/\/www.ambienteyenergia.gob.ec\/ambiente\/wp-content\/uploads\/2013\/07\/DSC01271.jpg\"><img loading=\"lazy\" decoding=\"async\" class=\"aligncenter size-full wp-image-12927\" title=\"James Painter\" src=\"http:\/\/www.ambienteyenergia.gob.ec\/ambiente\/wp-content\/uploads\/2013\/07\/DSC01271.jpg\" alt=\"\" width=\"650\" height=\"488\" srcset=\"https:\/\/www.ambienteyenergia.gob.ec\/ambiente\/wp-content\/uploads\/sites\/2\/2013\/07\/DSC01271.jpg 650w, https:\/\/www.ambienteyenergia.gob.ec\/ambiente\/wp-content\/uploads\/sites\/2\/2013\/07\/DSC01271-300x225.jpg 300w, https:\/\/www.ambienteyenergia.gob.ec\/ambiente\/wp-content\/uploads\/sites\/2\/2013\/07\/DSC01271-399x300.jpg 399w\" sizes=\"auto, (max-width: 650px) 100vw, 650px\" \/><\/a><\/p>\n<p align=\"JUSTIFY\">\n","protected":false},"excerpt":{"rendered":"<p class=\"excerpt\">El Ministerio del Ambiente (MAE) y la Embajada Brit\u00e1nica realizaron la conferencia-taller \u201cLos Retos de la Comunicaci\u00f3n Estrat\u00e9gica Ambiental\u201d, los d\u00edas 1 y 2 de julio, en la Isla Santa Cruz y Puerto Ayora, Provincia de Gal\u00e1pagos. Este evento se efectu\u00f3 con el objetivo de promover una comunicaci\u00f3n m\u00e1s efectiva sobre el cambio clim\u00e1tico y temas ambientales en el Ecuador.&hellip; <a href=\"https:\/\/www.ambienteyenergia.gob.ec\/ambiente\/experto-britanico-en-temas-ambientales-dicto-conferencia-en-galapagos\/\">Read more &rarr;<\/a><\/p>\n","protected":false},"author":13,"featured_media":12926,"comment_status":"open","ping_status":"open","sticky":false,"template":"","format":"standard","meta":{"footnotes":""},"categories":[16,4],"tags":[],"class_list":["post-12924","post","type-post","status-publish","format-standard","has-post-thumbnail","hentry","category-comunicamos","category-noticias","xfolkentry"],"_links":{"self":[{"href":"https:\/\/www.ambienteyenergia.gob.ec\/ambiente\/wp-json\/wp\/v2\/posts\/12924","targetHints":{"allow":["GET"]}}],"collection":[{"href":"https:\/\/www.ambienteyenergia.gob.ec\/ambiente\/wp-json\/wp\/v2\/posts"}],"about":[{"href":"https:\/\/www.ambienteyenergia.gob.ec\/ambiente\/wp-json\/wp\/v2\/types\/post"}],"author":[{"embeddable":true,"href":"https:\/\/www.ambienteyenergia.gob.ec\/ambiente\/wp-json\/wp\/v2\/users\/13"}],"replies":[{"embeddable":true,"href":"https:\/\/www.ambienteyenergia.gob.ec\/ambiente\/wp-json\/wp\/v2\/comments?post=12924"}],"version-history":[{"count":0,"href":"https:\/\/www.ambienteyenergia.gob.ec\/ambiente\/wp-json\/wp\/v2\/posts\/12924\/revisions"}],"wp:featuredmedia":[{"embeddable":true,"href":"https:\/\/www.ambienteyenergia.gob.ec\/ambiente\/wp-json\/wp\/v2\/media\/12926"}],"wp:attachment":[{"href":"https:\/\/www.ambienteyenergia.gob.ec\/ambiente\/wp-json\/wp\/v2\/media?parent=12924"}],"wp:term":[{"taxonomy":"category","embeddable":true,"href":"https:\/\/www.ambienteyenergia.gob.ec\/ambiente\/wp-json\/wp\/v2\/categories?post=12924"},{"taxonomy":"post_tag","embeddable":true,"href":"https:\/\/www.ambienteyenergia.gob.ec\/ambiente\/wp-json\/wp\/v2\/tags?post=12924"}],"curies":[{"name":"wp","href":"https:\/\/api.w.org\/{rel}","templated":true}]}}