{"id":12915,"date":"2013-07-03T15:02:29","date_gmt":"2013-07-03T20:02:29","guid":{"rendered":"http:\/\/www.ambiente.gob.ec\/?p=12915"},"modified":"2013-07-04T10:02:53","modified_gmt":"2013-07-04T15:02:53","slug":"manana-celebramos-el-54-aniversario-de-la-creacion-del-parque-nacional-galapagos","status":"publish","type":"post","link":"https:\/\/www.ambienteyenergia.gob.ec\/ambiente\/manana-celebramos-el-54-aniversario-de-la-creacion-del-parque-nacional-galapagos\/","title":{"rendered":"Hoy celebramos el 54.\u00b0 aniversario de la creaci\u00f3n del Parque Nacional Gal\u00e1pagos"},"content":{"rendered":"<p style=\"text-align: justify;\">Hoy, 4 de julio, se celebra el quincuag\u00e9simo aniversario de la creaci\u00f3n del Parque Nacional Gal\u00e1pagos, primera \u00c1rea Protegida del Ecuador. En un evento conmemorativo, se reconocer\u00e1 el estado de conservaci\u00f3n que se ha logrado a trav\u00e9s de los programas y proyectos que emprende el Ministerio del Ambiente (MAE), a trav\u00e9s de la Direcci\u00f3n del Parque Nacional Gal\u00e1pagos (DPNG).<\/p>\n<p style=\"text-align: justify;\">Durante de la Sesi\u00f3n Solemne, que se realizar\u00e1 en las instalaciones de la DPNG, se presentar\u00e1 el \u00abInforme Gal\u00e1pagos\u00bb, el cual contiene informaci\u00f3n sobre los dos \u00faltimos a\u00f1os de gesti\u00f3n en la Provincia, y una estampilla postal en homenaje al Solitario Jorge.<\/p>\n<p style=\"text-align: justify;\">El viernes 5 de julio, se llevar\u00e1 a cabo una ma\u00f1ana de integraci\u00f3n entre los funcionarios. En horas de la tarde, en el Parque San Francisco, se cerrar\u00e1n las celebraciones con el evento denominado \u00abNuestra Cultura\u00bb. En esta actividad, que estar\u00e1 abierta a la comunidad, se presentar\u00e1n artistas locales y grupos de danza.<\/p>\n<p style=\"text-align: justify;\">El homenaje empez\u00f3 hoy con una minga de limpieza organizada a nivel provincial con la participaci\u00f3n de los guardaparques. \u00c9sta se desarroll\u00f3 en diferentes tramos. El objetivo no es solo recolectar desechos, sino intervenir con un enfoque educativo para los usuarios de las v\u00edas, a trav\u00e9s de mensajes para la aplicaci\u00f3n de buenas pr\u00e1cticas ambientales<\/p>\n<p style=\"text-align: justify;\"><strong>Datos importantes:<\/strong><\/p>\n<ul style=\"text-align: justify;\">\n<li>En 1959, el Estado ecuatoriano reconoci\u00f3 oficialmente la importancia de este rico patrimonio natural, protegiendo bajo la figura de Parque Nacional a cerca de un 97% de la superficie emergida del archipi\u00e9lago. A esta declaratoria le siguieron numerosos reconocimientos de \u00e1mbito nacional e internacional que no hacen m\u00e1s que poner de relieve el enorme valor de Gal\u00e1pagos para el Ecuador y para el mundo.<\/li>\n<\/ul>\n<ul style=\"text-align: justify;\">\n<li>Los primeros esfuerzos de conservaci\u00f3n de Gal\u00e1pagos se dieron en 1934 y 1936, cuando el Gobierno decret\u00f3 algunas especies y \u00e1reas del archipi\u00e9lago como protegidas.<\/li>\n<\/ul>\n<ul style=\"text-align: justify;\">\n<li>En 1979, se definieron oficialmente los l\u00edmites del Parque. As\u00ed, el 96,7% de la superficie terrestre del archipi\u00e9lago pas\u00f3 a formar parte del \u00e1rea protegida y el 3,3% restante qued\u00f3 destinado al uso y usufructo de los asentamientos humanos ubicados en cuatro islas (Floreana, Isabela, San Crist\u00f3bal y Santa Cruz).<\/li>\n<\/ul>\n<ul style=\"text-align: justify;\">\n<li>El Parque Nacional Gal\u00e1pagos ha demostrado ser la base principal del desarrollo econ\u00f3mico de la Provincia y fuente importante de divisas para el pa\u00eds. La principal actividad econ\u00f3mica en las islas es el ecoturismo, sustentado sobre las pol\u00edticas y acciones de conservaci\u00f3n ejecutadas por el MAE, a trav\u00e9s de la Direcci\u00f3n del Parque Nacional Gal\u00e1pagos, que han mantenido en buen estado los ecosistemas y la biodiversidad que constituyen el principal atractivo tur\u00edstico del archipi\u00e9lago. Por ello, Gal\u00e1pagos constituye uno de los mejores ejemplos a nivel mundial que muestran c\u00f3mo la conservaci\u00f3n vinculada a las \u00e1reas naturales protegidas puede convertirse en una actividad rentable, capaz de mejorar la calidad de vida de las poblaciones locales y contribuir al desarrollo econ\u00f3mico de los pa\u00edses.<\/li>\n<\/ul>\n<ul>\n<li style=\"text-align: justify;\">La sociedad galapague\u00f1a, si quiere potenciar de manera sustentable, es decir, sin debilitamientos ni colapsos, un sistema socio-econ\u00f3micamente sano y de esta forma mantener un capital construido (patrimonio de edificios, carreteras, maquinaria, etc.), un capital social (instituciones) y un capital humano (cultura, educaci\u00f3n y salud), no puede sobrepasar la capacidad de suministro de bienes y servicios de las reservas de capital natural, ni la capacidad de admisi\u00f3n de residuos de los ecosistemas que explota.<\/li>\n<\/ul>\n","protected":false},"excerpt":{"rendered":"<p class=\"excerpt\">Hoy, 4 de julio, se celebra el quincuag\u00e9simo aniversario de la creaci\u00f3n del Parque Nacional Gal\u00e1pagos, primera \u00c1rea Protegida del Ecuador. En un evento conmemorativo, se reconocer\u00e1 el estado de conservaci\u00f3n que se ha logrado a trav\u00e9s de los programas y proyectos que emprende el Ministerio del Ambiente (MAE), a trav\u00e9s de la Direcci\u00f3n del Parque Nacional Gal\u00e1pagos (DPNG). Durante&hellip; <a href=\"https:\/\/www.ambienteyenergia.gob.ec\/ambiente\/manana-celebramos-el-54-aniversario-de-la-creacion-del-parque-nacional-galapagos\/\">Read more &rarr;<\/a><\/p>\n","protected":false},"author":13,"featured_media":12930,"comment_status":"open","ping_status":"open","sticky":false,"template":"","format":"standard","meta":{"footnotes":""},"categories":[16,4],"tags":[],"class_list":["post-12915","post","type-post","status-publish","format-standard","has-post-thumbnail","hentry","category-comunicamos","category-noticias","xfolkentry"],"_links":{"self":[{"href":"https:\/\/www.ambienteyenergia.gob.ec\/ambiente\/wp-json\/wp\/v2\/posts\/12915","targetHints":{"allow":["GET"]}}],"collection":[{"href":"https:\/\/www.ambienteyenergia.gob.ec\/ambiente\/wp-json\/wp\/v2\/posts"}],"about":[{"href":"https:\/\/www.ambienteyenergia.gob.ec\/ambiente\/wp-json\/wp\/v2\/types\/post"}],"author":[{"embeddable":true,"href":"https:\/\/www.ambienteyenergia.gob.ec\/ambiente\/wp-json\/wp\/v2\/users\/13"}],"replies":[{"embeddable":true,"href":"https:\/\/www.ambienteyenergia.gob.ec\/ambiente\/wp-json\/wp\/v2\/comments?post=12915"}],"version-history":[{"count":0,"href":"https:\/\/www.ambienteyenergia.gob.ec\/ambiente\/wp-json\/wp\/v2\/posts\/12915\/revisions"}],"wp:featuredmedia":[{"embeddable":true,"href":"https:\/\/www.ambienteyenergia.gob.ec\/ambiente\/wp-json\/wp\/v2\/media\/12930"}],"wp:attachment":[{"href":"https:\/\/www.ambienteyenergia.gob.ec\/ambiente\/wp-json\/wp\/v2\/media?parent=12915"}],"wp:term":[{"taxonomy":"category","embeddable":true,"href":"https:\/\/www.ambienteyenergia.gob.ec\/ambiente\/wp-json\/wp\/v2\/categories?post=12915"},{"taxonomy":"post_tag","embeddable":true,"href":"https:\/\/www.ambienteyenergia.gob.ec\/ambiente\/wp-json\/wp\/v2\/tags?post=12915"}],"curies":[{"name":"wp","href":"https:\/\/api.w.org\/{rel}","templated":true}]}}