{"id":12912,"date":"2013-07-03T11:20:37","date_gmt":"2013-07-03T16:20:37","guid":{"rendered":"http:\/\/www.ambiente.gob.ec\/?p=12912"},"modified":"2013-07-03T11:20:37","modified_gmt":"2013-07-03T16:20:37","slug":"mae-dispone-15-dias-de-plazo-a-empresa-de-agua-potable-y-alcantarillado-de-portoviejo-por-incumplimiento-de-normas-tecnicas","status":"publish","type":"post","link":"https:\/\/www.ambienteyenergia.gob.ec\/ambiente\/mae-dispone-15-dias-de-plazo-a-empresa-de-agua-potable-y-alcantarillado-de-portoviejo-por-incumplimiento-de-normas-tecnicas\/","title":{"rendered":"MAE  dispone 15 d\u00edas de plazo a Empresa de Agua Potable y Alcantarillado de Portoviejo por  incumplimiento de normas t\u00e9cnicas"},"content":{"rendered":"<p style=\"text-align: justify;\">El Ministerio del Ambiente (MAE), a trav\u00e9s de la Direcci\u00f3n Provincial de Manab\u00ed, realiz\u00f3 una inspecci\u00f3n de campo tras haber recibido una denuncia por emanaci\u00f3n de olores putrefactos en el sector 5 de Junio, deduci\u00e9ndose que pod\u00edan originarse de descargas de aguas residuales al r\u00edo Portoviejo, provenientes de las lagunas de oxidaci\u00f3n en el cant\u00f3n Portoviejo.<\/p>\n<p style=\"text-align: justify;\">Con base en el Texto Unificado de Legislaci\u00f3n Ambiental Secundaria (TULAS), t\u00e9cnicos de esta Cartera de Estado recorrieron el sector y determinaron que efectivamente existe un cajet\u00edn que descarga aguas residuales a el r\u00edo. La contaminaci\u00f3n \u00a0se evidencia por olores putrefactos que se desprenden de plantaciones cercanas, por lo que cree que esas aguas \u00a0son utilizadas para el sistema de regio .<\/p>\n<p style=\"text-align: justify;\">Los resultados del informe efectuado determinaron que se incumpli\u00f3 normas t\u00e9cnicas y otras obligaciones \u00a0ambientales por parte de Empresa P\u00fablica Municipal de Agua Potable y Alcantarillado de Portoviejo (EPMAPAP). En raz\u00f3n de no haber considerado lo dispuesto en las normas de emisi\u00f3n y descarga, as\u00ed como, la aplicaci\u00f3n de medidas correctivas oportunas y eficientes para el control de las descargas de efluentes residuales; el MAE, como principal Autoridad Ambiental del pa\u00eds, dispone que en el plazo de 15 d\u00edas improrrogables, se remita un Plan de Acci\u00f3n que contemple entre otros los siguientes requerimientos: caracterizaci\u00f3n f\u00edsico-qu\u00edmica y biol\u00f3gica de las aguas residuales, un Plan de Remediaci\u00f3n Ambiental e incluir un cronograma de las medidas ambientales correctivas a aplicarse.<\/p>\n<p style=\"text-align: justify;\">El Ministerio del Ambiente realizar\u00e1 el seguimiento y monitoreo de la implementaci\u00f3n de las medidas ambientales adjuntas al Plan de Remediaci\u00f3n Ambiental, por lo que las autoridades competentes deber\u00e1n prestar todas las facilidades a los t\u00e9cnicos del MAE para que puedan realizar la verificaci\u00f3n correspondiente de su cumplimiento.<\/p>\n<p>&nbsp;<\/p>\n","protected":false},"excerpt":{"rendered":"<p class=\"excerpt\">El Ministerio del Ambiente (MAE), a trav\u00e9s de la Direcci\u00f3n Provincial de Manab\u00ed, realiz\u00f3 una inspecci\u00f3n de campo tras haber recibido una denuncia por emanaci\u00f3n de olores putrefactos en el sector 5 de Junio, deduci\u00e9ndose que pod\u00edan originarse de descargas de aguas residuales al r\u00edo Portoviejo, provenientes de las lagunas de oxidaci\u00f3n en el cant\u00f3n Portoviejo. Con base en el&hellip; <a href=\"https:\/\/www.ambienteyenergia.gob.ec\/ambiente\/mae-dispone-15-dias-de-plazo-a-empresa-de-agua-potable-y-alcantarillado-de-portoviejo-por-incumplimiento-de-normas-tecnicas\/\">Read more &rarr;<\/a><\/p>\n","protected":false},"author":13,"featured_media":12913,"comment_status":"open","ping_status":"open","sticky":false,"template":"","format":"standard","meta":{"footnotes":""},"categories":[16,4],"tags":[],"class_list":["post-12912","post","type-post","status-publish","format-standard","has-post-thumbnail","hentry","category-comunicamos","category-noticias","xfolkentry"],"_links":{"self":[{"href":"https:\/\/www.ambienteyenergia.gob.ec\/ambiente\/wp-json\/wp\/v2\/posts\/12912","targetHints":{"allow":["GET"]}}],"collection":[{"href":"https:\/\/www.ambienteyenergia.gob.ec\/ambiente\/wp-json\/wp\/v2\/posts"}],"about":[{"href":"https:\/\/www.ambienteyenergia.gob.ec\/ambiente\/wp-json\/wp\/v2\/types\/post"}],"author":[{"embeddable":true,"href":"https:\/\/www.ambienteyenergia.gob.ec\/ambiente\/wp-json\/wp\/v2\/users\/13"}],"replies":[{"embeddable":true,"href":"https:\/\/www.ambienteyenergia.gob.ec\/ambiente\/wp-json\/wp\/v2\/comments?post=12912"}],"version-history":[{"count":0,"href":"https:\/\/www.ambienteyenergia.gob.ec\/ambiente\/wp-json\/wp\/v2\/posts\/12912\/revisions"}],"wp:featuredmedia":[{"embeddable":true,"href":"https:\/\/www.ambienteyenergia.gob.ec\/ambiente\/wp-json\/wp\/v2\/media\/12913"}],"wp:attachment":[{"href":"https:\/\/www.ambienteyenergia.gob.ec\/ambiente\/wp-json\/wp\/v2\/media?parent=12912"}],"wp:term":[{"taxonomy":"category","embeddable":true,"href":"https:\/\/www.ambienteyenergia.gob.ec\/ambiente\/wp-json\/wp\/v2\/categories?post=12912"},{"taxonomy":"post_tag","embeddable":true,"href":"https:\/\/www.ambienteyenergia.gob.ec\/ambiente\/wp-json\/wp\/v2\/tags?post=12912"}],"curies":[{"name":"wp","href":"https:\/\/api.w.org\/{rel}","templated":true}]}}