{"id":12896,"date":"2013-07-02T15:56:19","date_gmt":"2013-07-02T20:56:19","guid":{"rendered":"http:\/\/www.ambiente.gob.ec\/?p=12896"},"modified":"2013-07-02T16:25:39","modified_gmt":"2013-07-02T21:25:39","slug":"12896","status":"publish","type":"post","link":"https:\/\/www.ambienteyenergia.gob.ec\/ambiente\/12896\/","title":{"rendered":"Ministerio del Ambiente particip\u00f3 en la Sexta Reuni\u00f3n del Comit\u00e9 Ejecutivo de Tecnolog\u00eda"},"content":{"rendered":"<p style=\"text-align: justify;\">El Ministerio del Ambiente (MAE) particip\u00f3 en la Sexta Reuni\u00f3n del Comit\u00e9 Ejecutivo de Tecnolog\u00eda (TEC) de la\u00a0 Convenci\u00f3n Marco de las Naciones Unidas sobre Cambio Clim\u00e1tico (CMNUCC), en la ciudad de Bonn- Alemania del 25 al 28 de junio.<\/p>\n<p style=\"text-align: justify;\">Eduardo Noboa, Subsecretario de Cambio Clim\u00e1tico, represent\u00f3 al Ecuador como delegado del Grupo de Am\u00e9rica Latina y el Caribe (GRULAC). El objetivo de su intervenci\u00f3n fue posicionar las iniciativas del pa\u00eds.<\/p>\n<p style=\"text-align: justify;\">Ecuador tuvo la oportunidad de exponer temas de su inter\u00e9s, a trav\u00e9s de intervenciones en las plenarias del TEC, donde se destac\u00f3 el rol del Mecanismo de Tecnolog\u00eda para mejorar las actividades de Investigaci\u00f3n, Desarrollo y Prueba (RODD), que incluye ser un facilitador del proceso de remoci\u00f3n de barreras, crear una cooperaci\u00f3n global (p\u00fablica y privada) con el Centro de Tecnolog\u00eda y Redes de Cambio Clim\u00e1tico (CTCN), dinamizar mecanismos financieros hacia tecnolog\u00edas priorizadas e identificadas por los TNA\u2019s (Evaluaci\u00f3n Nacional de Necesidades Tecnol\u00f3gicas) y asesorar a los gobiernos en el proceso de formulaci\u00f3n de pol\u00edticas.<\/p>\n<p style=\"text-align: justify;\">Asimismo, se promovi\u00f3 una nueva interpretaci\u00f3n de los <strong><em>enablers<\/em><\/strong> (facilitadores de transferencia), para que sean concebidos como los impulsadores al desarrollo de tecnolog\u00eda en pa\u00edses en desarrollo. Adem\u00e1s, se inst\u00f3 a la no importaci\u00f3n de dicha tecnolog\u00eda desde pa\u00edses desarrollados.<\/p>\n<p style=\"text-align: justify;\"><strong>El dato<\/strong><\/p>\n<p style=\"text-align: justify;\">Uno de los requerimientos que se mencionaron es que la transferencia tecnol\u00f3gica tenga como enfoque las acciones de adaptaci\u00f3n y mitigaci\u00f3n.<\/p>\n<p style=\"text-align: justify;\">\n","protected":false},"excerpt":{"rendered":"<p class=\"excerpt\">El Ministerio del Ambiente (MAE) particip\u00f3 en la Sexta Reuni\u00f3n del Comit\u00e9 Ejecutivo de Tecnolog\u00eda (TEC) de la\u00a0 Convenci\u00f3n Marco de las Naciones Unidas sobre Cambio Clim\u00e1tico (CMNUCC), en la ciudad de Bonn- Alemania del 25 al 28 de junio. Eduardo Noboa, Subsecretario de Cambio Clim\u00e1tico, represent\u00f3 al Ecuador como delegado del Grupo de Am\u00e9rica Latina y el Caribe (GRULAC).&hellip; <a href=\"https:\/\/www.ambienteyenergia.gob.ec\/ambiente\/12896\/\">Read more &rarr;<\/a><\/p>\n","protected":false},"author":13,"featured_media":12899,"comment_status":"open","ping_status":"open","sticky":false,"template":"","format":"standard","meta":{"footnotes":""},"categories":[16,4],"tags":[],"class_list":["post-12896","post","type-post","status-publish","format-standard","has-post-thumbnail","hentry","category-comunicamos","category-noticias","xfolkentry"],"_links":{"self":[{"href":"https:\/\/www.ambienteyenergia.gob.ec\/ambiente\/wp-json\/wp\/v2\/posts\/12896","targetHints":{"allow":["GET"]}}],"collection":[{"href":"https:\/\/www.ambienteyenergia.gob.ec\/ambiente\/wp-json\/wp\/v2\/posts"}],"about":[{"href":"https:\/\/www.ambienteyenergia.gob.ec\/ambiente\/wp-json\/wp\/v2\/types\/post"}],"author":[{"embeddable":true,"href":"https:\/\/www.ambienteyenergia.gob.ec\/ambiente\/wp-json\/wp\/v2\/users\/13"}],"replies":[{"embeddable":true,"href":"https:\/\/www.ambienteyenergia.gob.ec\/ambiente\/wp-json\/wp\/v2\/comments?post=12896"}],"version-history":[{"count":0,"href":"https:\/\/www.ambienteyenergia.gob.ec\/ambiente\/wp-json\/wp\/v2\/posts\/12896\/revisions"}],"wp:featuredmedia":[{"embeddable":true,"href":"https:\/\/www.ambienteyenergia.gob.ec\/ambiente\/wp-json\/wp\/v2\/media\/12899"}],"wp:attachment":[{"href":"https:\/\/www.ambienteyenergia.gob.ec\/ambiente\/wp-json\/wp\/v2\/media?parent=12896"}],"wp:term":[{"taxonomy":"category","embeddable":true,"href":"https:\/\/www.ambienteyenergia.gob.ec\/ambiente\/wp-json\/wp\/v2\/categories?post=12896"},{"taxonomy":"post_tag","embeddable":true,"href":"https:\/\/www.ambienteyenergia.gob.ec\/ambiente\/wp-json\/wp\/v2\/tags?post=12896"}],"curies":[{"name":"wp","href":"https:\/\/api.w.org\/{rel}","templated":true}]}}