{"id":12890,"date":"2013-07-02T14:24:52","date_gmt":"2013-07-02T19:24:52","guid":{"rendered":"http:\/\/www.ambiente.gob.ec\/?p=12890"},"modified":"2013-07-02T14:24:52","modified_gmt":"2013-07-02T19:24:52","slug":"cuatro-boas-constrictor-fueron-decomisadas-en-napo","status":"publish","type":"post","link":"https:\/\/www.ambienteyenergia.gob.ec\/ambiente\/cuatro-boas-constrictor-fueron-decomisadas-en-napo\/","title":{"rendered":"Cuatro boas constrictor fueron decomisadas en Napo"},"content":{"rendered":"<p style=\"text-align: justify;\">El Ministerio del Ambiente (MAE), el pasado 30 de junio, en coordinaci\u00f3n con la Unidad de Protecci\u00f3n del Medio Ambiente de la Polic\u00eda Nacional (UPMA), decomis\u00f3 cuatro boas constrictor en un operativo de control de vida silvestre en el Puerto de Misahualli, cant\u00f3n Tena, provincia de Napo. El objetivo de estos operativos es rescatar espec\u00edmenes de vida silvestre que son usados de forma inadecuada, para la exhibici\u00f3n y como mascotas.<\/p>\n<p style=\"text-align: justify;\">El personal t\u00e9cnico del MAE se moviliz\u00f3 inmediatamente al sitio para verificar si los animales se encontraban en la zona. Luego de revisar detenidamente una lancha, hallaron a los animales dentro de bolsos, escondidos y amordazados.<\/p>\n<p style=\"text-align: justify;\">El MAE con el fin de velar por el bienestar de los reptiles, los traslad\u00f3 al centro de rescate Amaz\u00f3nico, ubicado en la parroquia de Ahuano. All\u00ed, fueron examinados por un m\u00e9dico veterinario, quien identific\u00f3 algunos da\u00f1os en la piel y el cuerpo de los espec\u00edmenes, ocasionados por el manipuleo al que estuvieron expuestos. \u00a0Los animales miden entre 1,60 y 2,63 cent\u00edmetros de longitud, con un peso de aproximadamente 5 hasta 15 libras. Dos de los cuatro espec\u00edmenes se encuentran d\u00e9biles y con bajo peso. El estado de salud de los otros tres es regular.<\/p>\n<p style=\"text-align: justify;\">Se espera en este lugar especializado para su cuidado, recobren su salud y m\u00e1s tarde puedan ser reinsertados en su h\u00e1bitat natural. Mientras tanto, estar\u00e1n en observaci\u00f3n.<\/p>\n<p style=\"text-align: justify;\">La Boa<em> <\/em>constrictor<em> <\/em>se encuentra\u00a0 en el ap\u00e9ndice II de la Convenci\u00f3n sobre el Comercio Internacional de Especies Amenazadas de Fauna y Flora Silvestres (CITES), donde se destaca que a pesar de ser una especie que no se encuentran en peligro, puede llegar a estarlo si no se controla su comercio.<\/p>\n<p style=\"text-align: justify;\">Por su parte, la Direcci\u00f3n Provincial de Napo, con el fin de erradicar esta actividad ilegal, emprender\u00e1 una campa\u00f1a a nivel local, mediante la emisi\u00f3n de un spot publicitario para concienciar sobre los derechos que tienen estos espec\u00edmenes a vivir en su h\u00e1bitat natural.<\/p>\n","protected":false},"excerpt":{"rendered":"<p class=\"excerpt\">El Ministerio del Ambiente (MAE), el pasado 30 de junio, en coordinaci\u00f3n con la Unidad de Protecci\u00f3n del Medio Ambiente de la Polic\u00eda Nacional (UPMA), decomis\u00f3 cuatro boas constrictor en un operativo de control de vida silvestre en el Puerto de Misahualli, cant\u00f3n Tena, provincia de Napo. El objetivo de estos operativos es rescatar espec\u00edmenes de vida silvestre que son&hellip; <a href=\"https:\/\/www.ambienteyenergia.gob.ec\/ambiente\/cuatro-boas-constrictor-fueron-decomisadas-en-napo\/\">Read more &rarr;<\/a><\/p>\n","protected":false},"author":13,"featured_media":12891,"comment_status":"open","ping_status":"open","sticky":false,"template":"","format":"standard","meta":{"footnotes":""},"categories":[16,4],"tags":[],"class_list":["post-12890","post","type-post","status-publish","format-standard","has-post-thumbnail","hentry","category-comunicamos","category-noticias","xfolkentry"],"_links":{"self":[{"href":"https:\/\/www.ambienteyenergia.gob.ec\/ambiente\/wp-json\/wp\/v2\/posts\/12890","targetHints":{"allow":["GET"]}}],"collection":[{"href":"https:\/\/www.ambienteyenergia.gob.ec\/ambiente\/wp-json\/wp\/v2\/posts"}],"about":[{"href":"https:\/\/www.ambienteyenergia.gob.ec\/ambiente\/wp-json\/wp\/v2\/types\/post"}],"author":[{"embeddable":true,"href":"https:\/\/www.ambienteyenergia.gob.ec\/ambiente\/wp-json\/wp\/v2\/users\/13"}],"replies":[{"embeddable":true,"href":"https:\/\/www.ambienteyenergia.gob.ec\/ambiente\/wp-json\/wp\/v2\/comments?post=12890"}],"version-history":[{"count":0,"href":"https:\/\/www.ambienteyenergia.gob.ec\/ambiente\/wp-json\/wp\/v2\/posts\/12890\/revisions"}],"wp:featuredmedia":[{"embeddable":true,"href":"https:\/\/www.ambienteyenergia.gob.ec\/ambiente\/wp-json\/wp\/v2\/media\/12891"}],"wp:attachment":[{"href":"https:\/\/www.ambienteyenergia.gob.ec\/ambiente\/wp-json\/wp\/v2\/media?parent=12890"}],"wp:term":[{"taxonomy":"category","embeddable":true,"href":"https:\/\/www.ambienteyenergia.gob.ec\/ambiente\/wp-json\/wp\/v2\/categories?post=12890"},{"taxonomy":"post_tag","embeddable":true,"href":"https:\/\/www.ambienteyenergia.gob.ec\/ambiente\/wp-json\/wp\/v2\/tags?post=12890"}],"curies":[{"name":"wp","href":"https:\/\/api.w.org\/{rel}","templated":true}]}}