{"id":12878,"date":"2013-07-01T16:54:53","date_gmt":"2013-07-01T21:54:53","guid":{"rendered":"http:\/\/www.ambiente.gob.ec\/?p=12878"},"modified":"2013-07-01T16:54:53","modified_gmt":"2013-07-01T21:54:53","slug":"alrededor-de-2-500-estudiantes-participaron-en-jornada-ecologica-en-guayaquil","status":"publish","type":"post","link":"https:\/\/www.ambienteyenergia.gob.ec\/ambiente\/alrededor-de-2-500-estudiantes-participaron-en-jornada-ecologica-en-guayaquil\/","title":{"rendered":"Alrededor de 2 500 estudiantes participaron en jornada ecol\u00f3gica en Guayaquil"},"content":{"rendered":"<p style=\"text-align: justify;\">El Ministerio del Ambiente (MAE), a trav\u00e9s del Proyecto Guayaquil Ecol\u00f3gico Componente Estero Salado, organiz\u00f3 una jornada ecol\u00f3gica, con el objetivo de conmemorar el Mes del Ambiente y difundir las acciones que esta Cartera de Estado realiza para la recuperaci\u00f3n del Estero. El evento se desarroll\u00f3 en la Plaza de M\u00fasica del Malec\u00f3n del Salado, el pasado 28 de junio.<\/p>\n<p style=\"text-align: justify;\">En el acto participaron aproximadamente 2 500 estudiantes de diferentes centros educativos de la ciudad de Guayaquil como el Liceo Naval, 9 de Octubre, r\u00e9plica Sim\u00f3n Bol\u00edvar, Francisco de As\u00eds y Tesoritos de Jes\u00fas, entre otros. Los alumnos prepararon una serie de presentaciones art\u00edsticas, culturales, musicales y teatrales.<\/p>\n<p style=\"text-align: justify;\">Una ellas, estuvo a cargo del grupo de marimba perteneciente a la Isla Trinitaria (zona intervenida), quienes expresaron su talento con una danza que instaba a la ciudadan\u00eda a cuidar el Estero Salado.<\/p>\n<p style=\"text-align: justify;\">Asimismo, en el lugar se colocaron stands informativos, en los cuales los estudiantes expusieron temas alusivos a la protecci\u00f3n y cuidado de los ecosistemas que habitan en el Estero.<\/p>\n<p style=\"text-align: justify;\">Adem\u00e1s, como parte de la Estrategia de Educaci\u00f3n Ambiental y Social implementada por el Proyecto Guayaquil Ecol\u00f3gico, se estren\u00f3 la obra de Teatro \u201cLa Fiesta del Estero\u201d del grupo Ambientarte. El mensaje hace \u00e9nfasis en las acciones ejecutadas para conservar este brazo de mar. Posteriormente, la funci\u00f3n se reproducir\u00e1 en las comunidades vecinas para concienciar a la poblaci\u00f3n de la zona.<\/p>\n<p style=\"text-align: justify;\">Estudiantes y ciudadan\u00eda en general recorrieron el lugar, para conocer e informarse de las actividades que se realizan para un Estero Salado limpio y recuperado.<\/p>\n<p style=\"text-align: justify;\">\u201cEstoy muy contenta de participar en este tipo de jornadas ecol\u00f3gicas, pues me permite saber que est\u00e1n haciendo por cuidar el ambiente y aprender c\u00f3mo podemos conservar el Estero Salado\u201d, afirm\u00f3 Claudia Chica, estudiante de d\u00e9cimo a\u00f1os de educaci\u00f3n b\u00e1sica del colegio La Dolorosa.<\/p>\n<p style=\"text-align: justify;\">La jornada culmin\u00f3 con la proyecci\u00f3n de un video institucional, en el que se divisaba el trabajo en los sectores intervenidos, aleda\u00f1os al Estero Salado.<\/p>\n<p style=\"text-align: justify;\"><a href=\"http:\/\/www.ambienteyenergia.gob.ec\/ambiente\/wp-content\/uploads\/2013\/07\/DSC011841.jpg\"><img loading=\"lazy\" decoding=\"async\" class=\"aligncenter size-full wp-image-12880\" title=\"Alrededor de 2 500 estudiantes participaron en jornada ecol\u00f3gica en Guayaquil \" src=\"http:\/\/www.ambienteyenergia.gob.ec\/ambiente\/wp-content\/uploads\/2013\/07\/DSC011841.jpg\" alt=\"\" width=\"650\" height=\"488\" srcset=\"https:\/\/www.ambienteyenergia.gob.ec\/ambiente\/wp-content\/uploads\/sites\/2\/2013\/07\/DSC011841.jpg 650w, https:\/\/www.ambienteyenergia.gob.ec\/ambiente\/wp-content\/uploads\/sites\/2\/2013\/07\/DSC011841-300x225.jpg 300w, https:\/\/www.ambienteyenergia.gob.ec\/ambiente\/wp-content\/uploads\/sites\/2\/2013\/07\/DSC011841-399x300.jpg 399w\" sizes=\"auto, (max-width: 650px) 100vw, 650px\" \/><\/a><\/p>\n","protected":false},"excerpt":{"rendered":"<p class=\"excerpt\">El Ministerio del Ambiente (MAE), a trav\u00e9s del Proyecto Guayaquil Ecol\u00f3gico Componente Estero Salado, organiz\u00f3 una jornada ecol\u00f3gica, con el objetivo de conmemorar el Mes del Ambiente y difundir las acciones que esta Cartera de Estado realiza para la recuperaci\u00f3n del Estero. El evento se desarroll\u00f3 en la Plaza de M\u00fasica del Malec\u00f3n del Salado, el pasado 28 de junio.&hellip; <a href=\"https:\/\/www.ambienteyenergia.gob.ec\/ambiente\/alrededor-de-2-500-estudiantes-participaron-en-jornada-ecologica-en-guayaquil\/\">Read more &rarr;<\/a><\/p>\n","protected":false},"author":13,"featured_media":12879,"comment_status":"open","ping_status":"open","sticky":false,"template":"","format":"standard","meta":{"footnotes":""},"categories":[16,4],"tags":[],"class_list":["post-12878","post","type-post","status-publish","format-standard","has-post-thumbnail","hentry","category-comunicamos","category-noticias","xfolkentry"],"_links":{"self":[{"href":"https:\/\/www.ambienteyenergia.gob.ec\/ambiente\/wp-json\/wp\/v2\/posts\/12878","targetHints":{"allow":["GET"]}}],"collection":[{"href":"https:\/\/www.ambienteyenergia.gob.ec\/ambiente\/wp-json\/wp\/v2\/posts"}],"about":[{"href":"https:\/\/www.ambienteyenergia.gob.ec\/ambiente\/wp-json\/wp\/v2\/types\/post"}],"author":[{"embeddable":true,"href":"https:\/\/www.ambienteyenergia.gob.ec\/ambiente\/wp-json\/wp\/v2\/users\/13"}],"replies":[{"embeddable":true,"href":"https:\/\/www.ambienteyenergia.gob.ec\/ambiente\/wp-json\/wp\/v2\/comments?post=12878"}],"version-history":[{"count":0,"href":"https:\/\/www.ambienteyenergia.gob.ec\/ambiente\/wp-json\/wp\/v2\/posts\/12878\/revisions"}],"wp:featuredmedia":[{"embeddable":true,"href":"https:\/\/www.ambienteyenergia.gob.ec\/ambiente\/wp-json\/wp\/v2\/media\/12879"}],"wp:attachment":[{"href":"https:\/\/www.ambienteyenergia.gob.ec\/ambiente\/wp-json\/wp\/v2\/media?parent=12878"}],"wp:term":[{"taxonomy":"category","embeddable":true,"href":"https:\/\/www.ambienteyenergia.gob.ec\/ambiente\/wp-json\/wp\/v2\/categories?post=12878"},{"taxonomy":"post_tag","embeddable":true,"href":"https:\/\/www.ambienteyenergia.gob.ec\/ambiente\/wp-json\/wp\/v2\/tags?post=12878"}],"curies":[{"name":"wp","href":"https:\/\/api.w.org\/{rel}","templated":true}]}}