{"id":12860,"date":"2013-07-01T09:51:15","date_gmt":"2013-07-01T14:51:15","guid":{"rendered":"http:\/\/www.ambiente.gob.ec\/?p=12860"},"modified":"2013-07-01T09:51:15","modified_gmt":"2013-07-01T14:51:15","slug":"mae-rescata-especies-de-vida-silvestre-en-manabi","status":"publish","type":"post","link":"https:\/\/www.ambienteyenergia.gob.ec\/ambiente\/mae-rescata-especies-de-vida-silvestre-en-manabi\/","title":{"rendered":"MAE rescata especies de vida silvestre en Manab\u00ed"},"content":{"rendered":"<p style=\"text-align: justify;\">El pasado 17 de junio, funcionarios del Ministerio del Ambiente y agentes de la Unidad de Protecci\u00f3n del Medio Ambiente (UPMA) rescataron a un mono mach\u00edn (<em>Ceb\u00fas albifrons aequatorialis<\/em> ) y a un cusumbo (<em>Potos flavus<\/em> ) de su cautiverio en una vivienda de el cant\u00f3n Flavio Alfaro, provincia de Manab\u00ed.<\/p>\n<p style=\"text-align: justify;\">Tras el decomiso realizado luego de una denuncia telef\u00f3nica, los animales fueron entregados al Centro de Rescate \u201cNuestra Fauna\u201d de la Universidad T\u00e9cnica de Manab\u00ed (UTM), para la respectiva valoraci\u00f3n de su estado de salud por parte de m\u00e9dicos veterinarios.<\/p>\n<p style=\"text-align: justify;\">De acuerdo con versiones de la Bi\u00f3loga Julia Cordero, el cusumbo ten\u00eda un a\u00f1o en cautiverio, mientras que el mono aproximadamente 30 a\u00f1os. Este \u00faltimo fue encontrado\u00a0 sin dientes y, seg\u00fan la evaluaci\u00f3n m\u00e9dica, habr\u00edan sido sustra\u00eddos.<\/p>\n<p style=\"text-align: justify;\">Estos animales, que estaban viviendo en un ambiente no adecuado, en medio de suciedad y descuido, son especies contempladas la\u00a0 Convenci\u00f3n sobre el Comercio Internacional de Especies Amenazadas de Fauna y Flora Silvestres(CITES).<\/p>\n<p style=\"text-align: justify;\">El MAE ejecuta estas acciones como parte control del tr\u00e1fico de animales de vida de vida silvestre.<\/p>\n<p style=\"text-align: justify;\"><a href=\"http:\/\/www.ambienteyenergia.gob.ec\/ambiente\/wp-content\/uploads\/2013\/07\/mono-capuchino-sin-dientes-1.jpg\"><img loading=\"lazy\" decoding=\"async\" class=\"aligncenter size-full wp-image-12862\" title=\"mono-capuchino-sin-dientes-1\" src=\"http:\/\/www.ambienteyenergia.gob.ec\/ambiente\/wp-content\/uploads\/2013\/07\/mono-capuchino-sin-dientes-1.jpg\" alt=\"\" width=\"650\" height=\"488\" srcset=\"https:\/\/www.ambienteyenergia.gob.ec\/ambiente\/wp-content\/uploads\/sites\/2\/2013\/07\/mono-capuchino-sin-dientes-1.jpg 650w, https:\/\/www.ambienteyenergia.gob.ec\/ambiente\/wp-content\/uploads\/sites\/2\/2013\/07\/mono-capuchino-sin-dientes-1-300x225.jpg 300w, https:\/\/www.ambienteyenergia.gob.ec\/ambiente\/wp-content\/uploads\/sites\/2\/2013\/07\/mono-capuchino-sin-dientes-1-399x300.jpg 399w\" sizes=\"auto, (max-width: 650px) 100vw, 650px\" \/><\/a><\/p>\n","protected":false},"excerpt":{"rendered":"<p class=\"excerpt\">El pasado 17 de junio, funcionarios del Ministerio del Ambiente y agentes de la Unidad de Protecci\u00f3n del Medio Ambiente (UPMA) rescataron a un mono mach\u00edn (Ceb\u00fas albifrons aequatorialis ) y a un cusumbo (Potos flavus ) de su cautiverio en una vivienda de el cant\u00f3n Flavio Alfaro, provincia de Manab\u00ed. Tras el decomiso realizado luego de una denuncia telef\u00f3nica,&hellip; <a href=\"https:\/\/www.ambienteyenergia.gob.ec\/ambiente\/mae-rescata-especies-de-vida-silvestre-en-manabi\/\">Read more &rarr;<\/a><\/p>\n","protected":false},"author":13,"featured_media":12861,"comment_status":"open","ping_status":"open","sticky":false,"template":"","format":"standard","meta":{"footnotes":""},"categories":[16,4],"tags":[],"class_list":["post-12860","post","type-post","status-publish","format-standard","has-post-thumbnail","hentry","category-comunicamos","category-noticias","xfolkentry"],"_links":{"self":[{"href":"https:\/\/www.ambienteyenergia.gob.ec\/ambiente\/wp-json\/wp\/v2\/posts\/12860","targetHints":{"allow":["GET"]}}],"collection":[{"href":"https:\/\/www.ambienteyenergia.gob.ec\/ambiente\/wp-json\/wp\/v2\/posts"}],"about":[{"href":"https:\/\/www.ambienteyenergia.gob.ec\/ambiente\/wp-json\/wp\/v2\/types\/post"}],"author":[{"embeddable":true,"href":"https:\/\/www.ambienteyenergia.gob.ec\/ambiente\/wp-json\/wp\/v2\/users\/13"}],"replies":[{"embeddable":true,"href":"https:\/\/www.ambienteyenergia.gob.ec\/ambiente\/wp-json\/wp\/v2\/comments?post=12860"}],"version-history":[{"count":0,"href":"https:\/\/www.ambienteyenergia.gob.ec\/ambiente\/wp-json\/wp\/v2\/posts\/12860\/revisions"}],"wp:featuredmedia":[{"embeddable":true,"href":"https:\/\/www.ambienteyenergia.gob.ec\/ambiente\/wp-json\/wp\/v2\/media\/12861"}],"wp:attachment":[{"href":"https:\/\/www.ambienteyenergia.gob.ec\/ambiente\/wp-json\/wp\/v2\/media?parent=12860"}],"wp:term":[{"taxonomy":"category","embeddable":true,"href":"https:\/\/www.ambienteyenergia.gob.ec\/ambiente\/wp-json\/wp\/v2\/categories?post=12860"},{"taxonomy":"post_tag","embeddable":true,"href":"https:\/\/www.ambienteyenergia.gob.ec\/ambiente\/wp-json\/wp\/v2\/tags?post=12860"}],"curies":[{"name":"wp","href":"https:\/\/api.w.org\/{rel}","templated":true}]}}