{"id":12853,"date":"2013-07-01T09:00:55","date_gmt":"2013-07-01T14:00:55","guid":{"rendered":"http:\/\/www.ambiente.gob.ec\/?p=12853"},"modified":"2013-07-01T09:04:25","modified_gmt":"2013-07-01T14:04:25","slug":"seminario-de-manejo-sostenible-del-suelo-se-realizo-en-chimborazo","status":"publish","type":"post","link":"https:\/\/www.ambienteyenergia.gob.ec\/ambiente\/seminario-de-manejo-sostenible-del-suelo-se-realizo-en-chimborazo\/","title":{"rendered":"Seminario de manejo sostenible del suelo se realiz\u00f3 en Chimborazo"},"content":{"rendered":"<p style=\"text-align: justify;\">El Ministerio del Ambiente, el pasado viernes 28 de junio, a trav\u00e9s de la Direcci\u00f3n Nacional de Adaptaci\u00f3n al Cambio Clim\u00e1tico, imparti\u00f3 el Seminario <strong>\u201cManejo Sostenible del Suelo y Agua y Adaptaci\u00f3n al Cambio Clim\u00e1tico Contexto de Cuencas Hidrogr\u00e1ficas\u201d, <\/strong>a funcionarios del Gobierno Aut\u00f3nomo Descentralizado Municipal de Guano, en la provincia de Chimborazo.<\/p>\n<p style=\"text-align: justify;\">El objetivo fue promover actividades que mejoren las tierras en las zonas \u00e1ridas, semi\u00e1ridas y subh\u00famedas secas con miras a un desarrollo sostenible.<\/p>\n<p style=\"text-align: justify;\">En el taller se expusieron temas referentes a la desertificaci\u00f3n y se analiz\u00f3 la problem\u00e1tica que ocasiona este fen\u00f3meno en el sector. Asimismo, se buscaron soluciones y determinaron acciones conjuntas para mitigar el desgaste de los suelos.<\/p>\n<p style=\"text-align: justify;\">Chimborazo es una de las provincias con mayor \u00edndice de desertificaci\u00f3n en el Ecuador. En ese sentido, el MAE busca realizar acciones coherentes y coordinadas que articulen el saber ancestral y los conocimientos pr\u00e1cticos.<\/p>\n<p style=\"text-align: justify;\"><a href=\"http:\/\/www.ambienteyenergia.gob.ec\/ambiente\/wp-content\/uploads\/2013\/07\/2.jpg\"><img loading=\"lazy\" decoding=\"async\" class=\"aligncenter size-full wp-image-12854\" title=\"Seminario\" src=\"http:\/\/www.ambienteyenergia.gob.ec\/ambiente\/wp-content\/uploads\/2013\/07\/2.jpg\" alt=\"\" width=\"670\" height=\"503\" srcset=\"https:\/\/www.ambienteyenergia.gob.ec\/ambiente\/wp-content\/uploads\/sites\/2\/2013\/07\/2.jpg 670w, https:\/\/www.ambienteyenergia.gob.ec\/ambiente\/wp-content\/uploads\/sites\/2\/2013\/07\/2-300x225.jpg 300w, https:\/\/www.ambienteyenergia.gob.ec\/ambiente\/wp-content\/uploads\/sites\/2\/2013\/07\/2-399x300.jpg 399w\" sizes=\"auto, (max-width: 670px) 100vw, 670px\" \/><\/a><\/p>\n<p style=\"text-align: justify;\">\n","protected":false},"excerpt":{"rendered":"<p class=\"excerpt\">El Ministerio del Ambiente, el pasado viernes 28 de junio, a trav\u00e9s de la Direcci\u00f3n Nacional de Adaptaci\u00f3n al Cambio Clim\u00e1tico, imparti\u00f3 el Seminario \u201cManejo Sostenible del Suelo y Agua y Adaptaci\u00f3n al Cambio Clim\u00e1tico Contexto de Cuencas Hidrogr\u00e1ficas\u201d, a funcionarios del Gobierno Aut\u00f3nomo Descentralizado Municipal de Guano, en la provincia de Chimborazo. El objetivo fue promover actividades que mejoren&hellip; <a href=\"https:\/\/www.ambienteyenergia.gob.ec\/ambiente\/seminario-de-manejo-sostenible-del-suelo-se-realizo-en-chimborazo\/\">Read more &rarr;<\/a><\/p>\n","protected":false},"author":13,"featured_media":12855,"comment_status":"open","ping_status":"open","sticky":false,"template":"","format":"standard","meta":{"footnotes":""},"categories":[16,4],"tags":[],"class_list":["post-12853","post","type-post","status-publish","format-standard","has-post-thumbnail","hentry","category-comunicamos","category-noticias","xfolkentry"],"_links":{"self":[{"href":"https:\/\/www.ambienteyenergia.gob.ec\/ambiente\/wp-json\/wp\/v2\/posts\/12853","targetHints":{"allow":["GET"]}}],"collection":[{"href":"https:\/\/www.ambienteyenergia.gob.ec\/ambiente\/wp-json\/wp\/v2\/posts"}],"about":[{"href":"https:\/\/www.ambienteyenergia.gob.ec\/ambiente\/wp-json\/wp\/v2\/types\/post"}],"author":[{"embeddable":true,"href":"https:\/\/www.ambienteyenergia.gob.ec\/ambiente\/wp-json\/wp\/v2\/users\/13"}],"replies":[{"embeddable":true,"href":"https:\/\/www.ambienteyenergia.gob.ec\/ambiente\/wp-json\/wp\/v2\/comments?post=12853"}],"version-history":[{"count":0,"href":"https:\/\/www.ambienteyenergia.gob.ec\/ambiente\/wp-json\/wp\/v2\/posts\/12853\/revisions"}],"wp:featuredmedia":[{"embeddable":true,"href":"https:\/\/www.ambienteyenergia.gob.ec\/ambiente\/wp-json\/wp\/v2\/media\/12855"}],"wp:attachment":[{"href":"https:\/\/www.ambienteyenergia.gob.ec\/ambiente\/wp-json\/wp\/v2\/media?parent=12853"}],"wp:term":[{"taxonomy":"category","embeddable":true,"href":"https:\/\/www.ambienteyenergia.gob.ec\/ambiente\/wp-json\/wp\/v2\/categories?post=12853"},{"taxonomy":"post_tag","embeddable":true,"href":"https:\/\/www.ambienteyenergia.gob.ec\/ambiente\/wp-json\/wp\/v2\/tags?post=12853"}],"curies":[{"name":"wp","href":"https:\/\/api.w.org\/{rel}","templated":true}]}}